{"id":1002,"date":"2025-02-23T23:59:07","date_gmt":"2025-02-23T23:59:07","guid":{"rendered":"https:\/\/go.ianna.pl\/?p=1002"},"modified":"2025-04-27T14:51:22","modified_gmt":"2025-04-27T14:51:22","slug":"ski-bieszczady-2025","status":"publish","type":"post","link":"https:\/\/go.ianna.pl\/?p=1002","title":{"rendered":"Bieszczadzka Wyrypa  2025"},"content":{"rendered":"<p style=\"text-align: justify;\"><span style=\"font-size: 14px;\"><strong>Bieszczady &#8211; Strzebowiska <\/strong>\u00a0 \u00a0 \u00a0 \u00a0 \u00a0 \u00a0 \u00a0 \u00a020 -23_02_2025\u00a0 \u00a0<a href=\"https:\/\/photos.app.goo.gl\/3ZyqZd5ASHN1kcZf8\" target=\"_blank\" rel=\"noopener\"><img loading=\"lazy\" decoding=\"async\" class=\"wp-image-70 alignright\" src=\"http:\/\/go.ianna.pl\/wp-content\/uploads\/2024\/08\/foto.jpg\" alt=\"\" width=\"50\" height=\"37\" \/><\/a><\/span><\/p>\n<p style=\"text-align: justify;\"><span style=\"font-size: 14px;\">Skitury w zimowych Bieszczadach razem ze <a href=\"https:\/\/skitourschool.pl\/kurs\/bieszczadzka-wyrypa-11\/\" target=\"_blank\" rel=\"noopener\">Skitour School<\/a> \u2013 przewodnicy: Wojciech Szadkowski, Waldemar Czado. Niestety zima w tym roku nawet tam bardzo uboga. Turowanie na po\u0142oninach z braku \u015bniegu niemo\u017cliwe. Przyzwoite warunki tylko w pa\u015bmie granicznym od wysoko\u015bci ok.1000m, narty mo\u017cna by\u0142o przypi\u0105\u0107 od 850-900m. Jako\u015b trzeba sobie by\u0142o radzi\u0107 \u2013 plany zrealizowane, pogoda dopisa\u0142a, humory w grupie te\u017c. By\u0142y nawet zacne zjazdy w lasach bukowych o g\u0119sto\u015bci w sam raz dla ogarni\u0119tych skier\u00f3w. Bieszczady zim\u0105 s\u0105 wyj\u0105tkowe!<\/span><\/p>\n<p style=\"text-align: justify;\"><span style=\"font-size: 14px;\">d#1\u00a0 \u00a0 \u00a0 Wetlina \u2013 Prze\u0142\u0119cz Or\u0142owicza \u2013\u00a0<strong>Smerek<\/strong> \u2013 Wetlina\u00a0 \u00a0 \u00a0 \u00a0 \u00a0<\/span><\/p>\n<p style=\"text-align: justify;\"><span style=\"font-size: 14px;\">Z buta \u2013 bardziej dla rekonesansu, rozgrzewki i widok\u00f3w z Po\u0142oniny Wetli\u0144skiej. S\u0142o\u0144ce przys\u0142aniane przez p\u0119dz\u0105ce chmury nie sk\u0105pi\u0142o r\u00f3\u017cnych odcieni i intensywno\u015bci \u015bwiat\u0142a przez co krajobrazy z Po\u0142oniny zmienia\u0142y si\u0119 co chwila. Dobry pocz\u0105tek bieszczadzkiego turowania.<\/span><\/p>\n<p><img loading=\"lazy\" decoding=\"async\" class=\"alignnone size-medium\" src=\"https:\/\/lh3.googleusercontent.com\/pw\/AP1GczMlTiCRGhGmFc8t4PoMbaAcJ0uJCYiZP5PGIZlkRa7W8MzcfGNmYoPTJCM89_TF1d43rl-Erdunhh6Xu7jswCtdz09t-mzU1Btn5DkwahZF4OoD5Uhrsd0hzYVaEk2L0s0Hdzo1JPUW4N2ng6WFFxI-=w1000-h750-s-no-gm?authuser=0\" width=\"1000\" height=\"750\" \/><\/p>\n<p><img loading=\"lazy\" decoding=\"async\" class=\"alignnone size-medium\" src=\"https:\/\/lh3.googleusercontent.com\/pw\/AP1GczOFnb30vEDs-7yBV1sn5z_vBRNhsP2kVEd8mc-SHhZrYyMykrAacVid23MdSL8x65dq9hR4_qVTlyk_uKGMIYVU70tCIXZXFAl9tjiQotGiFUqVZIjSGOBEQL_a8I_03lreCYXr_rbPWc2DHWHlpuXC=w1000-h750-s-no-gm?authuser=0\" width=\"1000\" height=\"750\" \/><\/p>\n<p style=\"text-align: justify;\"><span style=\"font-size: 14px;\">d#2\u00a0 \u00a0 \u00a0 Strzebowiska \u2013\u00a0<strong>Jas\u0142o<\/strong> \u2013 Okr\u0105glik \u2013 P\u0142asza \u2013 \u201eWietnam\u201d\u00a0 \u00a0 \u00a0 \u00a0\u00a0<\/span><\/p>\n<p style=\"text-align: justify;\"><span style=\"font-size: 14px;\">Wycieczka z Go\u015bci\u0144ca Horb w Strzebowiskach na pasmo graniczne. Obawy o brak \u015bniegu rozwiane na wysoko\u015bci 950m. Na Ja\u015ble ju\u017c pe\u0142nowymiarowa zima z przeszywaj\u0105cym wiatrem w bonusie. Z P\u0142aszy po kilku skr\u0119tach trzeba by\u0142o zdj\u0105\u0107 narty i z buta uda\u0107 si\u0119 do doliny Smereka do miejsca zwanego &#8222;Wietnam&#8221;. Podobno w latach 60-tych przy intensywnej zrywce drewna i rozje\u017cd\u017ceniu gruntowej drogi przez ci\u0119\u017cki sprz\u0119t teren wygl\u0105da\u0142 jak po dzia\u0142aniach wojennych. Obecnie droga umo\u017cliwia wygodny dojazd busa do du\u017cej wiaty BPN.\u00a0<\/span><\/p>\n<p><img loading=\"lazy\" decoding=\"async\" class=\"alignnone size-medium\" src=\"https:\/\/lh3.googleusercontent.com\/pw\/AP1GczPIh1GbdzLTPhkM8YGU2aWWRm6Evs6oSXCSsY05BKGJIfzAikwTcVp25WdK3KyDWDXM02ALn32s3lDTshiiWwxLo2X5YSYvAFeKFgnivmqROTZZC2-eTlyNcod-aItrpxwJ_7i3y76k2jkuNqeJWzS7=w1000-h710-s-no-gm?authuser=1\" width=\"1000\" height=\"710\" \/><\/p>\n<p><img loading=\"lazy\" decoding=\"async\" class=\"alignnone size-medium\" src=\"https:\/\/lh3.googleusercontent.com\/pw\/AP1GczNnlLTW-1wE3pUpYz9wrFV46bLU91Koeudn1RdGpUGrZ7aanxyB48JVI7OFrFwcYyqZH9zQ6gGqxWYappiCtqkRvpjXp16NsOKXdB8JT-D-bXsmHPsd7jJ3Qf7g-IHQ_PaRH1FGc00_beRec_6lvDrO=w685-h913-s-no-gm?authuser=1\" width=\"685\" height=\"913\" \/><\/p>\n<p><span style=\"font-size: 14px;\">d#3\u00a0 \u00a0 \u00a0 \u201eWietnam\u201d \u2013 P\u0142asza \u2013 Dziurkowiec \u2013\u00a0<strong>Rabia Ska\u0142a<\/strong> \u2013 Paportna \u2013 \u201eWietnam\u201d\u00a0 \u00a0 \u00a0<\/span><\/p>\n<p style=\"text-align: justify;\"><span style=\"font-size: 14px;\">Rabia Ska\u0142a to jeden ze szczyt\u00f3w Korony Bieszczad. Od szczytu do niedalekiej platformy widokowej polana ods\u0142aniaj\u0105ca widoki na s\u0142owack\u0105 stron\u0119.<\/span><\/p>\n<p><img loading=\"lazy\" decoding=\"async\" class=\"alignnone size-medium\" src=\"https:\/\/lh3.googleusercontent.com\/pw\/AP1GczPgV_b6mwJDk4dOx6CHfWenP2_jw0vlnpElQnJqk1JOjWVkoDdQqczFNOTAGNkPjqR407pIXTxeWJBA_og9DmpreiW48vlEHbMc4TG0vwZGekd1c7PO6rE4Z98ms1j7hzXm1Qya-JiH9S84qHGAHSc-=w1000-h750-s-no-gm?authuser=1\" width=\"1000\" height=\"750\" \/><\/p>\n<p><img loading=\"lazy\" decoding=\"async\" class=\"alignnone size-medium\" src=\"https:\/\/lh3.googleusercontent.com\/pw\/AP1GczPqVmw11ZqepXPMMovBDTOYG120KKRJ_xkUfTmNnByQnr5TtoudLMb2OiGSfd2_PEWWfhcuc4A540WwpHe0B5IFnsFE1tRuYji7jC3SxLBbSHAXtATZ87v2JHP1goI3w3RRhIbV99o5QJz1g7BFge13=w1000-h750-s-no-gm?authuser=1\" width=\"1000\" height=\"750\" \/><\/p>\n<p style=\"text-align: justify;\"><span style=\"font-size: 14px;\">d#4\u00a0 \u00a0 \u00a0 Prze\u0142. Wy\u017cna \u2013 Dzia\u0142 \u2013 Ma\u0142a Rawka \u2013\u00a0<strong>Wielka Rawka<\/strong> \u2013 Prze\u0142. Wy\u017cnia\u0144ska\u00a0<\/span><\/p>\n<p style=\"text-align: justify;\"><span style=\"font-size: 14px;\">Klasyk w\u0119dr\u00f3wek bieszczadzkich. Brak\u0142o czasu na przed\u0142u\u017cenie wycieczki na tr\u00f3jstyk granic: Krzemieniec (Kremenaros). Za to nale\u015bniki z jagodami w schronisku smakowa\u0142y wybornie!\u00a0 \u00a0<\/span><\/p>\n<p><img loading=\"lazy\" decoding=\"async\" class=\"alignnone size-medium\" src=\"https:\/\/lh3.googleusercontent.com\/pw\/AP1GczPggw0SLv-hAri-Jt1pjAsBeMv2y6Bvkd5OiXg1ZfbyFAbLPuIdnINm70PCMwoIS0laMk5iEDO0d03VOaNDbpWtpzHKhlnGtT1xr2thrXlMv61zsiN9vDZT2BGsEUlWfyIcehZu22WMF2NAABBZDZRW=w1000-h750-s-no-gm?authuser=1\" width=\"1000\" height=\"750\" \/><\/p>\n<p>&nbsp;<\/p>\n<p><img loading=\"lazy\" decoding=\"async\" class=\"alignnone size-medium\" src=\"https:\/\/lh3.googleusercontent.com\/pw\/AP1GczMtHlw03E9olsVzqoGHl260zRqMo_dHB2Qy83q7Nf6CmJbUe3Xjq11fUtKuQmNRrWBXoA-zu_0D4onPEqRFznLtkkLRRM9v2CZo8H0LpTUxpblc1sOlOWfohnT_BaygmaOc3N8SGu1wbpKP7Xt_uRnO=w1000-h750-s-no-gm?authuser=1\" width=\"1000\" height=\"750\" \/><\/p>\n<p><img loading=\"lazy\" decoding=\"async\" class=\"alignnone size-medium\" src=\"https:\/\/lh3.googleusercontent.com\/pw\/AP1GczOd2WJ59JiLK1QJPpTf-gmRua-kTJ8eoHXyP4XhkQzp3deax4UcdqnW2o0LO-nWFA66pMlMYSQ05ou9_01BBvwdj-0U9t59hnGT8jeyc3iqGHX5ElODyqV6A-6Er4Z7BQPWfMfGMMmRXighNxzNY9go=w1171-h777-s-no-gm?authuser=0\" width=\"1171\" height=\"777\" \/><\/p>\n<p><span style=\"font-size: 14px;\">Fotoczad Waldemara Czado.<\/span>\u00a0 \u00a0 \u00a0<span style=\"font-size: 12px;\"><em> Link ze zdj\u0119cia poni\u017cej<\/em><\/span><\/p>\n<p><a href=\"https:\/\/photos.app.goo.gl\/hKHpNM9Ys5eNJRCQ8\" target=\"_blank\" rel=\"noopener\"><img loading=\"lazy\" decoding=\"async\" class=\"alignnone wp-image-1028 size-full\" src=\"http:\/\/go.ianna.pl\/wp-content\/uploads\/2025\/02\/czado.jpg\" alt=\"\" width=\"1095\" height=\"730\" srcset=\"https:\/\/go.ianna.pl\/wp-content\/uploads\/2025\/02\/czado.jpg 1095w, https:\/\/go.ianna.pl\/wp-content\/uploads\/2025\/02\/czado-300x200.jpg 300w, https:\/\/go.ianna.pl\/wp-content\/uploads\/2025\/02\/czado-1024x683.jpg 1024w, https:\/\/go.ianna.pl\/wp-content\/uploads\/2025\/02\/czado-768x512.jpg 768w\" sizes=\"auto, (max-width: 1095px) 100vw, 1095px\" \/><\/a><\/p>\n<p><span style=\"font-size: 14px;\">Autopromocja\u00a0<\/span><\/p>\n<p><a href=\"https:\/\/photos.app.goo.gl\/ejEYFUYYL9ssK32DA\" target=\"_blank\" rel=\"noopener\"><img loading=\"lazy\" decoding=\"async\" class=\"alignnone \" src=\"https:\/\/lh3.googleusercontent.com\/pw\/AP1GczNhDzckyFAfJoZq2B086AOS95VVUWZ5SsmNwiUVZGV0I-ZrHtJq1vldLfoWgQPnFWWhMmuxWFWFnAui-WsEJcIPrg0M7zJNGO_VEy-mv7V_07O69t3AYgNmwpaDgyr5GNY0PF1Ph7Saz3JERnwBg-3xfQ=w585-h878-s-no-gm?authuser=0\" width=\"227\" height=\"341\" \/><img loading=\"lazy\" decoding=\"async\" class=\"alignnone \" src=\"https:\/\/lh3.googleusercontent.com\/pw\/AP1GczOvrh8Ku_5bjAmbIUBvsmdSqY786YpC10_UnTpNrfhyEM0h1qOTuwRaLzCvK1KlswT2ljh1puKAuhxa0L8W32-HP7WFJSf2ZlFfuYeWnxSkTtJqNoXZ0ZTEoxJpl-9-OXNtD4hwCB46XGtRN0juiCdnIA=w1369-h913-s-no-gm?authuser=0\" width=\"511\" height=\"341\" \/><\/a><\/p>\n","protected":false},"excerpt":{"rendered":"<p>Bieszczady &#8211; Strzebowiska \u00a0 \u00a0 \u00a0 \u00a0 \u00a0 \u00a0 \u00a0 \u00a020 -23_02_2025\u00a0 \u00a0 Skitury w zimowych Bieszczadach razem ze Skitour School \u2013 przewodnicy: Wojciech Szadkowski, Waldemar Czado. Niestety zima w tym roku nawet tam bardzo uboga. Turowanie na po\u0142oninach z braku \u015bniegu niemo\u017cliwe. Przyzwoite warunki tylko w pa\u015bmie granicznym od wysoko\u015bci ok.1000m, narty mo\u017cna by\u0142o przypi\u0105\u0107 od 850-900m. Jako\u015b trzeba sobie by\u0142o radzi\u0107 \u2013 plany [&hellip;]<\/p>\n","protected":false},"author":1,"featured_media":121,"comment_status":"closed","ping_status":"closed","sticky":false,"template":"","format":"standard","meta":{"footnotes":""},"categories":[18],"tags":[15],"class_list":["post-1002","post","type-post","status-publish","format-standard","has-post-thumbnail","hentry","category-narty","tag-bi"],"_links":{"self":[{"href":"https:\/\/go.ianna.pl\/index.php?rest_route=\/wp\/v2\/posts\/1002","targetHints":{"allow":["GET"]}}],"collection":[{"href":"https:\/\/go.ianna.pl\/index.php?rest_route=\/wp\/v2\/posts"}],"about":[{"href":"https:\/\/go.ianna.pl\/index.php?rest_route=\/wp\/v2\/types\/post"}],"author":[{"embeddable":true,"href":"https:\/\/go.ianna.pl\/index.php?rest_route=\/wp\/v2\/users\/1"}],"replies":[{"embeddable":true,"href":"https:\/\/go.ianna.pl\/index.php?rest_route=%2Fwp%2Fv2%2Fcomments&post=1002"}],"version-history":[{"count":18,"href":"https:\/\/go.ianna.pl\/index.php?rest_route=\/wp\/v2\/posts\/1002\/revisions"}],"predecessor-version":[{"id":1356,"href":"https:\/\/go.ianna.pl\/index.php?rest_route=\/wp\/v2\/posts\/1002\/revisions\/1356"}],"wp:featuredmedia":[{"embeddable":true,"href":"https:\/\/go.ianna.pl\/index.php?rest_route=\/wp\/v2\/media\/121"}],"wp:attachment":[{"href":"https:\/\/go.ianna.pl\/index.php?rest_route=%2Fwp%2Fv2%2Fmedia&parent=1002"}],"wp:term":[{"taxonomy":"category","embeddable":true,"href":"https:\/\/go.ianna.pl\/index.php?rest_route=%2Fwp%2Fv2%2Fcategories&post=1002"},{"taxonomy":"post_tag","embeddable":true,"href":"https:\/\/go.ianna.pl\/index.php?rest_route=%2Fwp%2Fv2%2Ftags&post=1002"}],"curies":[{"name":"wp","href":"https:\/\/api.w.org\/{rel}","templated":true}]}}