{"id":1101,"date":"2023-01-23T20:59:29","date_gmt":"2023-01-23T20:59:29","guid":{"rendered":"https:\/\/go.ianna.pl\/?p=1101"},"modified":"2025-04-09T06:33:30","modified_gmt":"2025-04-09T06:33:30","slug":"ski-turbacz-2023","status":"publish","type":"post","link":"https:\/\/go.ianna.pl\/?p=1101","title":{"rendered":"Ski &#8211; Turbacz\u00a0 2023"},"content":{"rendered":"<p style=\"text-align: justify;\"><span style=\"font-size: 14px;\"><strong>T<a href=\"https:\/\/photos.app.goo.gl\/6Pc7EPSTUqtT9XU48\" target=\"_blank\" rel=\"noopener\"><img loading=\"lazy\" decoding=\"async\" class=\"wp-image-70 alignright\" src=\"http:\/\/go.ianna.pl\/wp-content\/uploads\/2024\/08\/foto.jpg\" alt=\"\" width=\"50\" height=\"37\" \/><\/a>urbacz<\/strong>\u00a0 \u00a020-23_01_2023. Cztery dni turowania w Gorcach. Bajkowa zima, klimat schroniska i dobre emocje na trasach!<br \/>\n<\/span><\/p>\n<p><span style=\"font-size: 14px;\">d#1\u00a0 \u00a0 Klikuszowa &#8211; \u0141apsowa Polana &#8211; Turbacz<\/span><\/p>\n<p><span style=\"font-size: 14px;\"><img loading=\"lazy\" decoding=\"async\" class=\"alignnone\" src=\"https:\/\/lh3.googleusercontent.com\/pw\/AP1GczPjHdRnn7QZLneaoNDM-4HfY6dwbrpr2OT5oT0WRBeRqqaKhYolIDQbBg_iaKikcTXTfu1DtaMFdKSvm7JMLc6e2G-XvnKEkpvpzxpDxDc3USP-rmM9stQqACx_cI4RFatgtL6MhFa0OdcxEbh4JY4H1Q=w1280-h890-s-no-gm?authuser=0\" width=\"388\" height=\"270\" \/><img loading=\"lazy\" decoding=\"async\" class=\"alignnone\" src=\"https:\/\/lh3.googleusercontent.com\/pw\/AP1GczOTbe60GOXQaQrhvVf2VAvwuf2I2AZ_1_jPfCs_FlvrUhvTdAkabXWFpDP4y9eM5P0RtOQ9lYWEVkKgcRtTun-8emAXyWCavpgdXqj49OYaLi9js-Z1olkGxBakdwBxBTrUdk6GY4kOBx9Q8DZbmMZHKw=w1187-h890-s-no-gm?authuser=0\" width=\"359\" height=\"269\" \/><\/span><\/p>\n<p><span style=\"font-size: 14px;\">d#2\u00a0 \u00a0 Rdzawka &#8211; Stare Wierchy &#8211; Turbacz<\/span><\/p>\n<p><span style=\"font-size: 14px;\"><img loading=\"lazy\" decoding=\"async\" class=\"alignnone\" src=\"https:\/\/lh3.googleusercontent.com\/pw\/AP1GczMCuDha2BzoKXoo8MMJKTY3ghHOYu0M_btd-PbotIXbaVz_az3PnQ3oUMLNJ9kxaYamsBKhFIXpr2YoUclhw_4S8vu8EW3kZ3llAKKtxErIyPr6bC7gJmA4MZly8JpriZ1IEGq2QwFrA2pE-beIS-gQcg=w1187-h890-s-no-gm?authuser=0\" width=\"377\" height=\"283\" \/><img loading=\"lazy\" decoding=\"async\" class=\"alignnone\" src=\"https:\/\/lh3.googleusercontent.com\/pw\/AP1GczM1KyDtQ21wphm7dcOB0vAK7mvkA3h4MiXgMOSA4tyPmhB_OdyTXiiBJLkOsi2hQUVnhxS_oa3kM6eBLjCHLNLbbK3khVoA9zZ8gYAGH4D8iHp_PeyqManQLxjxwE7OVemR2o4yEk6AIyU59UyX_aH8NA=w1187-h890-s-no-gm?authuser=0\" width=\"378\" height=\"284\" \/><\/span><\/p>\n<p><span style=\"font-size: 14px;\">d#3\u00a0 \u00a0 Turbacz &#8211; Jaworzyna Kamieniecka &#8211; Turbacz<\/span><\/p>\n<p><span style=\"font-size: 14px;\"><img loading=\"lazy\" decoding=\"async\" class=\"alignnone\" src=\"https:\/\/lh3.googleusercontent.com\/pw\/AP1GczNMbH0v8Ji2Ovy9rTDT_tof86FaFApopLxwqCgPrEiaCsB6JyW8gThlJcIoXBe_JqWOY4V-HJEkaGBHJkR85qbZDtg1Zvz1pbubGFIv3jFlHHyWR07nVf1NDTzJ0_1ZoNtV1V9QAP8CBcr4Q3sXK-I0SQ=w1187-h890-s-no-gm?authuser=0\" width=\"325\" height=\"244\" \/><img loading=\"lazy\" decoding=\"async\" class=\"alignnone\" src=\"https:\/\/lh3.googleusercontent.com\/pw\/AP1GczMjeubhX31jSWIykBJEtm1-6VwOpbzh6KPMV6TbZV5yARMkkIN2vYG3j2NPyw-6uS-npXoENvoM9pyfg1tvz9bNqlO7ojhdwtXKZ5xIWjD-XuOYLyPi7OFH_1BW4k1Z-XbuR0qZHc1X4XxqBU7cS0IsfQ=w1566-h890-s-no-gm?authuser=0\" width=\"426\" height=\"242\" \/><\/span><\/p>\n<p><span style=\"font-size: 14px;\">d#4\u00a0 \u00a0 Turbacz &#8211; Prze\u0142\u0119cz Borek\u00a0 &#8211; Turbacz &#8211; Trasa Olimpijczyk\u00f3w &#8211; Turbacz<\/span><\/p>\n<p><img loading=\"lazy\" decoding=\"async\" class=\"alignnone\" style=\"height: 220px;\" src=\"https:\/\/lh3.googleusercontent.com\/pw\/AP1GczO5Qy1IOSLOQpoOrWQdaZ2on8xzK5yQBSn-yC_v30qGgkL1TD_N2yuD1sHevJArlvImvdgtFUXL4Z7YzDXErRvTdUg3TyxlgEPZi3zjlsS844IxzIs9Rpcm-4Qqq1QBlVqJB7sndLQGJ9cfSsIKc5xNvg=w668-h890-s-no-gm?authuser=0\" width=\"165\" height=\"192\" \/><img loading=\"lazy\" decoding=\"async\" class=\"alignnone\" style=\"font-size: 14px;\" src=\"https:\/\/lh3.googleusercontent.com\/pw\/AP1GczOhVn0_1rY1I8TeMLxB2bJ6ZmgjWW1oTVzDxLbQoIu4yM02xvEAHiKWcLEbIQmgxTztdm2QmDyobLjTyq3nTEjQfd_K-YnEoY4u6rjlcuSDpxKPQX7gx1PoU3oZi6io8rRW4bLh6ew8xUGCAyR1tMm6og=w1187-h890-s-no-gm?authuser=0\" width=\"291\" height=\"218\" \/><img loading=\"lazy\" decoding=\"async\" class=\"alignnone\" src=\"https:\/\/lh3.googleusercontent.com\/pw\/AP1GczPFQhh1j-CKV5MsDs6rORdXTIbeK7BKCVrbxTANKhungRYfHWt5xwxNGNF6xXEYDV9qNNdDJUuZW6obRPsAuNUwR5HsmHIZHuY8gZabgQpA_aupWPZvcayHlmT3ipQR-oKfjUhJWnyPWkT9J5IQiIG-zA=w1187-h890-s-no-gm?authuser=0\" width=\"288\" height=\"216\" \/><\/p>\n<p><span style=\"font-size: 14px;\">Od pami\u0119tnej wyprawy w lutym 2019 w Bieszczady (Rajd BdPN), najlepsza wielodniowa wycieczka narciarska.\u00a0<\/span><\/p>\n<p><span style=\"font-size: 14px;\"><img loading=\"lazy\" decoding=\"async\" class=\"alignnone size-medium\" src=\"https:\/\/lh3.googleusercontent.com\/pw\/AP1GczPZgFWpTxV6qbnMe1YxL6henJxlgV9oiBijlKh9cdwIO2TLtFqLih-XuS2Nz9tYa2I3siQ2zrd1mnnZMwJMWrZ6j8cJNvrfTdG18er4us7anH_sFo7P4xni-hMTO9w7TVJXNH_tJaNZodKHnNcQEr53pw=w1657-h725-s-no-gm?authuser=0\" width=\"1657\" height=\"725\" \/><\/span><\/p>\n<p><span style=\"font-size: 14px;\">Trzeba tu wr\u00f3ci\u0107! Kolejna ulubiona miejsc\u00f3wka.\u00a0<\/span><\/p>\n<p><img loading=\"lazy\" decoding=\"async\" class=\"alignnone size-medium\" src=\"https:\/\/lh3.googleusercontent.com\/pw\/AP1GczOCf1GN6aDxkxjDVMd7qZZhXDJjkI_iN-dXEQZTuQZCfb2AcAew3qURgPzUC6iuRiatDdytSzNxtQkkyUAbgG0GAcWyWFT4JEIQKurmmFQdcxdAEphnUf8voVWjzhsVW8LmeFRb5wBbtgnroC-86lEjQw=w1724-h867-s-no-gm?authuser=0\" width=\"1724\" height=\"867\" \/><\/p>\n","protected":false},"excerpt":{"rendered":"<p>Turbacz\u00a0 \u00a020-23_01_2023. Cztery dni turowania w Gorcach. Bajkowa zima, klimat schroniska i dobre emocje na trasach! d#1\u00a0 \u00a0 Klikuszowa &#8211; \u0141apsowa Polana &#8211; Turbacz d#2\u00a0 \u00a0 Rdzawka &#8211; Stare Wierchy &#8211; Turbacz d#3\u00a0 \u00a0 Turbacz &#8211; Jaworzyna Kamieniecka &#8211; Turbacz d#4\u00a0 \u00a0 Turbacz &#8211; Prze\u0142\u0119cz Borek\u00a0 &#8211; Turbacz &#8211; Trasa Olimpijczyk\u00f3w &#8211; Turbacz Od pami\u0119tnej wyprawy w lutym 2019 w Bieszczady (Rajd BdPN), najlepsza wielodniowa [&hellip;]<\/p>\n","protected":false},"author":1,"featured_media":121,"comment_status":"closed","ping_status":"closed","sticky":false,"template":"","format":"standard","meta":{"footnotes":""},"categories":[18],"tags":[16],"class_list":["post-1101","post","type-post","status-publish","format-standard","has-post-thumbnail","hentry","category-narty","tag-go"],"_links":{"self":[{"href":"https:\/\/go.ianna.pl\/index.php?rest_route=\/wp\/v2\/posts\/1101","targetHints":{"allow":["GET"]}}],"collection":[{"href":"https:\/\/go.ianna.pl\/index.php?rest_route=\/wp\/v2\/posts"}],"about":[{"href":"https:\/\/go.ianna.pl\/index.php?rest_route=\/wp\/v2\/types\/post"}],"author":[{"embeddable":true,"href":"https:\/\/go.ianna.pl\/index.php?rest_route=\/wp\/v2\/users\/1"}],"replies":[{"embeddable":true,"href":"https:\/\/go.ianna.pl\/index.php?rest_route=%2Fwp%2Fv2%2Fcomments&post=1101"}],"version-history":[{"count":9,"href":"https:\/\/go.ianna.pl\/index.php?rest_route=\/wp\/v2\/posts\/1101\/revisions"}],"predecessor-version":[{"id":1223,"href":"https:\/\/go.ianna.pl\/index.php?rest_route=\/wp\/v2\/posts\/1101\/revisions\/1223"}],"wp:featuredmedia":[{"embeddable":true,"href":"https:\/\/go.ianna.pl\/index.php?rest_route=\/wp\/v2\/media\/121"}],"wp:attachment":[{"href":"https:\/\/go.ianna.pl\/index.php?rest_route=%2Fwp%2Fv2%2Fmedia&parent=1101"}],"wp:term":[{"taxonomy":"category","embeddable":true,"href":"https:\/\/go.ianna.pl\/index.php?rest_route=%2Fwp%2Fv2%2Fcategories&post=1101"},{"taxonomy":"post_tag","embeddable":true,"href":"https:\/\/go.ianna.pl\/index.php?rest_route=%2Fwp%2Fv2%2Ftags&post=1101"}],"curies":[{"name":"wp","href":"https:\/\/api.w.org\/{rel}","templated":true}]}}