{"id":1122,"date":"2026-01-07T22:46:54","date_gmt":"2026-01-07T22:46:54","guid":{"rendered":"https:\/\/go.ianna.pl\/?p=1122"},"modified":"2026-04-19T04:41:24","modified_gmt":"2026-04-19T04:41:24","slug":"babia-gora-pilsko","status":"publish","type":"post","link":"https:\/\/go.ianna.pl\/?p=1122","title":{"rendered":"Babia G\u00f3ra, Pilsko, Turbacz"},"content":{"rendered":"<p style=\"text-align: justify;\"><span style=\"font-size: 14px;\"><em><strong>Beskid Wysoki<\/strong> &#8211; nieprecyzyjne okre\u015blenie najwy\u017cszych partii Beskid\u00f3w Zachodnich skupionych g\u0142ownie w pa\u015bmie granicznym Beskidu \u017bywieckiego. Pojawia si\u0119 w niekt\u00f3rych publikacjach a sama AI gubi si\u0119 z definicj\u0105. Okre\u015blenie dzi\u015b raczej historyczne. Na potrzeby blogu b\u0119dzie to Babia G\u00f3ra, Pilsko i Turbacz w zimowej eksploracji. Ja po prostu lubi\u0119 te miejsc\u00f3wki.<\/em><\/span><\/p>\n<p>&nbsp;<\/p>\n<hr \/>\n<table class=\"has-fixed-layout\" style=\"height: 106px; margin-left: 40px;\" width=\"793\">\n<tbody style=\"padding-left: 40px;\">\n<tr style=\"padding-left: 40px;\">\n<td><span style=\"font-size: 14px;\"><strong>2026\u00a0 \u00a0 \u00a0 \u00a0 \u00a0 \u00a0\u00a0<\/strong><\/span><\/td>\n<td style=\"text-align: right;\">\n<p style=\"text-align: justify;\"><span style=\"font-size: 14px;\">Niestety Babia w tym sezonie skiturowo niedost\u0119pna (podobnie jak w zesz\u0142ym). Szkoda, gdyby si\u0119 okaza\u0142o, \u017ce wyj\u015bcie w styczniu &#8217;24 by\u0142o na d\u0142ugo jedynym.<\/span><\/p>\n<\/td>\n<\/tr>\n<\/tbody>\n<\/table>\n<p><span style=\"font-size: 14px;\"><strong>Pilsko<\/strong> 7.01.\u00a0 \u00a0I co ja robi\u0119 tu?<\/span><\/p>\n<p><a href=\"https:\/\/lh3.googleusercontent.com\/pw\/AP1GczO12GdgIXbPqFfonSchaDZCYyIoQw2tduFPP4WXCqtGeSbFzxoAmLmyPEgoMy5YgzPJYffhdM14jJVwBc2K84aEr3gizOIcc3rqDDo3Sitbs3y_Mt-4r4s7WGXhLwfSWjRrrWjjQ-G-xQmGkRaJmu2g3A=w1024-h731-s-no-gm?authuser=0\" target=\"_blank\" rel=\"noopener\"><img loading=\"lazy\" decoding=\"async\" class=\" alignright\" src=\"https:\/\/lh3.googleusercontent.com\/pw\/AP1GczO12GdgIXbPqFfonSchaDZCYyIoQw2tduFPP4WXCqtGeSbFzxoAmLmyPEgoMy5YgzPJYffhdM14jJVwBc2K84aEr3gizOIcc3rqDDo3Sitbs3y_Mt-4r4s7WGXhLwfSWjRrrWjjQ-G-xQmGkRaJmu2g3A=w1024-h731-s-no-gm?authuser=0\" width=\"500\" height=\"357\" \/><\/a><a href=\"https:\/\/go.ianna.pl\/?p=2329\" target=\"_blank\" rel=\"noopener\"><img loading=\"lazy\" decoding=\"async\" class=\"alignleft\" src=\"https:\/\/lh3.googleusercontent.com\/pw\/AP1GczNS83As8XW0_PtBrx4skCJzyDMnlRuFhLdULo8Lr-WXNHKp3NFdfFFu9qL3yTPPnqwKyW6AqPvgDKeeV0A9CafzC2UKj2p1ST37sTPmw-zSRXeFzmRfTr3YMVz7Q49zArlr2pQhJ_w8XlO4rx0b_uis3g=w1024-h700-s-no-gm?authuser=1\" width=\"260\" height=\"177\" \/><\/a><\/p>\n<p>&nbsp;<\/p>\n<p><img loading=\"lazy\" decoding=\"async\" class=\"alignright\" src=\"https:\/\/lh3.googleusercontent.com\/pw\/AP1GczOVNMYSq1q_2ezD6ebve4lbWEv7yu0hpz8iChrwOaT00jwamA3_wWYlKuG2lt5GCSHPTqN2qdkzILx_gM0R9BUHqR4QeSd7em3CLiddGVGqL-gAFoPM3kXMKykUnLqYI_CN4GpNhhPLxjN11hPAVVYgAw=w1024-h768-s-no-gm?authuser=1\" width=\"600\" height=\"450\" \/><\/p>\n<p>&nbsp;<\/p>\n<p>&nbsp;<\/p>\n<p>&nbsp;<\/p>\n<p>&nbsp;<\/p>\n<p>&nbsp;<\/p>\n<p>&nbsp;<\/p>\n<p>&nbsp;<\/p>\n<p><strong style=\"font-size: 14px;\">Turbacz<\/strong><span style=\"font-size: 14px;\"> 24-27.02.\u00a0 Kolejna zimowa bajka.\u00a0<\/span><\/p>\n<p>&nbsp;<\/p>\n<p>&nbsp;<\/p>\n<p>&nbsp;<\/p>\n<p><img loading=\"lazy\" decoding=\"async\" class=\"alignleft\" src=\"https:\/\/lh3.googleusercontent.com\/pw\/AP1GczPESgnI199znbJflTjsHZOkQEUHfdH6wea-Nb9IfMl9d-y12ad-e0dlLPI9_mK96ZPqz8vf2aderh-MYu4j4hcsBO6pKRDSK5smwDbgZ6BbN2fvF9zMPEg8W8IP7_lq_5DWMrku3iAOOjTBcBoReuURrw=w685-h913-s-no-gm?authuser=1\" width=\"170\" height=\"227\" \/><\/p>\n<p>&nbsp;<\/p>\n<p>&nbsp;<\/p>\n<p>&nbsp;<\/p>\n<p>&nbsp;<\/p>\n<p>&nbsp;<\/p>\n<p>&nbsp;<\/p>\n<p>&nbsp;<\/p>\n<p>&nbsp;<\/p>\n<p>&nbsp;<\/p>\n<p>&nbsp;<\/p>\n<hr \/>\n<p style=\"text-align: justify; padding-left: 40px;\"><span style=\"font-size: 14px;\"><strong>Babia G\u00f3ra<\/strong> <\/span><\/p>\n<p style=\"text-align: justify;\"><span style=\"font-size: 14px;\">29.01.2024 szlakiem udost\u0119pnionym przez BgPN. Po d\u0142ugim zastanawianiu si\u0119 dyrekcja parku zezwoli\u0142a na turowanie star\u0105 nartostrad\u0105 z Krowiarek na szczyt (pod warunkiem, \u017ce jest wystarczaj\u0105ca pokrywa \u015bnie\u017cna i g\u0142uszce jeszcze nie tokuj\u0105 :). M\u00f3j pierwszy raz legalnie na Babiej! Trafi\u0142em na niesamowit\u0105 pogod\u0119.\u00a0 Wy\u017cej w Beskidach\u00a0 ju\u017c si\u0119 nie da!<a href=\"https:\/\/photos.app.goo.gl\/7u91HgHeGgsT4w7k9\" target=\"_blank\" rel=\"noopener\"><img loading=\"lazy\" decoding=\"async\" class=\"wp-image-70 alignright\" src=\"http:\/\/go.ianna.pl\/wp-content\/uploads\/2024\/08\/foto.jpg\" alt=\"\" width=\"50\" height=\"37\" \/><\/a><\/span><\/p>\n<p>&nbsp;<\/p>\n<p><img loading=\"lazy\" decoding=\"async\" class=\"alignnone size-medium\" src=\"https:\/\/lh3.googleusercontent.com\/pw\/AP1GczMOjkh3nGHWVOxoxGx8iveTS1GYeKh9ldtMJnoVurMc4oywA3fbZsvzUpLvhx3FukHp0HxKUm3jkVr_cCscnQvdBQFkVyV2hFvEzEpQdvQ9puDYx6XHSRp9FQ-u0qPsTb7btqABkSma3-dXlOC9O4L0Tw=w1000-h612-s-no-gm?authuser=0\" width=\"1000\" height=\"612\" \/><\/p>\n<p><img loading=\"lazy\" decoding=\"async\" class=\"alignnone size-medium\" src=\"https:\/\/lh3.googleusercontent.com\/pw\/AP1GczPS-GdyhChBT-GX9TN9MVS9B6dg6VL75UIH0gQTVInJ18eThN5JEd9KV-GZ3bvlwIUw6PzCrtYq01i4bjAJ1050EJXrTaMF-v9FFw9h1h4xiAh5W5KTXfGKx_biOxrYLnAsuybOuYV_ti-yzAj5gIIjoQ=w1000-h631-s-no-gm?authuser=0\" width=\"1000\" height=\"631\" \/><\/p>\n<p><img loading=\"lazy\" decoding=\"async\" class=\"alignnone \" src=\"https:\/\/lh3.googleusercontent.com\/pw\/AP1GczM0Tuo9v9HxeSlP-MKGDg2q7Pf4w4fIDamBG_u4DhDh6D4StXoVKJqYBPSH2_lIzRBJsJLVtouHdiLqfE7faXDWW_gQJGv7736aI3MD98Pb7JAncxIlwjLEuZPA-VvpLCxBngGsGqjUKqSdnUFkuZjV4w=w1000-h530-s-no-gm?authuser=0\" width=\"593\" height=\"314\" \/><\/p>\n<p style=\"text-align: left;\"><strong><span style=\"font-size: 14px;\"><a href=\"https:\/\/photos.app.goo.gl\/9Alei8drpQPTaZ5G3\">2018_02_11<\/a>\u00a0 \u00a0 \u00a0 \u00a0 \u00a0 \u00a0 \u00a0 \u00a0<\/span><\/strong><strong><span style=\"font-size: 14px;\"><a href=\"https:\/\/goo.gl\/photos\/JRQLop3hSMFTH74j9\">2015_03_15<\/a>\u00a0 \u00a0 \u00a0 \u00a0 \u00a0 \u00a0 \u00a0 \u00a0<\/span><\/strong><strong><span style=\"font-size: 14px;\"><a href=\"https:\/\/goo.gl\/photos\/LaGUdHGUpR8xCTZS7\">2013_04_14<\/a>\u00a0 \u00a0<\/span><\/strong><\/p>\n<hr \/>\n<p style=\"padding-left: 40px;\"><span style=\"font-size: 14px;\"><strong>Pilsko<\/strong><\/span><\/p>\n<p><span style=\"font-size: 14px;\">30.11.2023 zazwyczaj pierwsza tura w sezonie.<\/span><a href=\"https:\/\/photos.app.goo.gl\/9EHCZWbxWydAePBWA\" target=\"_blank\" rel=\"noopener\"><img loading=\"lazy\" decoding=\"async\" class=\"wp-image-70 alignright\" src=\"http:\/\/go.ianna.pl\/wp-content\/uploads\/2024\/08\/foto.jpg\" alt=\"\" width=\"50\" height=\"37\" \/><\/a><\/p>\n<p><img loading=\"lazy\" decoding=\"async\" class=\"alignnone size-medium\" src=\"https:\/\/lh3.googleusercontent.com\/pw\/AP1GczOXGEGpU3PtrdRxvJ3_8rzFIFvjaxfMnN-M7MLXfpG3ESLc-WITyLNgLGf_prYIjveHZmFmI3i2FKxVa9C1TXaSlUHgUrOjKsZtNZjaDxaeuGmgFpdg3vzUuKToaIjE9XCxOZeX9rD1cV2yPDRwz2LJtg=w1000-h516-s-no-gm?authuser=0\" width=\"1000\" height=\"516\" \/><\/p>\n<p><img loading=\"lazy\" decoding=\"async\" class=\"alignnone \" src=\"https:\/\/lh3.googleusercontent.com\/pw\/AP1GczN28MMKUXWzVDPu-0vbgDPo9UG82iyomr77Os1QN9I0Nhnt1HIr8Zf8Tky8iAm4FaMHMSWTTCCXUO_tam79xjBq2mFestYjlCCgbnovEJbIWqnCUQWebpfeW2tzw3PrSmW-5Pex-lRyfoX93DnG6jQAxA=w1000-h750-s-no-gm?authuser=0\" width=\"499\" height=\"374\" \/><\/p>\n<p><span style=\"font-size: 14px;\">2020.01.12<\/span><\/p>\n<p><img loading=\"lazy\" decoding=\"async\" class=\"alignnone size-medium\" src=\"https:\/\/lh3.googleusercontent.com\/pw\/AP1GczPiOfFle_GRONGsWz0193mcHPw7DKg2YG91Nxg0zMxWwbdwKvnaZnLSZ_wzTIXDwgzVE10SJFAEIWw0pF6sv9I4spFpOa9pUWnUKcTGPu9hfWd2dZgqYDZbdtbnQ3hJNMn5emUQeujqLk-cxfmIA6exTQ=w800-h597-s-no-gm?authuser=0\" width=\"800\" height=\"597\" \/><\/p>\n<p><img loading=\"lazy\" decoding=\"async\" class=\"alignnone \" src=\"https:\/\/lh3.googleusercontent.com\/pw\/AP1GczPIs5SjPxTZ0lR91mIMbdwTg3d_--sAw7fPXM_oeo2Cg5aesH63JZDq0gMworVkOMa8pR1L5LhEaq_WaRQ94ZDUUhwG1UrOSPPEAxFpFRYI0IV8IM9EBtsSrOtTnZAnthdLSP_oGwtu7XWL0AYSLLIlcg=w600-h800-s-no-gm?authuser=0\" width=\"277\" height=\"370\" \/><img loading=\"lazy\" decoding=\"async\" class=\"alignnone \" src=\"https:\/\/lh3.googleusercontent.com\/pw\/AP1GczNW3Wxt3ym7WU3Sd5YAuGE1PUij_II9EB15XKb35-vlxgnBBvbA11Tz2zZe6VzHmT2x311lpQuQWU_h9KSa1KzcKCmeG1gX7GPHNILPrclK8bssdHQC-y1GIBsvEoLpvfb_IW7O4ItH3Ef8DKTWf8G1zA=w588-h800-s-no-gm?authuser=0\" width=\"271\" height=\"369\" \/><\/p>\n<p><img loading=\"lazy\" decoding=\"async\" class=\"alignnone \" src=\"https:\/\/lh3.googleusercontent.com\/pw\/AP1GczOg6XQEuTvyDtY1R6jpR_t-BppliMbALu9N2S-0D9RlfwkPfWKVtCbs1VQnJnud_Z419pCA_5ZCQMIo8YD_ePntImR4Cj1yep_GuHdkDVfewElRrSr7okLh6RGHBD0qnU6HknX55fN1M_jyOTkC5EcRTw=w1057-h675-s-no-gm?authuser=0\" width=\"497\" height=\"317\" \/><\/p>\n<hr \/>\n<p style=\"padding-left: 40px;\"><strong><span style=\"font-size: 14px;\">Turbacz <img loading=\"lazy\" decoding=\"async\" class=\" alignright\" src=\"https:\/\/lh3.googleusercontent.com\/pw\/AP1GczPoxQRvx6nkfxoDUXzeWcNrQGKPJ2Ho8Ibp98hP1ezvxu-_IboTq40yLLm16ngUD90ClpL4RQxI9awkmsOUQLpYCo2y_rSXs4PxUGScff8_yeQAQIbV21rPpHdX3qyefCXx_iSdcEcHedwe1IL1zP_eFg=w725-h872-s-no-gm?authuser=0\" width=\"252\" height=\"303\" \/> <\/span><\/strong><\/p>\n<p style=\"text-align: left; padding-left: 120px;\"><strong><span style=\"font-size: 14px;\">\u00a0 \u00a0 <\/span><\/strong><span style=\"font-size: 14px;\">must have skiturowca &#8211; chcia\u0142oby si\u0119 co sezon!<\/span><\/p>\n<p>&nbsp;<\/p>\n<p><strong><span style=\"font-size: 14px;\"><a href=\"https:\/\/photos.app.goo.gl\/6Pc7EPSTUqtT9XU48\" target=\"_blank\" rel=\"noopener\">23.01.2023<\/a><\/span><\/strong><\/p>\n<p><strong><span style=\"font-size: 14px;\"><a href=\"https:\/\/photos.app.goo.gl\/GYh13WG6LmxBPPKYA\" target=\"_blank\" rel=\"noopener\">13.01.2019<\/a><\/span><\/strong><\/p>\n<p><strong><span style=\"font-size: 14px;\"><a href=\"https:\/\/goo.gl\/photos\/oBLW2wqRW4VAWdP3A\" target=\"_blank\" rel=\"noopener\">26.02.2016<\/a><\/span><\/strong><\/p>\n<p><img loading=\"lazy\" decoding=\"async\" class=\" alignnone\" src=\"https:\/\/lh3.googleusercontent.com\/pw\/AP1GczN5FhSIJkGOXfpBmdL-ecXrcL-_xoTk7C-45Vy9SeDvO0AnssUimHVKYtdMSPcGAEeioMe2MAOpvE5uUbRr48IA2lOux6AEsoUrPpR59NW-271JYTDM6Lrbmu5DNa9MuyIacgildEFqF9tsJM0DXC3K8g=w1298-h872-s-no-gm?authuser=0\" width=\"700\" height=\"470\" \/><\/p>\n<p>&nbsp;<\/p>\n","protected":false},"excerpt":{"rendered":"<p>Beskid Wysoki &#8211; nieprecyzyjne okre\u015blenie najwy\u017cszych partii Beskid\u00f3w Zachodnich skupionych g\u0142ownie w pa\u015bmie granicznym Beskidu \u017bywieckiego. Pojawia si\u0119 w niekt\u00f3rych publikacjach a sama AI gubi si\u0119 z definicj\u0105. Okre\u015blenie dzi\u015b raczej historyczne. Na potrzeby blogu b\u0119dzie to Babia G\u00f3ra, Pilsko i Turbacz w zimowej eksploracji. Ja po prostu lubi\u0119 te miejsc\u00f3wki. &nbsp; 2026\u00a0 \u00a0 \u00a0 \u00a0 \u00a0 \u00a0\u00a0 Niestety Babia w tym sezonie skiturowo niedost\u0119pna [&hellip;]<\/p>\n","protected":false},"author":1,"featured_media":121,"comment_status":"closed","ping_status":"closed","sticky":false,"template":"","format":"standard","meta":{"footnotes":""},"categories":[18],"tags":[14,16],"class_list":["post-1122","post","type-post","status-publish","format-standard","has-post-thumbnail","hentry","category-narty","tag-bz","tag-go"],"_links":{"self":[{"href":"https:\/\/go.ianna.pl\/index.php?rest_route=\/wp\/v2\/posts\/1122","targetHints":{"allow":["GET"]}}],"collection":[{"href":"https:\/\/go.ianna.pl\/index.php?rest_route=\/wp\/v2\/posts"}],"about":[{"href":"https:\/\/go.ianna.pl\/index.php?rest_route=\/wp\/v2\/types\/post"}],"author":[{"embeddable":true,"href":"https:\/\/go.ianna.pl\/index.php?rest_route=\/wp\/v2\/users\/1"}],"replies":[{"embeddable":true,"href":"https:\/\/go.ianna.pl\/index.php?rest_route=%2Fwp%2Fv2%2Fcomments&post=1122"}],"version-history":[{"count":37,"href":"https:\/\/go.ianna.pl\/index.php?rest_route=\/wp\/v2\/posts\/1122\/revisions"}],"predecessor-version":[{"id":2736,"href":"https:\/\/go.ianna.pl\/index.php?rest_route=\/wp\/v2\/posts\/1122\/revisions\/2736"}],"wp:featuredmedia":[{"embeddable":true,"href":"https:\/\/go.ianna.pl\/index.php?rest_route=\/wp\/v2\/media\/121"}],"wp:attachment":[{"href":"https:\/\/go.ianna.pl\/index.php?rest_route=%2Fwp%2Fv2%2Fmedia&parent=1122"}],"wp:term":[{"taxonomy":"category","embeddable":true,"href":"https:\/\/go.ianna.pl\/index.php?rest_route=%2Fwp%2Fv2%2Fcategories&post=1122"},{"taxonomy":"post_tag","embeddable":true,"href":"https:\/\/go.ianna.pl\/index.php?rest_route=%2Fwp%2Fv2%2Ftags&post=1122"}],"curies":[{"name":"wp","href":"https:\/\/api.w.org\/{rel}","templated":true}]}}