{"id":1141,"date":"2023-12-31T21:18:38","date_gmt":"2023-12-31T21:18:38","guid":{"rendered":"https:\/\/go.ianna.pl\/?p=1141"},"modified":"2025-03-31T19:53:27","modified_gmt":"2025-03-31T19:53:27","slug":"bielsko-biala","status":"publish","type":"post","link":"https:\/\/go.ianna.pl\/?p=1141","title":{"rendered":"Bielsko &#8211; Bia\u0142a"},"content":{"rendered":"<p><span style=\"font-size: 14px;\">Z braku lepszego pomys\u0142u sylwestrowy spacer po Bielsku. <a href=\"https:\/\/photos.app.goo.gl\/ZWPKXiTVBz315eYL8\" target=\"_blank\" rel=\"noopener\"><img loading=\"lazy\" decoding=\"async\" class=\"wp-image-70 alignright\" src=\"http:\/\/go.ianna.pl\/wp-content\/uploads\/2024\/08\/foto.jpg\" alt=\"\" width=\"50\" height=\"37\" \/><\/a><\/span><\/p>\n<p style=\"text-align: justify;\"><span style=\"font-size: 14px;\">Zamek magnackiej rodziny Su\u0142kowskich. Usytuowany w centrum, wizyt\u00f3wka\u00a0 miasta. Obecnie ciekawe muzeum.\u00a0<\/span><\/p>\n<p><img loading=\"lazy\" decoding=\"async\" class=\"alignnone size-medium\" src=\"https:\/\/lh3.googleusercontent.com\/pw\/AP1GczMpSUvQ9bOsH_R1CuMAgK6841FXAI_eeEuge7_AOYhOmEO7jNAPkC0ceJX6pBHeX4b1nP3H05MrLPov7V5mrY1Y2fAU-EFHHAa1JgXiYzdwkSgI83StK7vJqHJ5wDZ-7tGEERkBSogwwSsfdOxrZf7jYw=w1000-h667-s-no-gm?authuser=0\" width=\"1000\" height=\"667\" \/><\/p>\n<p><img loading=\"lazy\" decoding=\"async\" class=\"alignnone size-medium\" src=\"https:\/\/lh3.googleusercontent.com\/pw\/AP1GczMe4A3RJumyQzqblKrbtmlCAciOtFU3vGk1oi1hA0u8cDY_QeRPTrLFSldhryMffJf6SZKAnpRG-kmaLToFLHfQLVSpjU6AmYCKRsWpsSy2XC9hCU6LqT48YIKt1Fv0tOv5gXqN2KxYjud-Fg1YMNNmOQ=w1000-h667-s-no-gm?authuser=0\" width=\"1000\" height=\"667\" \/><\/p>\n<p style=\"text-align: justify;\"><span style=\"font-size: 14px;\">&#8222;Maluch&#8221; &#8211; symbol polskiej motoryzacji, obiekt marze\u0144 i po\u017c\u0105dania w latach 70 i 80-tych. Tutaj w wersji graj\u0105cej kol\u0119dy maskotki \u015bwi\u0105tecznej. Urodzi\u0142 si\u0119 w Bielsku.<\/span><\/p>\n<p><img loading=\"lazy\" decoding=\"async\" class=\"alignnone size-medium\" src=\"https:\/\/lh3.googleusercontent.com\/pw\/AP1GczOLWFXE3ZCMevOO-qV0VpO18R9TMYobLGBs8CDYLJw2UXpICxL6GLEpTpFmD752x47_FvZyfkB-1Pt1iW-Y_-9XtfafOOPRq0YgB5BgVpe5n_QU_YeU9D2kO6D7VSSZMXfO3Lyr-vJWqk9AuPHhcT1o4g=w1000-h634-s-no-gm?authuser=0\" width=\"1000\" height=\"634\" \/><\/p>\n<p><span style=\"font-size: 14px;\">Zacni i znani obywatele miasta: pochodz\u0105 z bielskiego Studia Film\u00f3w Rysunkowych.\u00a0<\/span><\/p>\n<p><img loading=\"lazy\" decoding=\"async\" class=\"alignnone \" src=\"https:\/\/lh3.googleusercontent.com\/pw\/AP1GczNYF8OU1gac09Oe15UKMxxTdYNJosb2AZNZbCYcddQIfXUqirVeO9jndcWrWwYmWEEVmX1TNM6oJKx6F9Ds7PcHI84Y99SCIJP4LLudFFhAMee0cFXurOAE-rleEaGbypMp9fK_IqcM43C2_xQ-JB8irQ=w1000-h667-s-no-gm?authuser=0\" width=\"323\" height=\"216\" \/><img loading=\"lazy\" decoding=\"async\" class=\"alignnone \" src=\"https:\/\/lh3.googleusercontent.com\/pw\/AP1GczNLhG7tbywNA0wl_qQq_ebFiTmk2EcTzG9_f8NxQqcc5yxgLB9ilUvJGYfmOA-IA97Clxg6PK3-hvILp9eEzhxqWUAzWQ7EU5r3D8LOtp8eef-sHoQkmQJJYNAZXnlyDpi-AL3h6X4JVEJ9KvYxpcspQA=w1000-h667-s-no-gm?authuser=0\" width=\"322\" height=\"215\" \/><\/p>\n<p><img loading=\"lazy\" decoding=\"async\" class=\"alignnone \" src=\"https:\/\/lh3.googleusercontent.com\/pw\/AP1GczNVwC8jLQElcUCm4ALzLn6CpIecyj4uoH4hvFgkkVH3FqPDvSEl0zGnZ5GMvl9W4kWGlwSvr2iM8ED7n0B3hRRVeLiMMSxTqXj6T0f_KOeIk7FEVxMkRNLIHoc9mb_CcM18x5nWkTWMShHB0BBACnU3Mw=w585-h876-s-no-gm?authuser=0\" width=\"214\" height=\"320\" \/><img loading=\"lazy\" decoding=\"async\" class=\"alignnone \" src=\"https:\/\/lh3.googleusercontent.com\/pw\/AP1GczP1IbHHvTgwke_-T1jb77r0m1rx01ZQ-TXNuqjOh8z6MAf6eCx4oHXZECp7lofn6O2IkGgOdca4mIJgo53O-FsY-M_bV5_7oL5tt81izQEQejz6kwqkqAUd-7AkqYmABDZdzqLa29qKOH0Hq-dcbjDhJA=w585-h876-s-no-gm?authuser=0\" width=\"214\" height=\"320\" \/><img loading=\"lazy\" decoding=\"async\" class=\"alignnone \" src=\"https:\/\/lh3.googleusercontent.com\/pw\/AP1GczOdyazrr2_48Tq_IuTmVkcIc2jGZDRKwVtfuBCrYPXeXmhzlG9gSeEEC2kfM-eoFfzJ3LfXvfrSffbYLKwzlf4GI_7qOD2HUTKnuD_UjvqC-nFtdQa9oz-hVtwNQCknA1cBxedG7_SX6FzAskSZWvZebw=w585-h876-s-no-gm?authuser=0\" width=\"214\" height=\"320\" \/><\/p>\n<p style=\"text-align: justify;\"><span style=\"font-size: 14px;\">Teatr Polski. By\u0142 najpi\u0119kniejszym teatrem prowincjonalnym w CK Austrii, wzorowany na Operze Wiede\u0144skiej. Ciekawy repertuar &#8211; by\u0142em na Sztukmistrzu z Lublina.<\/span><\/p>\n<p><img loading=\"lazy\" decoding=\"async\" class=\"alignnone size-medium\" src=\"https:\/\/lh3.googleusercontent.com\/pw\/AP1GczMHH_6iHv4X7CHeYWDnzBecQ_1O3hj7p5HIqHqzTfxSZ7fcxfy3rxPLzfIxyBedv_TrUU0CWcLQgXjRvh3tgNuYa_MTItCVTMPYxmlXOMHHzEz9VuTEVrnnjG_iy2zmt_XasM0HRKgtjVlSkZyZEYq66Q=w1000-h716-s-no-gm?authuser=0\" width=\"1000\" height=\"716\" \/><\/p>\n<p><img loading=\"lazy\" decoding=\"async\" class=\"alignleft\" src=\"https:\/\/lh3.googleusercontent.com\/pw\/AP1GczOJiV7y4Goi6P797cL2BGeEtRrKuUYOE7mNJjn21svBzPJUPOB9kjbHS4zqQ6uPtqO3F1hOwrugSotIY9BAtPI3QCtgO6OUvt_Rag1jlIjvoRAjd-U_gc0biVEcqqV-oRd_s41uPNhd-Lkwq2qw1srAvw=w578-h866-s-no-gm?authuser=0\" width=\"312\" height=\"467\" \/><\/p>\n<p>&nbsp;<\/p>\n<p>&nbsp;<\/p>\n<p style=\"text-align: justify;\"><span style=\"font-size: 14px;\">Bielsko to te\u017c wa\u017cne miejsce na\u00a0 jazzowej mapie Polski. Festiwale o ugruntowanej ju\u017c renomie: Zadymka Jazzowa i Jesie\u0144 Jazzowa. \u015awietne centrum koncertowe &#8211; Cavatina Hall. Kluby i wydarzenia\u00a0<\/span><\/p>\n<p>&nbsp;<\/p>\n<p>&nbsp;<\/p>\n<p>&nbsp;<\/p>\n<p>&nbsp;<\/p>\n<p style=\"text-align: justify;\"><span style=\"font-size: 14px;\">Po spacerze ku uciesze podniebienia kroki do<em> Nowego \u015awiatu<\/em> skierowano. Restauracja od lat ju\u017c okazyjnie odwiedzana dalej trzyma poziom.<\/span><\/p>\n<p>&nbsp;<\/p>\n<p>&nbsp;<\/p>\n","protected":false},"excerpt":{"rendered":"<p>Z braku lepszego pomys\u0142u sylwestrowy spacer po Bielsku. Zamek magnackiej rodziny Su\u0142kowskich. Usytuowany w centrum, wizyt\u00f3wka\u00a0 miasta. Obecnie ciekawe muzeum.\u00a0 &#8222;Maluch&#8221; &#8211; symbol polskiej motoryzacji, obiekt marze\u0144 i po\u017c\u0105dania w latach 70 i 80-tych. Tutaj w wersji graj\u0105cej kol\u0119dy maskotki \u015bwi\u0105tecznej. Urodzi\u0142 si\u0119 w Bielsku. Zacni i znani obywatele miasta: pochodz\u0105 z bielskiego Studia Film\u00f3w Rysunkowych.\u00a0 Teatr Polski. By\u0142 najpi\u0119kniejszym teatrem prowincjonalnym w CK Austrii, [&hellip;]<\/p>\n","protected":false},"author":1,"featured_media":1171,"comment_status":"closed","ping_status":"closed","sticky":false,"template":"","format":"standard","meta":{"footnotes":""},"categories":[27],"tags":[],"class_list":["post-1141","post","type-post","status-publish","format-standard","has-post-thumbnail","hentry","category-miejsca"],"_links":{"self":[{"href":"https:\/\/go.ianna.pl\/index.php?rest_route=\/wp\/v2\/posts\/1141","targetHints":{"allow":["GET"]}}],"collection":[{"href":"https:\/\/go.ianna.pl\/index.php?rest_route=\/wp\/v2\/posts"}],"about":[{"href":"https:\/\/go.ianna.pl\/index.php?rest_route=\/wp\/v2\/types\/post"}],"author":[{"embeddable":true,"href":"https:\/\/go.ianna.pl\/index.php?rest_route=\/wp\/v2\/users\/1"}],"replies":[{"embeddable":true,"href":"https:\/\/go.ianna.pl\/index.php?rest_route=%2Fwp%2Fv2%2Fcomments&post=1141"}],"version-history":[{"count":6,"href":"https:\/\/go.ianna.pl\/index.php?rest_route=\/wp\/v2\/posts\/1141\/revisions"}],"predecessor-version":[{"id":1148,"href":"https:\/\/go.ianna.pl\/index.php?rest_route=\/wp\/v2\/posts\/1141\/revisions\/1148"}],"wp:featuredmedia":[{"embeddable":true,"href":"https:\/\/go.ianna.pl\/index.php?rest_route=\/wp\/v2\/media\/1171"}],"wp:attachment":[{"href":"https:\/\/go.ianna.pl\/index.php?rest_route=%2Fwp%2Fv2%2Fmedia&parent=1141"}],"wp:term":[{"taxonomy":"category","embeddable":true,"href":"https:\/\/go.ianna.pl\/index.php?rest_route=%2Fwp%2Fv2%2Fcategories&post=1141"},{"taxonomy":"post_tag","embeddable":true,"href":"https:\/\/go.ianna.pl\/index.php?rest_route=%2Fwp%2Fv2%2Ftags&post=1141"}],"curies":[{"name":"wp","href":"https:\/\/api.w.org\/{rel}","templated":true}]}}