{"id":1172,"date":"2025-04-06T22:59:26","date_gmt":"2025-04-06T22:59:26","guid":{"rendered":"https:\/\/go.ianna.pl\/?p=1172"},"modified":"2025-04-09T06:17:02","modified_gmt":"2025-04-09T06:17:02","slug":"bolonia-ferrara-padwa","status":"publish","type":"post","link":"https:\/\/go.ianna.pl\/?p=1172","title":{"rendered":"Bolonia, Ferrara, Padwa"},"content":{"rendered":"<p style=\"text-align: justify;\"><span style=\"font-size: 14px;\">Pomys\u0142 na wycieczk\u0119? Sprawdzi\u0107 bezpo\u015brednie loty z Krakowa. Bolonia jest na li\u015bcie a dodatkowo kolejowe odleg\u0142o\u015bci do Ferrary (40min) i Padwy (1h30) czyni\u0105 destynacj\u0119 atrakcyjn\u0105 dla turyst\u00f3w lubi\u0105cych w\u0142oskie klimaty. <\/span><\/p>\n<p style=\"text-align: justify;\"><strong><span style=\"font-family: arial, helvetica, sans-serif;\"><span style=\"font-size: 14px;\">Bolonia<\/span><\/span><\/strong><\/p>\n<p style=\"text-align: justify;\"><span style=\"font-size: 14px;\">Miasto za\u0142o\u017cyli Etruskowie, podbili celty<a href=\"https:\/\/photos.app.goo.gl\/gxPTUJuhgXuR5oiQA\" target=\"_blank\" rel=\"noopener\"><img loading=\"lazy\" decoding=\"async\" class=\"wp-image-70 alignright\" src=\"http:\/\/go.ianna.pl\/wp-content\/uploads\/2024\/08\/foto.jpg\" alt=\"\" width=\"50\" height=\"37\" \/><\/a>ccy Bojowie a p\u00f3\u017aniej Rzymianie &#8211; okresowo by\u0142o to nawet drugie miasto imperium! Po d\u0142ugotrwa\u0142ym upadku w czasie wojen z Germanami \u015bwietno\u015b\u0107 przywr\u00f3ci\u0142 Bolonii jej biskup Petroniusz. Nale\u017ca\u0142a do zwi\u0105zku p\u00f3\u0142nocno w\u0142oskich miast, zmiennie zale\u017ca\u0142a od pa\u0144stwa ko\u015bcielnego czy Mediolanu. Od 1860 w zjednoczonych W\u0142oszech. Obecnie stolica Emilii &#8211; Romanii.<\/span><\/p>\n<p><img loading=\"lazy\" decoding=\"async\" class=\"alignleft\" src=\"https:\/\/lh3.googleusercontent.com\/pw\/AP1GczO2gE25nSCWMlAZtCItAU2Lml4NBLJw_V_wZ1n11sgqHukUNbXbhS0CiIbZ7YuxGYd4v1vDBloK5h3ZnA-gKEQqPHeObzVPosQY5ugDAd8x1kQQItU4RXgf3SA9aST8DVyfG2T2MHU-OzEtJ2zxIpDI=w609-h913-s-no-gm?authuser=1\" width=\"300\" height=\"450\" \/><\/p>\n<p>&nbsp;<\/p>\n<p>&nbsp;<\/p>\n<p style=\"text-align: justify;\"><span style=\"font-family: arial, helvetica, sans-serif; font-size: 14px;\">Obr\u0119b starego miasta wyznaczaj\u0105 fragmenty mur\u00f3w obronnych i bram (w\u0142:\u00a0<\/span><em style=\"font-family: arial, helvetica, sans-serif; font-size: 14px;\">porta<\/em><span style=\"font-family: arial, helvetica, sans-serif; font-size: 14px;\">).<\/span><\/p>\n<p>&nbsp;<\/p>\n<p><img loading=\"lazy\" decoding=\"async\" class=\"alignright\" src=\"https:\/\/lh3.googleusercontent.com\/pw\/AP1GczOEjSqDPuyNMmwAILrcJtaXA2euww8O0b46Q2lge9yM3o9c0777kbQao8zKo-7J1NO460LrUX5B6vUI4yU3emqtEl2w7lOySCTTI9S0mcrWeo5YGavaUedoa-lJohn4Fvc_iBQN2ZwgOYAO2vcf5f6X=w1024-h683-s-no-gm?authuser=1\" width=\"448\" height=\"299\" \/><\/p>\n<p>&nbsp;<\/p>\n<p>&nbsp;<\/p>\n<p>&nbsp;<\/p>\n<p>&nbsp;<\/p>\n<p>&nbsp;<\/p>\n<p>&nbsp;<\/p>\n<p>&nbsp;<\/p>\n<p>&nbsp;<\/p>\n<p style=\"text-align: justify;\"><span style=\"font-size: 14px;\">Bazylika \u015bw. Petroniusza \u00a0\u2013 najwi\u0119kszy i najwa\u017cniejszy ko\u015bci\u00f3\u0142 w mie\u015bcie. Pomimo i\u017c w znacznym stopniu nieuko\u0144czona, jest si\u00f3dmym co do wielko\u015bci ko\u015bcio\u0142em Europy.<\/span><span style=\"font-family: arial, helvetica, sans-serif;\">\u00a0W bazylice znajduj\u0105 si\u0119 jedne z najstarszych wci\u0105\u017c dzia\u0142aj\u0105cych organ\u00f3w na \u015bwiecie, z XV wieku. \u00a0W 2005 r. islamscy fundamentali\u015bci pr\u00f3bowali wysadzi\u0107 katedr\u0119.<\/span><\/p>\n<p style=\"text-align: justify;\"><span id=\"Plac_Maggiore\" style=\"font-size: 14px; font-family: arial, helvetica, sans-serif;\">Plac Maggiore &#8211; g<\/span><span style=\"font-size: 14px; font-family: arial, helvetica, sans-serif;\">\u0142\u00f3wny plac Bolonii.\u00a0 Na Piazza Maggiore znajduje si\u0119\u00a0 charakterystyczny Palazzo del Podesta i wie\u017ca zegarowa Torre dell\u2019Orologio<\/span><\/p>\n<p><img loading=\"lazy\" decoding=\"async\" class=\"alignnone \" src=\"https:\/\/lh3.googleusercontent.com\/pw\/AP1GczNHkg-7dlHrKnhPmqTloFxMxelZMAkohRQs31HlXlKkwvZA3qdGzqp8lDZrSOvTj5fb3Ep-k0F92OzL4avgSDkGxc-r7ZKzEgRpXfK_6DsyKop4PuRoGsEHEOICeZHcEJDVMxQIqz1bEjsvQ80qCE6G=w1024-h683-s-no-gm?authuser=1\" width=\"370\" height=\"246\" \/><img loading=\"lazy\" decoding=\"async\" class=\"alignnone \" src=\"https:\/\/lh3.googleusercontent.com\/pw\/AP1GczP28OVg6VwTx0L16MZAYR3r94JjSnQrv4BrFO6QLC1GDsWOhtC3hv7Tx2jyKiGCw7_aginubPya1uLbOXJKIJWdYVrjxbzL8x6z8JYNksKY5rJqmu4XqvUTGkEMoGQ14zn0nPq6hgNqdscKUnsbQlhY=w1024-h683-s-no-gm?authuser=1\" width=\"369\" height=\"246\" \/><\/p>\n<p><span style=\"font-size: 14px; font-family: arial, helvetica, sans-serif;\"><img loading=\"lazy\" decoding=\"async\" class=\"alignleft\" src=\"https:\/\/lh3.googleusercontent.com\/pw\/AP1GczNbdY0A0fxmwLD5kp7QciSNHzg0UmjDo5oSP0g_8bpqBGwfK6LK6xr-B5QzHUeZaWyJbx30eLEZxafNo_iI-sxEHc1fspa_FFmT8WZ_Hms62mYohe9lx80wyrcOo3B6O3PKzYR_DYlrYtDVIg3Nac-P=w609-h913-s-no-gm?authuser=1\" width=\"301\" height=\"452\" \/><\/span><\/p>\n<p>&nbsp;<\/p>\n<p><span style=\"font-size: 14px; font-family: arial, helvetica, sans-serif;\">Plac Neptuna jest w praktyce bocznym fragmentem g\u0142\u00f3wnego Piazza Maggiore. Srogi Neptun pilnuje\u00a0 biblioteki Salaborsa.<\/span><\/p>\n<p>&nbsp;<\/p>\n<p>&nbsp;<\/p>\n<p>&nbsp;<\/p>\n<p><span id=\"Uniwersytet_Bolonski\" style=\"font-size: 14px; font-family: arial, helvetica, sans-serif;\">Uniwersytet Bolo\u0144ski ( za\u0142 1088r.), n<\/span><span style=\"font-size: 14px; font-family: arial, helvetica, sans-serif;\">ajstarszy uniwersytet \u015bwiata. Studiowa\u0142 tu mi\u0119dzy innymi\u00a0 Kopernik i Dante.<\/span><\/p>\n<p><img loading=\"lazy\" decoding=\"async\" class=\" alignright\" src=\"https:\/\/lh3.googleusercontent.com\/pw\/AP1GczPQojhn5s54p6U03ek1PjEV3XKNDOw4vH6Ype8n3xcBB2pXGRHD9yLqxw24jMkd6ePuvC-zI5COPDFhUQcADLVNvVFkkVwnV0tL0nYyTilddJSNRD3Huuw7on8xKn90AViAv7HLTYhYAZ1zMUbK_pfX=w685-h913-s-no-gm?authuser=1\" width=\"448\" height=\"597\" \/><\/p>\n<p>&nbsp;<\/p>\n<p>&nbsp;<\/p>\n<p>&nbsp;<\/p>\n<p>&nbsp;<\/p>\n<p>&nbsp;<\/p>\n<p><img loading=\"lazy\" decoding=\"async\" class=\"alignnone \" src=\"https:\/\/lh3.googleusercontent.com\/pw\/AP1GczP1sq-SY7RXb1QMcMdcU1ixvp9BFNebVFRCepJ1C9-Ke_JEPkHrSyifMYnufiE8_0akJR0rytQhsIzjag8X8kE45HyyF193cgNEROSYjg1KWAl8-uw5JU348Xr7gHrBmkturdtj6Hxe8vgk8Yr7VrZ4=w609-h913-s-no-gm?authuser=1\" width=\"301\" height=\"451\" \/><\/p>\n<p><span id=\"Dwie_wieze\" style=\"font-size: 14px; font-family: arial, helvetica, sans-serif;\"><img loading=\"lazy\" decoding=\"async\" class=\" alignright\" src=\"https:\/\/lh3.googleusercontent.com\/pw\/AP1GczObAm4QpH_KhP5nWooR0QyRFn0hn6SMuocdWMSt5B8t4khlCGE_ZYw7iDuUYs4Vpha6MrgoEJfx71VvO7tp-rF2m5VXfl0jngQLDAH6kq7wApuzmXiC4n1ewFQ9eGARvO9aRvx7n9NrV_YIS8WEsERo=w685-h913-s-no-gm?authuser=1\" width=\"450\" height=\"600\" \/><\/span><\/p>\n<p>&nbsp;<\/p>\n<p>&nbsp;<\/p>\n<p style=\"text-align: justify;\"><span id=\"Dwie_wieze\" style=\"font-size: 14px; font-family: arial, helvetica, sans-serif;\">Dwie wie\u017ce n<\/span><span style=\"font-size: 14px; font-family: arial, helvetica, sans-serif;\">ajwi\u0119ksza atrakcja Bolonii i\u00a0 jej najbardziej rozpoznawalny symbol. Szacuje si\u0119, \u017ce w \u015bredniowiecznej Bolonii istnia\u0142o oko\u0142o 100 wie\u017c, kt\u00f3re pe\u0142ni\u0142y funkcje mieszkalne, obronne lub by\u0142y zabezpieczeniem rodzinnych skarb\u00f3w. Niestety obecnie w kiepskim stanie technicznym, zamkni\u0119te dla zwiedzaj\u0105cych.<\/span><\/p>\n<p><img loading=\"lazy\" decoding=\"async\" class=\"alignnone \" src=\"https:\/\/lh3.googleusercontent.com\/pw\/AP1GczP6WByEDj4QmAPcKNglTv4u6fFLrfhzEHxx0CxkROEDcgkchWleey3U9ZnNM2uJbBZCxyxpF3y6mxKgbVyELT3P6fiSos_LggOpTjK3NPIDioXRR33SF7U9Dy_hE9fQ5gkfMNITyafPO1JV43mXzPWP=w609-h913-s-no-gm?authuser=1\" width=\"276\" height=\"414\" \/><\/p>\n<p style=\"text-align: justify;\"><span id=\"Mala_Wenecja\" style=\"font-size: 14px; font-family: arial, helvetica, sans-serif;\">Ma\u0142a Wenecja <\/span><span style=\"font-size: 14px; font-family: arial, helvetica, sans-serif;\">\u00a0P\u0142yn\u0105cy\u00a0 kana\u0142 mo\u017cna ogl\u0105da\u0107 z kilku most\u00f3w. Nietypow\u0105 atrakcj\u0105 jest otwierane okienko w \u015bcianie jednego z most\u00f3w, przez kt\u00f3re mo\u017cna spojrze\u0107 na kana\u0142.<\/span><\/p>\n<p><img loading=\"lazy\" decoding=\"async\" class=\"alignnone \" src=\"https:\/\/lh3.googleusercontent.com\/pw\/AP1GczOBo990v_vXPO204-Bj5rY-b2VEW1gnpxm8DHn5HhSR6nt7Fncw9ayCHrzUEYsw75OWtcLEw2_I2Jq1-gZPsTlQIquFBm65DXucmf7G4Ar6lvcO99gduTYgnZavKZMKLLouYp_M8pPhs5MupLT6bKoG=w608-h913-s-no-gm?authuser=1\" width=\"350\" height=\"525\" \/><img loading=\"lazy\" decoding=\"async\" class=\"alignnone \" src=\"https:\/\/lh3.googleusercontent.com\/pw\/AP1GczObn9W6oD_MUlr2Wujpi0j_YpEbmV89wp1rhLriTcvhkXj2jF8TAwozijYVUZH9dzWL7CSZKaduJmxqhgX73UIDgz6yarpZ8cLUPoQ7MMw8W4_m9HRpbVH7EECmlWshdeFjAyZxhBGgOPrAhZ0j1KYN=w609-h913-s-no-gm?authuser=1\" width=\"350\" height=\"525\" \/><\/p>\n<p style=\"text-align: justify;\"><span style=\"font-size: 14px; font-family: arial, helvetica, sans-serif;\">Park miejski z imponuj\u0105cymi\u00a0 schodami prezentuj\u0105 si\u0119 \u0142adnie wieczorem w \u015bwietle latarni. Miejsce ch\u0119tnie\u00a0 odwiedzane przez lokaln\u0105 dilerk\u0119.<\/span><\/p>\n<p><img loading=\"lazy\" decoding=\"async\" class=\"alignnone \" src=\"https:\/\/lh3.googleusercontent.com\/pw\/AP1GczNxwlRqc5L4GhvHZunySfyl1wPmw6sV8WoHv8VXHnQgrXFsN_yR2_C9QbLurIP6a-8MBkLQMocc0cKJGVs8TlTpkvyQtmETeEdBBnwELwwe0ew_hti5sM8WpNYFgAQniz0I46kRNltOoxjoMAsZnn1q=w1024-h683-s-no-gm?authuser=1\" width=\"370\" height=\"246\" \/><img loading=\"lazy\" decoding=\"async\" class=\"alignnone \" src=\"https:\/\/lh3.googleusercontent.com\/pw\/AP1GczMuZ-uw1765SSr2HKyC-AM1Y-CsmVhxvOoTGw47vP6zAjIFVcETkVhvfe77LvxXjBf0ijRSAOo3KxNj7C8rg6Q8EuuUx5ZVlLDdWwhNcghbAUO4wsCqJFdiOO3_1V6pY1s0-GF6YaER23hDv8fADq_8=w1024-h773-s-no-gm?authuser=1\" width=\"326\" height=\"246\" \/><\/p>\n<p><span id=\"Arkady\" style=\"font-size: 14px; font-family: arial, helvetica, sans-serif;\">Arkady &#8211; charakterystyczny element architektury Bolonii <\/span><span style=\"font-size: 14px; font-family: arial, helvetica, sans-serif;\">licz\u0105 \u0142\u0105cznie ok. 34 kilometry. Daj\u0105\u00a0 skuteczn\u0105 ochron\u0105 od pal\u0105cego s\u0142o\u0144ca a w nocy s\u0142u\u017c\u0105 bezdomnym.<\/span><\/p>\n<p><img loading=\"lazy\" decoding=\"async\" class=\"alignnone size-medium\" src=\"https:\/\/lh3.googleusercontent.com\/pw\/AP1GczPBMzlsKTFhm0B9q9FfX_dnifiJqASy-0OcfUuCuhf8AwmRZsyxkPECosej588nMtK0lwA95rzgk5oiBriXDmLttSYfnoVFNz7i0WllAsjnKLVBEJn_qLQ1r4vtK0QasrjwLEf6BN9Or45i_wt4OVoe=w1024-h683-s-no-gm?authuser=1\" width=\"1024\" height=\"683\" \/><\/p>\n<p><img loading=\"lazy\" decoding=\"async\" class=\"alignleft\" src=\"https:\/\/lh3.googleusercontent.com\/pw\/AP1GczNVidhjhNZJ3LKw3D7jO38P7A0VhpTJxwvc2yZq_gg3L6M3Z2s4Wt5vKXN64knEjmeMMS8H3Qnah24qr8n7Lm-J0QB-MddgWQXQNZaedGHTQDrIj5e5vrQPoATSiVRuwKy3B-zr_MnG5oJNfvBQqMsdng=w1024-h741-s-no-gm?authuser=0\" width=\"449\" height=\"325\" \/><\/p>\n<p style=\"text-align: justify;\"><span style=\"font-size: 14px; font-family: arial, helvetica, sans-serif;\">\u00a0 \u00a0Osteria dell\u2019Orsa \u2013 tawerna. Prosty wystr\u00f3j, lokalne potrawy. Tagliatelle al ragu i lasagne znakomite! Przy drugiej wizycie ju\u017c lekko irytowa\u0142 w\u0142oski luzik.<\/span><\/p>\n<p>&nbsp;<\/p>\n<p style=\"text-align: justify;\"><span style=\"font-size: 14px;\">\u00a0 \u00a0Z kolei tratori\u0119 Nonna Gigia\u00a0 polecam na po\u017cegnaln\u0105 kolacj\u0119. Wszystko tu by\u0142o znakomite dania, wino, serwis, dyskretna muzyka\u00a0 i klimat w\u0142oskiej knajpki. Koniecznie!<\/span><\/p>\n<p><img loading=\"lazy\" decoding=\"async\" class=\"size-full wp-image-1180 alignnone\" src=\"http:\/\/go.ianna.pl\/wp-content\/uploads\/2025\/04\/logo-nonna.png\" alt=\"\" width=\"300\" height=\"127\" \/><\/p>\n<hr \/>\n<p>&nbsp;<\/p>\n<p><strong><span style=\"font-size: 14px;\">Ferrara<a href=\"https:\/\/photos.app.goo.gl\/Pyjby8mGLHbGHZHj6\" target=\"_blank\" rel=\"noopener\"><img loading=\"lazy\" decoding=\"async\" class=\"wp-image-70 alignright\" src=\"http:\/\/go.ianna.pl\/wp-content\/uploads\/2024\/08\/foto.jpg\" alt=\"\" width=\"50\" height=\"37\" \/><\/a><\/span><\/strong><\/p>\n<p style=\"text-align: justify;\"><span style=\"font-size: 14px;\">Miasto nad rzek\u0105 Pad\u00a0\u00a0<\/span><span style=\"font-size: 14px;\">wpisane (wraz z delt\u0105 <\/span><span style=\"font-size: 14px;\">Padu) na List\u0119 \u015bwiatowego dziedzictwa UNESCO. Ferrara sw\u00f3j z\u0142oty okres zawdzi\u0119cza rodowi d\u2019Este, kt\u00f3ry zamieni\u0142 niewielki o\u015brodek w jedno z najwa\u017cniejszych europejskich centr\u00f3w kultury i nauki oraz wa\u017cny port. Po rozbudowie w XV w zosta\u0142a uznana za pierwsze nowoczesne miasto w Europie dzi\u0119ki harmonijnemu uk\u0142adowi urbanistycznemu.\u00a0<\/span><\/p>\n<p style=\"text-align: justify;\"><span style=\"font-size: 14px;\">\u00a0<\/span><span style=\"font-size: 14px;\">Wzniesiony z czerwonej ceg\u0142y Zamek d\u2019Este. Do warowni prowadz\u0105 trzy bramy, a ka\u017cda z nich posiada most zwodzony <\/span><span style=\"font-size: 14px;\">\u00a0Przy budowie wykorzystano istniej\u0105c\u0105 wie\u017c\u0119 obronn\u0105 (zwan\u0105 Wie\u017c\u0105 Lwa), b\u0119d\u0105c\u0105 elementem \u015bredniowiecznych fortyfikacji.\u00a0<\/span><\/p>\n<p><img loading=\"lazy\" decoding=\"async\" class=\"alignnone size-medium\" src=\"https:\/\/lh3.googleusercontent.com\/pw\/AP1GczOdMj3mhHL_eORB6qoP7yf9qNhoGbPl3M-OH0xbtwlnUl_jZp1tgLcc_e_lPK2PlEtQeUkELlaZ66ypU0l_B_5h9eq6BwlLXCBmnfWispYwd4CEjlH4NddLVrERGGrCq9uCiyWjIIedoCr7HS278e-p=w1024-h683-s-no-gm?authuser=1\" width=\"1024\" height=\"683\" \/><\/p>\n<p><img loading=\"lazy\" decoding=\"async\" class=\"alignleft\" src=\"https:\/\/lh3.googleusercontent.com\/pw\/AP1GczNNm-bSjlPXnyPjrAykRzRdz2LwPcHEDMjzbhcLzyvm_e7-UX1rZPQ4AzoKGn1d23ZiuPKn3qGoe9tcVF8e8QMe90_Q2MqvxhHKvOdFwBmHQuvp8JO51ogcYe0zOkw4N9JNnrPDRTYf0fVJKjiN-Y9x=w609-h913-s-no-gm?authuser=1\" width=\"250\" height=\"375\" \/><\/p>\n<p>&nbsp;<\/p>\n<p>&nbsp;<\/p>\n<p style=\"text-align: justify;\"><span style=\"font-size: 14px;\">Tu\u017c obok zamku znajduje si\u0119 budynek Teatro Comunale Claudio Abbado. Warto zajrze\u0107 chocia\u017c na jego podw\u00f3rko nazywane ze wzgl\u0119du na kszta\u0142t\u00a0La Rotonda,<\/span><\/p>\n<p>&nbsp;<\/p>\n<p><img loading=\"lazy\" decoding=\"async\" class=\" alignright\" src=\"https:\/\/lh3.googleusercontent.com\/pw\/AP1GczPNuGrPUSNXNMn6J124kZ7_k562Z81TIwxZ6W5VRlzBSYwIkBZHeL0CNmxRQ0T7gqj9a2x9u9pDNSmbnxM5FbOw6Z0MIisg3X4p-R2dgMrq_oZ2-2lA7Dta7ft2r6V-vwjiTMIMXQjj4e47wnRVqVZf=w1024-h683-s-no-gm?authuser=1\" width=\"500\" height=\"334\" \/><\/p>\n<p>&nbsp;<\/p>\n<p>&nbsp;<\/p>\n<p>&nbsp;<\/p>\n<p>&nbsp;<\/p>\n<p>&nbsp;<\/p>\n<p>&nbsp;<\/p>\n<p id=\"Katedra_w_Ferrarze___miks_romanizmu_i_gotyku\" style=\"text-align: justify;\"><span style=\"font-size: 14px;\">Katedra <\/span><span style=\"font-size: 14px;\">\u00a0\u015bw. Jerzego. Wzniesiona w XII wieku budowla s\u0142ynie z imponuj\u0105cej fasady, kt\u00f3rej dolna cz\u0119\u015b\u0107 charakteryzuje si\u0119 stylem roma\u0144skim.\u00a0<\/span><\/p>\n<p style=\"text-align: justify;\"><span style=\"font-size: 14px;\">Naprzeciwko katedry stoi ratusz, kt\u00f3ry od XIII do XVI wieku by\u0142 g\u0142\u00f3wn\u0105 siedzib\u0105 rodu d\u2019Este.\u00a0 N<\/span><span style=\"font-size: 14px;\">a dziedzi\u0144cu dominuj\u0105 XV-wieczne schody prowadz\u0105ce wej\u015bcia.<\/span><\/p>\n<p><img loading=\"lazy\" decoding=\"async\" class=\"alignnone \" src=\"https:\/\/lh3.googleusercontent.com\/pw\/AP1GczPJuaSCTtFagLDqtrEDrLcAMSr8bvpkYwuXGLyBJpf1SCZYMlar7tlgj3EncvFpACWcuQGBv5pbWliPJzZqSf7joT5qwSvUgdUQBBgC6FxF-E9BgCy4fzTdOICEmZflMfu6rq_GWqH_XFqi1j-D4_5q=w1024-h683-s-no-gm?authuser=1\" width=\"353\" height=\"235\" \/><img loading=\"lazy\" decoding=\"async\" class=\"alignnone \" src=\"https:\/\/lh3.googleusercontent.com\/pw\/AP1GczMsW1jSQfyVva025gfVNT6CzKUweOC9uj5_ojDukzYW-yEeEw3Jpw3sWVDDUfPsBByrP4fON28LCRMZTlsuedtRjrNOyA2ZzgtwklBc7ZyugLepayjjjMLeZOFzmrdYj8HHVSt318UrISruqnSsnYKF=w1024-h683-s-no-gm?authuser=1\" width=\"353\" height=\"235\" \/><\/p>\n<p id=\"Via_delle_Volte____redniowieczna_ulica_kupc_w\"><span style=\"font-size: 14px;\">Stara dzielnica kupc\u00f3w z kolorowymi kamieniczkami i urokliwymi zau\u0142kami.<\/span><\/p>\n<p><img loading=\"lazy\" decoding=\"async\" class=\"alignnone \" src=\"https:\/\/lh3.googleusercontent.com\/pw\/AP1GczOu7PD1HVoYyI-8SkP2XDdTv7_XmdeAGmNKJKXJtMh5IesU5NTJvVaSWiP_f4IfVpDLRgg1LV1aTudbsdqaZ84pvDm7ynyM6i-VsfKCem66jvWzpWlX4iGJu66_8m72r534OgrT9PQusAjKe1gVhdlv=w609-h913-s-no-gm?authuser=1\" width=\"354\" height=\"530\" \/><img loading=\"lazy\" decoding=\"async\" class=\"alignnone \" src=\"https:\/\/lh3.googleusercontent.com\/pw\/AP1GczOlwzZr-mxbwO1c499sL0xcwMl1fld7lzX5m2LlLhXEwBVnT5TyvYrKFsIQ6ZU4gLbMYZ5RxLimquAQcymxp5-w-2KQ2TBoHMb-FxULSjmCkHc-V3R9ojgMUk_mR22zEEUnx_I0WMa0kA7HAtBFKD5b=w609-h913-s-no-gm?authuser=1\" width=\"354\" height=\"530\" \/><\/p>\n<hr \/>\n<p>&nbsp;<\/p>\n<p><span style=\"font-size: 14px; font-family: arial, helvetica, sans-serif;\"><strong>Padwa<span style=\"font-size: 14px;\"><a href=\"https:\/\/photos.app.goo.gl\/VnAMQzB2o4XRfRHT9\" target=\"_blank\" rel=\"noopener\"><img loading=\"lazy\" decoding=\"async\" class=\"wp-image-70 alignright\" src=\"http:\/\/go.ianna.pl\/wp-content\/uploads\/2024\/08\/foto.jpg\" alt=\"\" width=\"50\" height=\"37\" \/><\/a><\/span> <\/strong><\/span><\/p>\n<p style=\"text-align: justify;\"><span style=\"font-size: 14px;\">W 774r. \u2013 Karol Wielki zdobywa miasto. O<\/span><span style=\"font-size: 14px;\">d XII w. niezale\u017cna republika ze s\u0142awnym\u00a0uniwersytetem\u00a0drugim po\u00a0Bolonii, wyk\u0142ada\u0142 tutaj\u00a0Galileusz, studiowa\u0142\u00a0Miko\u0142aj Kopernik,\u00a0Jan Kochanowski\u00a0oraz\u00a0Jan Zamoyski. Od XVIII w. okresowo pod panowaniem Wenecji, Francji, Austrii. Od 1866 w Kr\u00f3lestwie W\u0142och.<\/span><\/p>\n<p><span style=\"font-size: 14px; font-family: arial, helvetica, sans-serif;\"><img loading=\"lazy\" decoding=\"async\" class=\"alignleft\" style=\"font-family: arial; font-size: 16px;\" src=\"https:\/\/lh3.googleusercontent.com\/pw\/AP1GczNx6_j19QBtgjcJCeuJVLM20S8cqA6tu3fQxntudNc6MkQjGlONj5NG1gKWyfrrDl8NMhyluFaYCFC0T-bE1XZtG5Lw7uim0EbL-bSw29kWEiRdr_vIIHJNMhBbXST_z6W40CfBkzvexEbn4q8IwXaj=w1024-h683-s-no-gm?authuser=1\" width=\"540\" height=\"360\" \/><\/span><\/p>\n<p>&nbsp;<\/p>\n<p style=\"text-align: justify;\"><span style=\"font-size: 14px; font-family: arial, helvetica, sans-serif;\">Kaplica Scrovegnich zdobiona jest bezcennymi freskami Giotta, kt\u00f3re powsta\u0142y w ci\u0105gu zaledwie dw\u00f3ch lat, pomi\u0119dzy 1303, a 1305 r. jest najcenniejszym zabytkiem Padwy. S\u0105<\/span><span style=\"font-size: 14px; font-family: arial, helvetica, sans-serif;\"> wpisane na List\u0119 \u015awiatowego Dziedzictwa UNESCO.\u00a0 Niestety nie uda\u0142o si\u0119 wej\u015b\u0107 &#8211; rezerwacje internetowe s\u0105 robione z kilkumiesi\u0119cznym wyprzedzeniem a o bilecie w kasie mo\u017cna zapomnie\u0107.<\/span><\/p>\n<p>&nbsp;<\/p>\n<p>&nbsp;<\/p>\n<p>&nbsp;<\/p>\n<p>&nbsp;<\/p>\n<p style=\"text-align: justify;\"><img loading=\"lazy\" decoding=\"async\" class=\"alignleft\" src=\"https:\/\/lh3.googleusercontent.com\/pw\/AP1GczMNsnMmA3Drv2KSYne-lrnptGY5AHRulGr3ILyjveKMpp5JDzksGX5ul_FWW2czHkXpBZkg3ORqqOYAW5fVGa2NJvZEnC8lXLq_FjR8XoiEpwzqVW5J7NWRcwaUpOIiY0_7hBhXebk8O65CtGFGXNck=w1024-h683-s-no-gm?authuser=1\" width=\"539\" height=\"359\" \/><span style=\"font-size: 14px; font-family: arial, helvetica, sans-serif;\">Ko\u015bci\u00f3\u0142 Eremitani, czyli Ko\u015bci\u00f3\u0142 Pustelnik\u00f3w. P<\/span><span style=\"font-size: 14px; font-family: arial, helvetica, sans-serif;\">olski akcent &#8211; tablica przypominaj\u0105ca o pobycie Jana Kochanowskiego w Padwie. Polski poeta przyjecha\u0142 na tutejszy uniwersytet w 1552 r., czyli w wieku 22 lat i mieszka\u0142 w Padwie przez 3 lata.<\/span><\/p>\n<p><img loading=\"lazy\" decoding=\"async\" class=\" alignright\" src=\"https:\/\/lh3.googleusercontent.com\/pw\/AP1GczMwWAuq-z7x7VeSOZXv8hOWMCgKN6Nyo7PVX-Ey0AJDgetx3K4zwAYXP9Vlz7bMXIAW2YAgKJTfyJEEKN88fP6xTWCCp4P71UmDoeoVtCET_HjBblbg4u-_4I-ZWb_0fmPsBmTKnj5R0lKeZZ4qv5t-=w1024-h751-s-no-gm?authuser=1\" width=\"219\" height=\"160\" \/><\/p>\n<p>&nbsp;<\/p>\n<p>&nbsp;<\/p>\n<p>&nbsp;<\/p>\n<p>&nbsp;<\/p>\n<p>&nbsp;<\/p>\n<p>&nbsp;<\/p>\n<p>&nbsp;<\/p>\n<p><img loading=\"lazy\" decoding=\"async\" class=\"alignnone size-medium\" src=\"https:\/\/lh3.googleusercontent.com\/pw\/AP1GczOdjINw-SHUxWqSgVoYAOs4tYkz_-z-B8Bmp76sy8hS4kvkx9mwZDz-5odCef8RyXErkGbplUSOBGL-meqLLYhztralbEFFPO13mSnj9bbTZ61cde-H9YwFtvTIDGfEzuvJix8knAO_mrOWEmXmfN9R=w1024-h683-s-no-gm?authuser=1\" width=\"1024\" height=\"683\" \/><\/p>\n<p style=\"text-align: justify;\"><span style=\"font-size: 14px; font-family: arial, helvetica, sans-serif;\">Bazylika \u015bw. Antoniego jest najwi\u0119kszym i najcz\u0119\u015bciej odwiedzanym ko\u015bcio\u0142em w Padwie, N<\/span><span style=\"font-size: 14px; font-family: arial, helvetica, sans-serif;\">azywana jest po prostu \u201eIl Santo\u201d (w\u0142.\u00a0<em>\u015awi\u0119ty). <\/em><\/span><span style=\"font-size: 14px; font-family: arial, helvetica, sans-serif;\">\u015aw. Antonii urodzi\u0142 si\u0119 pod koniec XII w. w Lizbonie. By\u0142 kaznodziej\u0105 i teologiem, a dzi\u015b uznawany jest za jednego z najwa\u017cniejszych w\u0142oskich \u015bwi\u0119tych, kt\u00f3remu przypisuje si\u0119 liczne cuda.<\/span><span style=\"font-size: 14px; font-family: arial, helvetica, sans-serif;\"> Bazylika\u00a0 przyt\u0142acza nadmiarem zdobie\u0144, fresk\u00f3w, z\u0142oce\u0144, rze\u017ab i marmur\u00f3w.<\/span><\/p>\n<p><img loading=\"lazy\" decoding=\"async\" class=\"alignleft\" src=\"https:\/\/lh3.googleusercontent.com\/pw\/AP1GczNHgCv4ZliuLsm-_-dVfkoq-JnjKvtxTtnEOHSwp3DfMzvl9TDZQGM9Ol2pHRDC_6m5uxvLxZ1yezc2Lg4KJR5LLl26KblC2JmWoG_LGrYvsGOm00jBWUS5Wip-pNfTyVRJ6cWMf1bdI_Gg6TITCnib=w1024-h768-s-no-gm?authuser=1\" width=\"370\" height=\"278\" \/><\/p>\n<p>&nbsp;<\/p>\n<p style=\"text-align: justify;\"><span style=\"font-size: 14px; font-family: arial, helvetica, sans-serif;\">Gr\u00f3b \u015bw. Antoniego Padewskiego. <\/span><span style=\"font-size: 14px; font-family: arial, helvetica, sans-serif;\">Do grobu ustawia si\u0119 niewielka kolejka, wi\u0119kszo\u015b\u0107 zwiedzaj\u0105cych prosz\u0105c o spe\u0142nienie \u017cycze\u0144 r\u0119k\u0105 dotyka marmurow\u0105 p\u0142yt\u0119. Niekt\u00f3rzy zostawiaj\u0105 tutaj swoje listy z intencjami do \u015bw. Antoniego.<\/span><\/p>\n<p>&nbsp;<\/p>\n<p><img loading=\"lazy\" decoding=\"async\" class=\" alignright\" src=\"https:\/\/lh3.googleusercontent.com\/pw\/AP1GczNHS7LTaodVZ3pWfEyFpk_aeSzp8dV2t-10XRmhwUk4hkg-04Iv8cw-SyeNcJNYTYfClmMzEJSq4vLElSmOv84MF2DSeqfBr7q3b_KpQDBvdunqyayqsdiKYhIDU211fRCTUDFd-kX0bZFAlSh4aG6v=w1024-h768-s-no-gm?authuser=1\" width=\"370\" height=\"278\" \/><\/p>\n<p>&nbsp;<\/p>\n<p>&nbsp;<\/p>\n<p>&nbsp;<\/p>\n<p>&nbsp;<\/p>\n<p>&nbsp;<\/p>\n<p style=\"text-align: justify;\"><span style=\"font-size: 14px; font-family: arial, helvetica, sans-serif;\">Kaplica Relikwii \u015bw. Antoniego <\/span><span style=\"font-size: 14px; font-family: arial, helvetica, sans-serif;\">\u00a0pielgrzymi ogl\u0105daj\u0105 mi\u0119dzy innymi chrz\u0105stk\u0119 krtani, podbr\u00f3dek i j\u0119zyk \u015bw. Antoniego. Kolejna dewiacja ko\u015bcio\u0142a.<\/span><\/p>\n<p>&nbsp;<\/p>\n<p><img loading=\"lazy\" decoding=\"async\" class=\"alignnone size-medium\" src=\"https:\/\/lh3.googleusercontent.com\/pw\/AP1GczPjw5EXJRIZYBTr4riC3o_SJUaZ-jF8N0SARtmNIYY9R7SovmXAg28ObCL9JnntktUR3cGjMQY0MXFXiewQ1oRCptrqkQxlX-yul9DzdeuQxh-0trH2b2L97TouaCi7Y_YlwK8P6pLcA12gY_k2FFWz=w1024-h683-s-no-gm?authuser=1\" width=\"1024\" height=\"683\" \/><\/p>\n<p><span style=\"font-size: 14px; font-family: arial, helvetica, sans-serif;\">Prato della Valle,<\/span><span style=\"font-size: 14px; font-family: arial, helvetica, sans-serif;\"> owalny plac wok\u00f3\u0142 kt\u00f3rego znajduje si\u0119 kana\u0142 wodny z czterema mostami.\u00a0<\/span><\/p>\n<p style=\"text-align: justify;\"><span style=\"font-size: 14px; font-family: arial, helvetica, sans-serif;\">Bazylika Santa Giustina (\u015bw. Justyny), w jednym z rog\u00f3w <\/span><span style=\"font-size: 14px; font-family: arial, helvetica, sans-serif;\">\u00a0placu. Wzniesiona w XV wieku i przez kilka stuleci by\u0142a najwi\u0119kszym ko\u015bcio\u0142em na p\u00f3\u0142nocy W\u0142och. Fasada ko\u015bcio\u0142a mia\u0142a by\u0107 pokryta bia\u0142ym marmurem, ale nigdy nie zosta\u0142a uko\u0144czona. Przyt\u0142aczaj\u0105ca i akurat zamkni\u0119ta.<\/span><\/p>\n<p><img loading=\"lazy\" decoding=\"async\" class=\"alignnone size-medium\" src=\"https:\/\/lh3.googleusercontent.com\/pw\/AP1GczMafW_IX4Hb2h0UcGvK1iGdqjqboQSqo8NN67szloK3QwuiWFXFPzwqvqILzG3ANClfTDpczbG2wOLhOxizRtyyrlPujMXy3R9Tr4Qow-gIZ9oQGKOteZ7PfD80x1BeNQoMp1WUHH5eK2WfcF9TTmd8=w1024-h683-s-no-gm?authuser=1\" width=\"1024\" height=\"683\" \/><\/p>\n<p><span style=\"font-size: 14px;\">Historyczne Centrum<\/span><\/p>\n<p><span style=\"font-size: 14px; font-family: arial, helvetica, sans-serif;\"><img loading=\"lazy\" decoding=\"async\" class=\"alignleft\" src=\"https:\/\/lh3.googleusercontent.com\/pw\/AP1GczOy3ns5ArRDUdCv-LBhhd_3Nm8zUumUB5NyDeboOHshNm0akalD0JjQvLibph_wxh5MVUKBWMTTlU1-RhFNYLHPEoa9I2iYdpY9ft0ky_70pVL-NF4H4JP7CtI_V38MjW_rbybV2AAdFd1KOEMswCUm=w1024-h768-s-no-gm?authuser=1\" width=\"351\" height=\"263\" \/><\/span><\/p>\n<p>&nbsp;<\/p>\n<p style=\"text-align: justify;\"><span style=\"font-size: 14px; font-family: arial, helvetica, sans-serif;\">Palazzo della Ragione\u00a0 &#8211; co\u015b jak Sukiennice. <\/span><span style=\"font-size: 14px; font-family: arial, helvetica, sans-serif;\">Po obu stronach budynku znajduj\u0105 si\u0119 place targowe\u00a0Piazza delle Erbe\u00a0i\u00a0Piazza dei Frutti.<\/span><\/p>\n<p><img loading=\"lazy\" decoding=\"async\" class=\" alignright\" src=\"https:\/\/lh3.googleusercontent.com\/pw\/AP1GczNHshDokMzmms2NO1oZVj2pliSM-7wjSekcY0Gd5C7Ui6thrnl8GVEi5_4a0iRHK-UPYSx-uchxgJds28s9vzVauHWH2llDNes-e67scQNbJo6tegjV2iE09OITfDUmbgcqhNjuoUzMm68OmGAgFwZe=w564-h878-s-no-gm?authuser=1\" width=\"300\" height=\"467\" \/><\/p>\n<p>&nbsp;<\/p>\n<p>&nbsp;<\/p>\n<p>&nbsp;<\/p>\n<p>&nbsp;<\/p>\n<p>&nbsp;<\/p>\n<p style=\"text-align: justify;\"><span style=\"font-size: 14px; font-family: arial, helvetica, sans-serif;\">Torre Dell\u2019Orologio. To jeden z najstarszych wci\u0105\u017c dzia\u0142aj\u0105cych zegar\u00f3w astronomicznych na \u015bwiecie. Zegar zosta\u0142 zaprojektowany w 1423 r., ale ostatecznie jego budowa zako\u0144czy\u0142a si\u0119 p\u00f3\u0142 wieku p\u00f3\u017aniej. Pokazywa\u0142 nie tylko godziny i minuty, ale tak\u017ce dni miesi\u0105ca, znaki zodiaku i faz\u0119 ksi\u0119\u017cyca.<\/span><\/p>\n<p style=\"text-align: justify;\"><span style=\"font-size: 14px;\">Fresk\u00f3w Giotta szkoda bo to skarb Padwy i na zdj\u0119ciach prezentuj\u0105 si\u0119 interesuj\u0105co. Jak wida\u0107 trzeba odwiedziny miasta dostosowa\u0107 do du\u017co wcze\u015bniej kupionych bilet\u00f3w i czyta\u0107 ze zrozumieniem informacje z netu zaprawionych w turystycznym rzemio\u015ble globtroter\u00f3w.\u00a0 Ale spacer jak najbardziej udany!\u00a0<\/span><\/p>\n<p>&nbsp;<\/p>\n<p>&nbsp;<\/p>\n","protected":false},"excerpt":{"rendered":"<p>Pomys\u0142 na wycieczk\u0119? Sprawdzi\u0107 bezpo\u015brednie loty z Krakowa. Bolonia jest na li\u015bcie a dodatkowo kolejowe odleg\u0142o\u015bci do Ferrary (40min) i Padwy (1h30) czyni\u0105 destynacj\u0119 atrakcyjn\u0105 dla turyst\u00f3w lubi\u0105cych w\u0142oskie klimaty. Bolonia Miasto za\u0142o\u017cyli Etruskowie, podbili celtyccy Bojowie a p\u00f3\u017aniej Rzymianie &#8211; okresowo by\u0142o to nawet drugie miasto imperium! Po d\u0142ugotrwa\u0142ym upadku w czasie wojen z Germanami \u015bwietno\u015b\u0107 przywr\u00f3ci\u0142 Bolonii jej biskup Petroniusz. Nale\u017ca\u0142a do zwi\u0105zku [&hellip;]<\/p>\n","protected":false},"author":1,"featured_media":1185,"comment_status":"closed","ping_status":"closed","sticky":false,"template":"","format":"standard","meta":{"footnotes":""},"categories":[27],"tags":[],"class_list":["post-1172","post","type-post","status-publish","format-standard","has-post-thumbnail","hentry","category-miejsca"],"_links":{"self":[{"href":"https:\/\/go.ianna.pl\/index.php?rest_route=\/wp\/v2\/posts\/1172","targetHints":{"allow":["GET"]}}],"collection":[{"href":"https:\/\/go.ianna.pl\/index.php?rest_route=\/wp\/v2\/posts"}],"about":[{"href":"https:\/\/go.ianna.pl\/index.php?rest_route=\/wp\/v2\/types\/post"}],"author":[{"embeddable":true,"href":"https:\/\/go.ianna.pl\/index.php?rest_route=\/wp\/v2\/users\/1"}],"replies":[{"embeddable":true,"href":"https:\/\/go.ianna.pl\/index.php?rest_route=%2Fwp%2Fv2%2Fcomments&post=1172"}],"version-history":[{"count":47,"href":"https:\/\/go.ianna.pl\/index.php?rest_route=\/wp\/v2\/posts\/1172\/revisions"}],"predecessor-version":[{"id":1222,"href":"https:\/\/go.ianna.pl\/index.php?rest_route=\/wp\/v2\/posts\/1172\/revisions\/1222"}],"wp:featuredmedia":[{"embeddable":true,"href":"https:\/\/go.ianna.pl\/index.php?rest_route=\/wp\/v2\/media\/1185"}],"wp:attachment":[{"href":"https:\/\/go.ianna.pl\/index.php?rest_route=%2Fwp%2Fv2%2Fmedia&parent=1172"}],"wp:term":[{"taxonomy":"category","embeddable":true,"href":"https:\/\/go.ianna.pl\/index.php?rest_route=%2Fwp%2Fv2%2Fcategories&post=1172"},{"taxonomy":"post_tag","embeddable":true,"href":"https:\/\/go.ianna.pl\/index.php?rest_route=%2Fwp%2Fv2%2Ftags&post=1172"}],"curies":[{"name":"wp","href":"https:\/\/api.w.org\/{rel}","templated":true}]}}