{"id":1228,"date":"2016-05-21T22:48:57","date_gmt":"2016-05-21T22:48:57","guid":{"rendered":"https:\/\/go.ianna.pl\/?p=1228"},"modified":"2025-04-18T07:10:45","modified_gmt":"2025-04-18T07:10:45","slug":"gory-choczanskie","status":"publish","type":"post","link":"https:\/\/go.ianna.pl\/?p=1228","title":{"rendered":"G\u00f3ry Chocza\u0144skie"},"content":{"rendered":"<p><img loading=\"lazy\" decoding=\"async\" class=\"alignnone size-medium\" src=\"https:\/\/lh3.googleusercontent.com\/pw\/AP1GczOYxlR2oWHlG7FeURpZaWw9GSDVa9E-5qK-pR0sIrWVGEDSHGa0goaSsv0MZ_RVrUlTXJj0G0ig6vLpyLcZG5E97B2uJ870zGOlWSiofGvtvhdXA96hsb3imq9hBXpe17cBDoGF2CRwCUBoI99yWWvTNA=w1595-h878-s-no-gm?authuser=0\" width=\"1595\" height=\"878\" \/><\/p>\n<p style=\"text-align: justify;\"><span style=\"font-size: 14px;\">G\u00f3ry Chocza\u0144skie \u2013 <i>Cho\u010dsk\u00e9 vrchy<\/i><\/span><\/p>\n<p style=\"text-align: justify;\"><span style=\"font-size: 14px;\">pasmo g\u00f3rskie w \u0141a\u0144cuchu Tatrza\u0144skim w Centralnych Karpatach Zachodnich, w ca\u0142o\u015bci na terenie S\u0142owacji.\u00a0 Podobno jedna z pi\u0119kniejszych <\/span><span style=\"font-size: 14px;\">\u00a0panoram rozci\u0105ga si\u0119 z Wielkiego Chocza (1608 m n.p.m.). Charakterystyczny szczyt wznosi si\u0119 na ponad 900 metr\u00f3w nad okoliczn\u0105 dolin\u0119. Le\u017cy w bliskim s\u0105siedztwie Tatr, Ni\u017cnych Tatr i obu Fatr. Koniecznie trzeba odwiedzi\u0107 tutejsze w\u0105wozy w Dolinie Prosieckiej i Kwacza\u0144skiej, kt\u00f3re przypominaj\u0105\u00a0 S\u0142owacki Raj. A w Valaskiej Dubovej jest jeszcze karczma, gdzie schwytano legendarnego rozb\u00f3jnika, bohatera narodowego Jurka J\u00e1no\u0161\u00edka.<\/span><\/p>\n<p><img loading=\"lazy\" decoding=\"async\" class=\"alignright\" src=\"https:\/\/lh3.googleusercontent.com\/pw\/AP1GczO-0OxfCKaH5GpsMT0dwn69r7vSfpzf2UIOyq7eti7dG_uDcgeKuXKUoduWgkTED3V1_5T-9Y2qvmPtObEXMl_auV1HN6JsDNNVag5Fj8E6BTK9IS6Sr9ARbEZcoE7Q-1wXfS4LEY-73rEItSIVIqdc_g=w1170-h878-s-no-gm?authuser=0\" width=\"376\" height=\"282\" \/><\/p>\n<p>&nbsp;<\/p>\n<p><span style=\"font-size: 14px;\"><a href=\"https:\/\/goo.gl\/photos\/8pRo1bPtp8NQJL1Y9\" target=\"_blank\" rel=\"noopener\">Wielki Chocz<\/a>\u00a0 2016_05_21<\/span><\/p>\n<p><img loading=\"lazy\" decoding=\"async\" class=\"alignnone \" src=\"https:\/\/lh3.googleusercontent.com\/pw\/AP1GczNGjKWEIJhIPMqh20-DvDjLjOitaHrbM8LQ4O80rvKvzGjScCXJpTyi9XsL4N5MmzA79NMa_StM6BeIQ_r91GHzzndCfc69WNzwPJ-k-v9m71st2onrFFekwxAGvpf0_gB9y5jQolHCKgA_3SMwGuyF8Q=w1170-h878-s-no-gm?authuser=0\" width=\"282\" height=\"211\" \/><\/p>\n<p><img loading=\"lazy\" decoding=\"async\" class=\"alignnone size-medium\" src=\"https:\/\/lh3.googleusercontent.com\/pw\/AP1GczNGm5ZA5xZ5sH0p3E9ywm6fCOFmKlyE9T3V1Ruoc7Hhvarv0fM4y6OZfbqskURYlygjQgLNGmLPrtm4KEQRhDdaDb1p2nj_qu6pdYBjw7vhnFaliZaaPhk1GLcnAGpz0Vak0VzAqShxqEPpbP9IZq5hZQ=w1170-h878-s-no-gm?authuser=0\" width=\"1170\" height=\"878\" \/><\/p>\n<p><span style=\"font-size: 14px;\"><a href=\"https:\/\/photos.app.goo.gl\/rdmcSE5KsXFKcNqZ6\" target=\"_blank\" rel=\"noopener\">Dolina Prosiecka i Kwacza\u0144ska<\/a>\u00a0 2015_06_27<\/span><\/p>\n<p><img loading=\"lazy\" decoding=\"async\" class=\"alignnone \" src=\"https:\/\/lh3.googleusercontent.com\/pw\/AP1GczOnpjrbne1XC7oJ8CDBnpwb5SsF2cbVcIgoR5cMPdUPkD9F6LATIo63AZA3jWZLYCTY-Jnb_5Ek_DqGe5ZAETjFeJJsbAD97h-yyzu0ZyDGXAX3KuuOacgNxsQFMvdDpxUEf-aV01SVQcdFq8kOjt1hBQ=w1170-h878-s-no-gm?authuser=0\" width=\"280\" height=\"210\" \/><\/p>\n<p><img loading=\"lazy\" decoding=\"async\" class=\"alignnone size-medium\" src=\"https:\/\/lh3.googleusercontent.com\/pw\/AP1GczPPcEwI2_NQue6Yr_csCC-TeQNUiIksGa8loS_tEuSe1pfHpOAULPNLV1KrR05ZnCCMrVz_yz_KgGtjsfXPiC15yctoX5DPtC_NlMk4MKI8WG07Xe1JkX842TRWN26IoO19xN__H8nFrNvMQhM9fnhxFg=w1170-h878-s-no-gm?authuser=0\" width=\"1170\" height=\"878\" \/><\/p>\n<p><img loading=\"lazy\" decoding=\"async\" class=\"alignnone size-medium\" src=\"https:\/\/lh3.googleusercontent.com\/pw\/AP1GczOvOWWpS7SC5nB3Qb-f_piyqhtAo_UCf7-b7AxfM0Z104LKwqYIm5e83Lb_wJ_AKsNOLEPtggt9IxlDjeqKQjyg75FD3Bpz23mYnl6-pSZghMY9r3BDIYDy47qKe7_Ewhj5sjavXqT_U25EbkVvOBkb8g=w1170-h878-s-no-gm?authuser=0\" width=\"1170\" height=\"878\" \/><\/p>\n<p><img loading=\"lazy\" decoding=\"async\" class=\"alignnone \" src=\"https:\/\/lh3.googleusercontent.com\/pw\/AP1GczNJ-RC_c-H18vigZad7t6i7o1dnTw0otkDdZVwPHSiQqTWAhpFRn_Dh4t6Q6gYFFoQ5Gic9m5DWXovuNwC7ftsueB3boZdW0i6UFdWYjX6iZ5N78SlzJ0M_kamVrJsmKutNesR-4TcdQC8RuQO7RWamqw=w1170-h878-s-no-gm?authuser=0\" width=\"280\" height=\"210\" \/><\/p>\n<p><img loading=\"lazy\" decoding=\"async\" class=\"alignnone size-medium\" src=\"https:\/\/lh3.googleusercontent.com\/pw\/AP1GczManZXBBFc5YPPJyuq_bqfcKntBqEKvABwigXklN-Lyajqx1jVCLk7DXJgKTRqBWGbOAjMq__92b0ztORDN0X9yPBr1SnEv3uMoJ3jkdYBW_cT9jMLyyho-2RfPYcKGJjJfJOOpMQnc7ScchdGh5Pskxw=w1170-h878-s-no-gm?authuser=0\" width=\"1170\" height=\"878\" \/><\/p>\n<p><img loading=\"lazy\" decoding=\"async\" class=\"alignnone \" src=\"https:\/\/lh3.googleusercontent.com\/pw\/AP1GczPO2ggB78WCsAtQVel8Ci8k_0YNFFYYLvwExqm78kTtMXlY1orv1tcn3FLMX_7NKODfx80Yj9u9onG7Y3oDBFS8L8IUXOdzmsndbpakvqy5_0AWd1NxEEuqzmxt1sRrW1KKBjGh-j7djU6Ulir5OQ2o4Q=w659-h878-s-no-gm?authuser=0\" width=\"361\" height=\"481\" \/><\/p>\n","protected":false},"excerpt":{"rendered":"<p>G\u00f3ry Chocza\u0144skie \u2013 Cho\u010dsk\u00e9 vrchy pasmo g\u00f3rskie w \u0141a\u0144cuchu Tatrza\u0144skim w Centralnych Karpatach Zachodnich, w ca\u0142o\u015bci na terenie S\u0142owacji.\u00a0 Podobno jedna z pi\u0119kniejszych \u00a0panoram rozci\u0105ga si\u0119 z Wielkiego Chocza (1608 m n.p.m.). Charakterystyczny szczyt wznosi si\u0119 na ponad 900 metr\u00f3w nad okoliczn\u0105 dolin\u0119. Le\u017cy w bliskim s\u0105siedztwie Tatr, Ni\u017cnych Tatr i obu Fatr. Koniecznie trzeba odwiedzi\u0107 tutejsze w\u0105wozy w Dolinie Prosieckiej i Kwacza\u0144skiej, kt\u00f3re przypominaj\u0105\u00a0 [&hellip;]<\/p>\n","protected":false},"author":1,"featured_media":1273,"comment_status":"closed","ping_status":"closed","sticky":false,"template":"","format":"standard","meta":{"footnotes":""},"categories":[28],"tags":[],"class_list":["post-1228","post","type-post","status-publish","format-standard","has-post-thumbnail","hentry","category-sk"],"_links":{"self":[{"href":"https:\/\/go.ianna.pl\/index.php?rest_route=\/wp\/v2\/posts\/1228","targetHints":{"allow":["GET"]}}],"collection":[{"href":"https:\/\/go.ianna.pl\/index.php?rest_route=\/wp\/v2\/posts"}],"about":[{"href":"https:\/\/go.ianna.pl\/index.php?rest_route=\/wp\/v2\/types\/post"}],"author":[{"embeddable":true,"href":"https:\/\/go.ianna.pl\/index.php?rest_route=\/wp\/v2\/users\/1"}],"replies":[{"embeddable":true,"href":"https:\/\/go.ianna.pl\/index.php?rest_route=%2Fwp%2Fv2%2Fcomments&post=1228"}],"version-history":[{"count":12,"href":"https:\/\/go.ianna.pl\/index.php?rest_route=\/wp\/v2\/posts\/1228\/revisions"}],"predecessor-version":[{"id":1276,"href":"https:\/\/go.ianna.pl\/index.php?rest_route=\/wp\/v2\/posts\/1228\/revisions\/1276"}],"wp:featuredmedia":[{"embeddable":true,"href":"https:\/\/go.ianna.pl\/index.php?rest_route=\/wp\/v2\/media\/1273"}],"wp:attachment":[{"href":"https:\/\/go.ianna.pl\/index.php?rest_route=%2Fwp%2Fv2%2Fmedia&parent=1228"}],"wp:term":[{"taxonomy":"category","embeddable":true,"href":"https:\/\/go.ianna.pl\/index.php?rest_route=%2Fwp%2Fv2%2Fcategories&post=1228"},{"taxonomy":"post_tag","embeddable":true,"href":"https:\/\/go.ianna.pl\/index.php?rest_route=%2Fwp%2Fv2%2Ftags&post=1228"}],"curies":[{"name":"wp","href":"https:\/\/api.w.org\/{rel}","templated":true}]}}