{"id":1240,"date":"2025-04-13T17:34:07","date_gmt":"2025-04-13T17:34:07","guid":{"rendered":"https:\/\/go.ianna.pl\/?p=1240"},"modified":"2025-05-15T09:04:27","modified_gmt":"2025-05-15T09:04:27","slug":"gory-slowacji","status":"publish","type":"post","link":"https:\/\/go.ianna.pl\/?p=1240","title":{"rendered":"G\u00f3ry S\u0142owacji"},"content":{"rendered":"<p style=\"text-align: justify;\"><span style=\"font-size: 14px;\">&#8230; czyli g\u00f3ry w S\u0142owacji poza Tatrami.\u00a0 Pomys\u0142 b\u0142\u0105ka\u0142 si\u0119 gdzie\u015b z ty\u0142u g\u0142owy od dw\u00f3ch wizyt w G\u00f3rach Chocza\u0144skich w 2016 r. Pi\u0119kne perspektywy ze szczytu Wielkiego Chocza na Ma\u0142\u0105 i Wielk\u0105 Fatr\u0119, Ni\u017cne Tatry &#8211; pasma w kt\u00f3rych nigdy nie by\u0142em. Ciekawo\u015b\u0107 powr\u00f3ci\u0142a po realizacji plan\u00f3w tatrza\u0144skich, beskidzkich i widok\u00f3w z Pupova czy Kubinskiej Holi na Wielki Rozsutec. Wielkiej eksploracji nie przewiduj\u0119 ale wypada zna\u0107 przynajmniej topowe miejsca.<\/span><\/p>\n<p><img loading=\"lazy\" decoding=\"async\" class=\"alignnone size-medium\" src=\"http:\/\/go.ianna.pl\/wp-content\/uploads\/2025\/04\/gory_SK.jpg\" width=\"1000\" height=\"508\" \/><\/p>\n<p><span style=\"font-size: 14px;\">2016<\/span><\/p>\n<p><a href=\"https:\/\/go.ianna.pl\/?p=1228\" target=\"_blank\" rel=\"noopener\"><img loading=\"lazy\" decoding=\"async\" class=\"alignnone wp-image-1273\" src=\"http:\/\/go.ianna.pl\/wp-content\/uploads\/2025\/04\/chocz_sk-300x250.jpg\" alt=\"\" width=\"250\" height=\"208\" srcset=\"https:\/\/go.ianna.pl\/wp-content\/uploads\/2025\/04\/chocz_sk-300x250.jpg 300w, https:\/\/go.ianna.pl\/wp-content\/uploads\/2025\/04\/chocz_sk.jpg 479w\" sizes=\"auto, (max-width: 250px) 100vw, 250px\" \/><\/a><\/p>\n<p>&#8230;<\/p>\n","protected":false},"excerpt":{"rendered":"<p>&#8230; czyli g\u00f3ry w S\u0142owacji poza Tatrami.\u00a0 Pomys\u0142 b\u0142\u0105ka\u0142 si\u0119 gdzie\u015b z ty\u0142u g\u0142owy od dw\u00f3ch wizyt w G\u00f3rach Chocza\u0144skich w 2016 r. Pi\u0119kne perspektywy ze szczytu Wielkiego Chocza na Ma\u0142\u0105 i Wielk\u0105 Fatr\u0119, Ni\u017cne Tatry &#8211; pasma w kt\u00f3rych nigdy nie by\u0142em. Ciekawo\u015b\u0107 powr\u00f3ci\u0142a po realizacji plan\u00f3w tatrza\u0144skich, beskidzkich i widok\u00f3w z Pupova czy Kubinskiej Holi na Wielki Rozsutec. Wielkiej eksploracji nie przewiduj\u0119 ale [&hellip;]<\/p>\n","protected":false},"author":1,"featured_media":1432,"comment_status":"closed","ping_status":"closed","sticky":false,"template":"","format":"standard","meta":{"footnotes":""},"categories":[28],"tags":[],"class_list":["post-1240","post","type-post","status-publish","format-standard","has-post-thumbnail","hentry","category-sk"],"_links":{"self":[{"href":"https:\/\/go.ianna.pl\/index.php?rest_route=\/wp\/v2\/posts\/1240","targetHints":{"allow":["GET"]}}],"collection":[{"href":"https:\/\/go.ianna.pl\/index.php?rest_route=\/wp\/v2\/posts"}],"about":[{"href":"https:\/\/go.ianna.pl\/index.php?rest_route=\/wp\/v2\/types\/post"}],"author":[{"embeddable":true,"href":"https:\/\/go.ianna.pl\/index.php?rest_route=\/wp\/v2\/users\/1"}],"replies":[{"embeddable":true,"href":"https:\/\/go.ianna.pl\/index.php?rest_route=%2Fwp%2Fv2%2Fcomments&post=1240"}],"version-history":[{"count":10,"href":"https:\/\/go.ianna.pl\/index.php?rest_route=\/wp\/v2\/posts\/1240\/revisions"}],"predecessor-version":[{"id":1278,"href":"https:\/\/go.ianna.pl\/index.php?rest_route=\/wp\/v2\/posts\/1240\/revisions\/1278"}],"wp:featuredmedia":[{"embeddable":true,"href":"https:\/\/go.ianna.pl\/index.php?rest_route=\/wp\/v2\/media\/1432"}],"wp:attachment":[{"href":"https:\/\/go.ianna.pl\/index.php?rest_route=%2Fwp%2Fv2%2Fmedia&parent=1240"}],"wp:term":[{"taxonomy":"category","embeddable":true,"href":"https:\/\/go.ianna.pl\/index.php?rest_route=%2Fwp%2Fv2%2Fcategories&post=1240"},{"taxonomy":"post_tag","embeddable":true,"href":"https:\/\/go.ianna.pl\/index.php?rest_route=%2Fwp%2Fv2%2Ftags&post=1240"}],"curies":[{"name":"wp","href":"https:\/\/api.w.org\/{rel}","templated":true}]}}