{"id":135,"date":"2023-03-31T11:38:57","date_gmt":"2023-03-31T11:38:57","guid":{"rendered":"https:\/\/go.ianna.pl\/?p=135"},"modified":"2025-05-20T10:52:24","modified_gmt":"2025-05-20T10:52:24","slug":"czechy-prolog","status":"publish","type":"post","link":"https:\/\/go.ianna.pl\/?p=135","title":{"rendered":"Czechy prolog"},"content":{"rendered":"<p style=\"text-align: justify;\"><span style=\"font-size: 14px;\">Dojrzewanie do decyzji by pozna\u0107 kraj po\u0142udniowych s\u0105siad\u00f3w troch\u0119 trwa\u0142o. Ale wizyty na prze\u0142omie 2022\/23 w zwi\u0105zku z eksploracj\u0105\u00a0 Beskidu \u015al\u0105sko &#8211; Morawskiego tylko wzmog\u0142y ciekawo\u015b\u0107. Zatem pomys\u0142 by poszczeg\u00f3lne regiony obj\u0105\u0107 wizytami d\u0142u\u017cszo-weekendowymi od sierpnia &#8217;23 zacz\u0119to realizowa\u0107.\u00a0 <em>\u00a0<a href=\"https:\/\/www.visitczechia.com\/pl-pl\" target=\"_blank\" rel=\"noopener\"> #VisitCzechia<\/a><\/em><\/span>. <span style=\"font-size: 14px;\">Umkn\u0105\u0107 uwadze nie mo\u017ce te\u017c czeska lista zabytk\u00f3w zabytk\u00f3w<em><a href=\"https:\/\/pl.czech-unesco.org\/zabytki-unesco\/#page_start\" target=\"_blank\" rel=\"noopener\"> Unesco<\/a>.<\/em>\u00a0<\/span><\/p>\n<p><span style=\"font-size: 14px;\"><a href=\"https:\/\/goo.gl\/photos\/AmUSxrbe6r9MDobR8\" target=\"_blank\" rel=\"noopener\">2014_11<\/a>\u00a0 \u00a0 Prze\u0142 Pustevny, Stramberk, Pribor<\/span><\/p>\n<p><img loading=\"lazy\" decoding=\"async\" class=\"alignnone size-medium\" src=\"https:\/\/lh3.googleusercontent.com\/pw\/AP1GczO5CBpm1Yy5i140OZ74YXrosztsQ-1UMa_UXFEKhqrhRNGKVpfsXvA9Y-eAJA0Kb06uTD53lCxums6-P8fM05xZ5aw-hMVKnIy30RbfnQcmwG0hsKCDwKOrabllNkwAzQdy13Ip7ZzAuda_3lXqzGPbAw=w1316-h878-s-no-gm?authuser=0\" width=\"1316\" height=\"878\" \/><\/p>\n<p style=\"text-align: justify;\"><span style=\"font-size: 14px;\"><a href=\"https:\/\/goo.gl\/photos\/KPJB8ZYwQGiTP5Yx5\" target=\"_blank\" rel=\"noopener\">2016_07<\/a>\u00a0 \u00a0Tr\u00f3jk\u0105t uzdrowisk &#8211; \u00a0Karlowe Wary, Maria\u0144skie \u0141a\u017anie oraz Franciszkowe \u0141a\u017anie wyr\u00f3\u017cnia uk\u0142ad architektoniczny, parki, uj\u0119cia \u017ar\u00f3de\u0142 mineralnych, specyficzny klimat.\u00a0 Od 2021 na li\u015bcie Unesco.<\/span><\/p>\n<p><img loading=\"lazy\" decoding=\"async\" class=\"alignnone size-medium\" src=\"https:\/\/lh3.googleusercontent.com\/pw\/AP1GczNUsfbizJEsUttnr7ODpE-Ude8DMHOW5LPP8uUoGJHdYk18mdY1M9UkBGDGGN-jG7LeUjqVfwn4oqwyYDSJfik29Ro6fHKE0p8UT-dGOUkFoK2SL9TEk89MNasULYOEZeObvoXHijAC-dz2JtofZ85arA=w1316-h878-s-no-gm?authuser=0\" width=\"1316\" height=\"878\" \/><\/p>\n<p><span style=\"font-size: 14px;\"><a href=\"https:\/\/photos.app.goo.gl\/uKLXwAJzPqRXsMCn9\" target=\"_blank\" rel=\"noopener\">2022_10<\/a>\u00a0 \u00a0 Herczawa, Jab\u0142onk\u00f3w, Tr\u00f3jstyk Granic<\/span><\/p>\n<p><img loading=\"lazy\" decoding=\"async\" class=\"alignnone size-medium\" src=\"https:\/\/lh3.googleusercontent.com\/pw\/AP1GczPP0Kem30s2RpFcX4yCpqvDPPnCuFlA0VdNniu1qLrkcNquZXEtDnynYHz4cnf3S4SL0JapJQZzfEzSG4n1YLmP474LbqvhRStB6cnUbNmOAxNAh7PNZNMkRrQyhQP2xL8aaWNz_dOG5iEvab27iU_E5A=w1317-h878-s-no-gm?authuser=0\" width=\"1317\" height=\"878\" \/><\/p>\n<p><span style=\"font-size: 14px;\"><a href=\"https:\/\/photos.app.goo.gl\/JgPT5xe5KCmKBrsWA\" target=\"_blank\" rel=\"noopener\">2022_11<\/a>\u00a0 \u00a0 Frydek, Nowy Jiczyn, Kop\u0159ivnice kolekcja Tatry<\/span><\/p>\n<p><img loading=\"lazy\" decoding=\"async\" class=\"alignnone size-medium\" src=\"https:\/\/lh3.googleusercontent.com\/pw\/AP1GczMMkHqkPS-9HEBH-KcvhlMP6032bhz6onnvHtVHou_PPer5K6x1kZT-eMUwUhAJj7-niVhwL9Gqs_Tfnv429aFGkI9WFyMXOEwPd9xNUGezJ_Q6mPxHTo7fEQ3Z8FsJaytFkXPhdOjDl6LK1KVe6SCoHQ=w1317-h878-s-no-gm?authuser=0\" width=\"1317\" height=\"878\" \/><\/p>\n<p><span style=\"font-size: 14px;\"><a href=\"https:\/\/photos.app.goo.gl\/aSF2kChkNFR4dEeG9\" target=\"_blank\" rel=\"noopener\">2023_01<\/a>\u00a0 \u00a0 Skansen Ro\u017cn\u00f3w, Prze\u0142\u0119cz Pustevny: Libu\u0161\u00edn, Mam\u011bnka, Stezka Vala\u0161ka<\/span><\/p>\n<p><em style=\"font-size: 14px; text-align: justify;\"><img loading=\"lazy\" decoding=\"async\" class=\"alignnone\" src=\"https:\/\/lh3.googleusercontent.com\/pw\/AP1GczPVJR3I13MMpj5pGbCWnbx31l7TNLSrcqKXuDmpLON9yRfUcTEFdYueEV9E-qZdaZmyOs_0xsgmArDwf9A1ou00h0ic6q5f6EoL3wUz1XCkaqWA_jRUx92bW_2x3cmBYO8QFho9-nk-Wq0OgY5QkjvzcA=w1385-h923-s-no-gm?authuser=0\" width=\"921\" height=\"614\" \/><\/em><\/p>\n<p><span style=\"font-size: 14px;\"><strong>Korona Beskid\u00f3w Czeskich<\/strong><img loading=\"lazy\" decoding=\"async\" class=\" wp-image-142 alignright\" src=\"http:\/\/go.ianna.pl\/wp-content\/uploads\/2024\/10\/Beskid_SM-300x250.jpg\" alt=\"\" width=\"306\" height=\"255\" srcset=\"https:\/\/go.ianna.pl\/wp-content\/uploads\/2024\/10\/Beskid_SM-300x250.jpg 300w, https:\/\/go.ianna.pl\/wp-content\/uploads\/2024\/10\/Beskid_SM.jpg 601w\" sizes=\"auto, (max-width: 306px) 100vw, 306px\" \/><\/span><\/p>\n<p><span style=\"font-size: 14px;\"><a href=\"https:\/\/goo.gl\/photos\/3VqKdphfv46chiWSA\" target=\"_blank\" rel=\"noopener\">2014_11<\/a>\u00a0 \u00a0 Lysa Hora<\/span><\/p>\n<p><span style=\"font-size: 14px;\"><a href=\"https:\/\/photos.app.goo.gl\/S6VPe5kwPy9NgrDq7\" target=\"_blank\" rel=\"noopener\">2022_10<\/a>\u00a0 \u00a0 Smrek, Bobek<\/span><\/p>\n<p><span style=\"font-size: 14px;\"><a href=\"https:\/\/photos.app.goo.gl\/o9tqM2VEAnwgyhmaA\" target=\"_blank\" rel=\"noopener\">2023_01<\/a>\u00a0 \u00a0 Velky Polom<\/span><\/p>\n<p><span style=\"font-size: 14px;\"><a href=\"https:\/\/photos.app.goo.gl\/QDniaNbR6mNGBxk6A\" target=\"_blank\" rel=\"noopener\">2023_02<\/a>\u00a0 \u00a0 Ropica<\/span><\/p>\n<p><span style=\"font-size: 14px;\"><a href=\"https:\/\/photos.app.goo.gl\/4fMHXhznjeSV8htS7\" target=\"_blank\" rel=\"noopener\">2023_03<\/a>\u00a0 \u00a0 Wielki Jawornik<\/span><\/p>\n<p>&nbsp;<\/p>\n<p><img loading=\"lazy\" decoding=\"async\" class=\"alignnone size-medium\" src=\"https:\/\/lh3.googleusercontent.com\/pw\/AP1GczNJOJi52d6P_qfgejStGsX4aBRnrEvmc_DMKbzet8gUaivqZ26RfCdVnFP66zpEguliTUtoI5gLiTk2mh-bu1ClTnvC-wNX3-rHXOOIrD3rgIbzbIvZVF9egBiX-AgQ8vNPONpnkC1XPiNY7w1PPIsAMA=w1317-h878-s-no-gm?authuser=0\" width=\"1317\" height=\"878\" \/><\/p>\n","protected":false},"excerpt":{"rendered":"<p>Dojrzewanie do decyzji by pozna\u0107 kraj po\u0142udniowych s\u0105siad\u00f3w troch\u0119 trwa\u0142o. Ale wizyty na prze\u0142omie 2022\/23 w zwi\u0105zku z eksploracj\u0105\u00a0 Beskidu \u015al\u0105sko &#8211; Morawskiego tylko wzmog\u0142y ciekawo\u015b\u0107. Zatem pomys\u0142 by poszczeg\u00f3lne regiony obj\u0105\u0107 wizytami d\u0142u\u017cszo-weekendowymi od sierpnia &#8217;23 zacz\u0119to realizowa\u0107.\u00a0 \u00a0 #VisitCzechia. Umkn\u0105\u0107 uwadze nie mo\u017ce te\u017c czeska lista zabytk\u00f3w zabytk\u00f3w Unesco.\u00a0 2014_11\u00a0 \u00a0 Prze\u0142 Pustevny, Stramberk, Pribor 2016_07\u00a0 \u00a0Tr\u00f3jk\u0105t uzdrowisk &#8211; \u00a0Karlowe Wary, Maria\u0144skie \u0141a\u017anie [&hellip;]<\/p>\n","protected":false},"author":1,"featured_media":21,"comment_status":"closed","ping_status":"closed","sticky":false,"template":"","format":"standard","meta":{"footnotes":""},"categories":[19],"tags":[],"class_list":["post-135","post","type-post","status-publish","format-standard","has-post-thumbnail","hentry","category-czechy"],"_links":{"self":[{"href":"https:\/\/go.ianna.pl\/index.php?rest_route=\/wp\/v2\/posts\/135","targetHints":{"allow":["GET"]}}],"collection":[{"href":"https:\/\/go.ianna.pl\/index.php?rest_route=\/wp\/v2\/posts"}],"about":[{"href":"https:\/\/go.ianna.pl\/index.php?rest_route=\/wp\/v2\/types\/post"}],"author":[{"embeddable":true,"href":"https:\/\/go.ianna.pl\/index.php?rest_route=\/wp\/v2\/users\/1"}],"replies":[{"embeddable":true,"href":"https:\/\/go.ianna.pl\/index.php?rest_route=%2Fwp%2Fv2%2Fcomments&post=135"}],"version-history":[{"count":18,"href":"https:\/\/go.ianna.pl\/index.php?rest_route=\/wp\/v2\/posts\/135\/revisions"}],"predecessor-version":[{"id":1453,"href":"https:\/\/go.ianna.pl\/index.php?rest_route=\/wp\/v2\/posts\/135\/revisions\/1453"}],"wp:featuredmedia":[{"embeddable":true,"href":"https:\/\/go.ianna.pl\/index.php?rest_route=\/wp\/v2\/media\/21"}],"wp:attachment":[{"href":"https:\/\/go.ianna.pl\/index.php?rest_route=%2Fwp%2Fv2%2Fmedia&parent=135"}],"wp:term":[{"taxonomy":"category","embeddable":true,"href":"https:\/\/go.ianna.pl\/index.php?rest_route=%2Fwp%2Fv2%2Fcategories&post=135"},{"taxonomy":"post_tag","embeddable":true,"href":"https:\/\/go.ianna.pl\/index.php?rest_route=%2Fwp%2Fv2%2Ftags&post=135"}],"curies":[{"name":"wp","href":"https:\/\/api.w.org\/{rel}","templated":true}]}}