{"id":1382,"date":"2025-05-04T16:11:20","date_gmt":"2025-05-04T16:11:20","guid":{"rendered":"https:\/\/go.ianna.pl\/?p=1382"},"modified":"2025-05-07T20:07:12","modified_gmt":"2025-05-07T20:07:12","slug":"morawy-poludniowe","status":"publish","type":"post","link":"https:\/\/go.ianna.pl\/?p=1382","title":{"rendered":"Morawy Po\u0142udniowe"},"content":{"rendered":"<p><span style=\"font-size: 14px;\">Czechy 1-4.05.2025.\u00a0 \u00a0 Wycieczka w krain\u0119 wina i zabytk\u00f3w Unesco.\u00a0<\/span><\/p>\n<p><strong><span style=\"font-size: 14px;\">Kromiery\u017c (Krom\u011b\u0159\u00ed\u017e)<a href=\"https:\/\/photos.app.goo.gl\/aPvDn434F5LVfMcr9\" target=\"_blank\" rel=\"noopener\"><img loading=\"lazy\" decoding=\"async\" class=\"wp-image-70 alignright\" src=\"http:\/\/go.ianna.pl\/wp-content\/uploads\/2024\/08\/foto.jpg\" alt=\"\" width=\"50\" height=\"37\" \/><\/a><\/span><\/strong><\/p>\n<p style=\"text-align: justify;\"><span style=\"font-size: 14px;\">Powr\u00f3t po wizycie z zesz\u0142ym roku ju\u017c z wej\u015bci\u00f3wkami do Pa\u0142acu Arcybiskup\u00f3w i Ogrod\u00f3w Kwiatowych. W 1997 roku Kromiery\u017c zosta\u0142 uznany za najpi\u0119kniejsze miasto historyczne w Republice Czeskiej, a rok p\u00f3\u017aniej\u00a0 zamek wraz z ogrodami zosta\u0142 wpisany na list\u0119 \u015bwiatowego dziedzictwa UNESCO. W r<\/span><span style=\"font-size: 14px;\">ezydencji arcybiskup\u00f3w o\u0142omunieckich mo\u017cna podziwia\u0107 bogate wn\u0119trza i kolekcj\u0119 malarstwa (maj\u0105 Tycjana) oraz cenne starodruki w bibliotece. Bezpo\u015brednio do zamku przylega ogr\u00f3d a w\u0142a\u015bciwie park krajobrazowy <\/span><span style=\"font-size: 14px;\">(36ha!)<\/span><span style=\"font-size: 14px;\">\u00a0 Nieco dalej, w zasi\u0119gu kilkuminutowego spaceru ulokowany jest Ogr\u00f3d Kwiatowy. Fontanny, kompozycje kwiatowe, przyci\u0119te \u017cywop\u0142oty. Tulipany ju\u017c co prawda przekwit\u0142y ale te\u017c jest pi\u0119knie!<\/span><\/p>\n<p><img loading=\"lazy\" decoding=\"async\" class=\"alignleft\" src=\"https:\/\/lh3.googleusercontent.com\/pw\/AP1GczMUr0qqk_xUrvc9-3_08xaK-snOyZlxUrtmed0-D5DbnU0bw53hxu7q_s_7XQhaOl92JxqyK_75aMXLVlzef8c_KHyzIyBAm9iiNcDOx-JQ-WWNyYxgS92p-flNy6i3vrY0TLO5LUzPBUZc8LXOycQ8=w609-h913-s-no-gm?authuser=1\" width=\"359\" height=\"538\" \/><\/p>\n<p><img loading=\"lazy\" decoding=\"async\" class=\" alignright\" src=\"https:\/\/lh3.googleusercontent.com\/pw\/AP1GczNchp-gMJ2oXqxVuwIlvt7rllwZEhljGHsud8w81ZGg0vwDm6LyqHYhBLRMQvDphwJDqSBUpq9zURWbnoc53lTo1oBzlk7LPyX-rhFoVB7dLpcBoYFymk7t_cQ51DiFKpjNNoQSGwDcrSw2cBdNjBXL=w1024-h683-s-no-gm?authuser=1\" width=\"401\" height=\"267\" \/><\/p>\n<p>&nbsp;<\/p>\n<p>&nbsp;<\/p>\n<p>&nbsp;<\/p>\n<p>&nbsp;<\/p>\n<p>&nbsp;<\/p>\n<p>&nbsp;<\/p>\n<p>&nbsp;<\/p>\n<p><img loading=\"lazy\" decoding=\"async\" class=\" alignright\" src=\"https:\/\/lh3.googleusercontent.com\/pw\/AP1GczMyHc_CylOaowLrli-Nb6xcpHb_efsaPielycIfce94Zl7qGK4ESn7ayIiYbAqaWpXIUT3UD8Rfx1_QPGYFutdOEx9tUAnLUsLs9Ln3gD--ClAe350mSPiBueVyiomd4QuASlPmkx4ECa8pRIuvrSXU=w1024-h683-s-no-gm?authuser=1\" width=\"401\" height=\"267\" \/><\/p>\n<p>&nbsp;<\/p>\n<p>&nbsp;<\/p>\n<p>&nbsp;<\/p>\n<p>&nbsp;<\/p>\n<p>&nbsp;<\/p>\n<p>&nbsp;<\/p>\n<p>&nbsp;<\/p>\n<p>&nbsp;<\/p>\n<p><img loading=\"lazy\" decoding=\"async\" class=\"alignnone size-medium\" src=\"https:\/\/lh3.googleusercontent.com\/pw\/AP1GczO16j_UCE4MdZI2Sq_CMiDFRQyAJ8ABbSDPBWrKWZEvuVjWs-E_CT8zNQpYntHiSWO3VhPn9pQWLF7jq4cB9Xgn2cJ5CgNnd79ZnJH5p-ZsnQl_sApbfoG_d1QyVDU3648WT-UC0R2aRUi3j9-iz_kG=w1024-h683-s-no-gm?authuser=1\" width=\"1024\" height=\"683\" \/><\/p>\n<p><strong><span style=\"font-size: 14px;\">Brno<\/span><\/strong><\/p>\n<p style=\"text-align: justify;\"><span style=\"font-size: 14px;\">Historyczna stolica Moraw. Drugie miasto po Pradze co do wielko\u015bci. Siedziba S\u0105du Najwy\u017cszego, S\u0105du Konstytucyjnego i Ombudsmana Republiki Czeskiej.<\/span><\/p>\n<p><img loading=\"lazy\" decoding=\"async\" class=\"alignnone \" src=\"https:\/\/lh3.googleusercontent.com\/pw\/AP1GczOlgt24nNpDGsKB5LB4nMfl07dm2hpd-OAJICG5a_vXLrBr8H6aOyUg1YTCONecTqM8splIZ0RzxqFgT12u7npJhbofECFUzsu941mpZQJDu2z8Z6i99bNbBUdrohxYGfMiTgwBMy92aizWL9TSbZ0Y=w1024-h683-s-no-gm?authuser=0\" width=\"374\" height=\"250\" \/><img loading=\"lazy\" decoding=\"async\" class=\"alignnone \" src=\"https:\/\/lh3.googleusercontent.com\/pw\/AP1GczN1zG9UWasjv2NfQwy2VLO0ZqLc-1V2rtNdOS_LWOciPhrGgTwmeMZuJ723upXVPu_IPUX2o3M848STp1mXdaXjvmqMWKGzbavmIEd_0UQbYkLt71sQAA4C6LOE4nwCFYa9zcUMPJo_m0WG0yQh49go=w1024-h683-s-no-gm?authuser=0\" width=\"374\" height=\"250\" \/><\/p>\n<p style=\"text-align: justify;\"><span style=\"font-size: 14px;\">Wi\u0119kszo\u015b\u0107 ciekawych miejsc skupionych jest wok\u00f3\u0142 placu Zeln\u00fd trh. Na \u015brodku wznosi si\u0119 barokowa fontanna Parnas i kolumna Tr\u00f3jcy Przenaj\u015bwi\u0119tszej. Sympatyczne miejsce z codziennym targiem warzywnym w \u015brodku miasta. St\u0105d ju\u017c niedaleko do do katedry \u015bw. Piotra i Paw\u0142a czy Starego Ratusza.<\/span><\/p>\n<p><img loading=\"lazy\" decoding=\"async\" class=\"alignnone \" src=\"https:\/\/lh3.googleusercontent.com\/pw\/AP1GczPWob9IelGi1chju2KlU0kKV3GsRJJuBTuSF7Qej-EB7-OahrJQ3vIntKvD76SDrF6d1_L9Kcl7T1rydLDv56MOaU5VnL3N2m5HdTtPtg5tCfklEfkw-LdBojOZ9MdnMQwIEkWG5EYMXx2uwefzrAvQ=w1024-h683-s-no-gm?authuser=1\" width=\"374\" height=\"249\" \/><img loading=\"lazy\" decoding=\"async\" class=\"alignright\" src=\"https:\/\/lh3.googleusercontent.com\/pw\/AP1GczM01ocsvQ5E9-KNa2GYLFRpgWGeg1wgmXbRvJTa5K5fXYS2Kj7FUpjP9DrsIeEM3HepliR_uY5OIBJSN-r_Dxo9f1EMKPx9LHt3SISNeDgwJGuSCxtKqjS9v6a2NEpfhBBZdeRzOqNLCOtOzCFsFx51=w609-h913-s-no-gm?authuser=0\" width=\"375\" height=\"563\" \/><\/p>\n<p>&nbsp;<\/p>\n<p style=\"text-align: justify;\"><span style=\"font-size: 14px;\">N\u00e1m\u011bst\u00ed Svobody i pobliskie uliczki. Kolumna morowa plus wiele ciekawych architektonicznie budynk\u00f3w oraz <\/span><span style=\"font-size: 14px;\">Brnensky orloj (zegar astronomiczny).<\/span><\/p>\n<p><img loading=\"lazy\" decoding=\"async\" class=\"alignleft\" src=\"https:\/\/lh3.googleusercontent.com\/pw\/AP1GczO3KL8yxzD71itElkTBaUqBibJwtxuQ3V4vtfM7R-JRIpBYhU1dvCa5XYz3kANdzBBm35kFHA6hCD5nbeS8S0xYMfWFsaouphKg4zfyU1E5s3iGNq4X4zFuXAbdAdh02KA_RmpwRsBFwdkgK2bDeEkr=w1024-h683-s-no-gm?authuser=0\" width=\"377\" height=\"251\" \/><\/p>\n<p>&nbsp;<\/p>\n<p>&nbsp;<\/p>\n<p>&nbsp;<\/p>\n<p>&nbsp;<\/p>\n<p>&nbsp;<\/p>\n<p style=\"text-align: justify;\"><span style=\"font-size: 14px;\">Brak\u0142o czasu na\u00a0 podziemia Zielonego targu, zamek \u0160pilberk oraz will\u0119 Tugendhat\u00f3w (na li\u015bcie Unesco) ale tu bilety warto zakupi\u0107 2 miesi\u0105ce wcze\u015bniej!<\/span><\/p>\n<p><img loading=\"lazy\" decoding=\"async\" class=\"alignnone size-medium\" src=\"https:\/\/lh3.googleusercontent.com\/pw\/AP1GczOwRjGWinS8TRdQOc1x0tknib3lqzt-vDEhZjQJAot8TjsLswA8dx6A-HNJ6hM2g8PFqEz9LWUlU63pbmJT_BKaEd99Lh6y0qRlIoLouGaQmGEw9r_kYIvNWApqtblGsIyAqHsX4n2tM3xicZHJce--=w1024-h683-s-no-gm?authuser=1\" width=\"1024\" height=\"683\" \/><\/p>\n<p><strong><span style=\"font-size: 14px;\">Lednice<a href=\"https:\/\/photos.app.goo.gl\/86jQBQsGRtxiNRrSA\" target=\"_blank\" rel=\"noopener\"><img loading=\"lazy\" decoding=\"async\" class=\"wp-image-70 alignright\" src=\"http:\/\/go.ianna.pl\/wp-content\/uploads\/2024\/08\/foto.jpg\" alt=\"\" width=\"50\" height=\"37\" \/><\/a><\/span><\/strong><\/p>\n<p style=\"text-align: justify;\"><span style=\"font-size: 14px;\">Miejscowo\u015b\u0107 sta\u0142a si\u0119 s\u0142ynna dzi\u0119ki przepi\u0119knemu, XIX-wiecznemu pa\u0142acowi przebudowanemu w\u00a0<\/span><span style=\"font-size: 14px;\">neogotyckim <\/span><span style=\"font-size: 14px;\">stylu Tudor\u00f3w przez w\u0142a\u015bcicieli okolicznych ziem \u2013 rodu Liechtenstein\u00f3w. Pa\u0142ac zosta\u0142 wpisany w 1996 roku na list\u0119 \u015bwiatowego dziedzictwa UNESCO w ramach Lednicko-valtickiego zespo\u0142u zabytk\u00f3w. W doskona\u0142ym stanie zachwyca liczne rzesze turyst\u00f3w r\u00f3wnie\u017c tych na rowerach ( rower po czesku <\/span><em style=\"font-size: 14px;\">kolo<\/em><span style=\"font-size: 14px;\">).<\/span><\/p>\n<p><img loading=\"lazy\" decoding=\"async\" class=\"alignnone size-medium\" src=\"https:\/\/lh3.googleusercontent.com\/pw\/AP1GczMdhoonlI2JEuIkeDLQdbkdDGkp5OgZbgXphM2zM0uQgIbQubXXYKVA1iI6qBg-OX4SlQRmZOpp8QHm9Rti48XZ-Q7uKIcfqNwAaCCoCNjUQQ_vwBdAnJZfKDxQgI9qd69iIVqbq_kJVGdFdIjPwiR9=w1024-h683-s-no-gm?authuser=1\" width=\"1024\" height=\"683\" \/><\/p>\n<p><strong><span style=\"font-size: 14px;\">Mikulov<\/span><\/strong><\/p>\n<p style=\"text-align: justify;\"><span style=\"font-size: 14px;\">Miasto usytuowane jest w\u015br\u00f3d\u00a0 r\u00f3wnin\u00a0 na wzg\u00f3rzu.\u00a0 Nad samym Mikulovem g\u00f3ruj\u0105 trzy wzg\u00f3rza, na kt\u00f3rych szczytach znajduj\u0105 si\u0119 tutejszy pa\u0142ac, ko\u015bci\u00f3\u0142 oraz obronny gr\u00f3d. Charakterystycznym elementem otoczenia miasta s\u0105 rozleg\u0142e winnice, kt\u00f3re od wiek\u00f3w dominuj\u0105 w krajobrazie i s\u0105 \u017ar\u00f3d\u0142em s\u0142ynnego morawskiego wina. Na najwy\u017cszym \u2013 363 m \u2013 \u015awi\u0119tym Pag\u00f3rku (Svat\u00fd kope\u010dek) stoj\u0105 barokowe kaplice. Z drugiej strony, nad miastem dominuje strzeg\u0105cy od wiek\u00f3w drogi z Austrii na Morawy zamek, pierwotnie roma\u0144ski,\u00a0 w obecnym kszta\u0142cie przebudowany w 1719 roku.<\/span><\/p>\n<p><img loading=\"lazy\" decoding=\"async\" class=\"alignnone size-medium\" src=\"https:\/\/lh3.googleusercontent.com\/pw\/AP1GczPvvhMd6jmeNYcVzprLdfqXrIHlDPDQi1yzzpL6mWtZ1dT1I0-Nmib3OrBhsIUtDakz9m0FrPARkAypZ-x8XWxoO3dSdBZO-zb8E8ClUd-9OXbEMQN_M0SbBKyX5XWWGoTGcoljTKAe5FozLVRqbykB=w1024-h683-s-no-gm?authuser=1\" width=\"1024\" height=\"683\" \/><\/p>\n<p style=\"text-align: justify; padding-left: 40px;\"><em><span style=\"font-size: 14px;\">Wysoczyna\u00a0 (<em lang=\"cs\">Vyso\u010dina) <\/em>pag\u00f3rkowate krajobrazy, stawy, g\u0119ste lasy, ziele\u0144 p\u00f3l uprawnych i \u017c\u00f3\u0142\u0107 kwitn\u0105cego rzepaku (maj). Stolic\u0105 regionu jest Jihlava, miasto zawdzi\u0119czaj\u0105ce sw\u00f3j rozw\u00f3j tutejszym kopalniom srebra. Z miastem by\u0142 zwi\u0105zany Gustav Mahler. Obszar przenikania Moraw i Czech z artyku\u0142owaniem w\u0142asnej odr\u0119bno\u015bci.\u00a0<\/span><\/em><\/p>\n<p><span style=\"font-size: 14px;\"><strong>Trzebicz<\/strong> (<b>T\u0159eb\u00ed\u010d)\u00a0 <strong><a href=\"https:\/\/photos.app.goo.gl\/awuzYfGTkb3S3xue6\" target=\"_blank\" rel=\"noopener\"><img loading=\"lazy\" decoding=\"async\" class=\"wp-image-70 alignright\" src=\"http:\/\/go.ianna.pl\/wp-content\/uploads\/2024\/08\/foto.jpg\" alt=\"\" width=\"50\" height=\"37\" \/><\/a><\/strong><\/b><\/span><\/p>\n<p style=\"text-align: justify;\"><span style=\"font-size: 14px;\">Historia tego miasta jest zwi\u0105zana z za\u0142o\u017ceniem w 1101 roku klasztoru benedyktyn\u00f3w. Dzi\u0119ki dogodnemu po\u0142o\u017ceniu na brzegach rzeki Jihlavy i szczodro\u015bci jego za\u0142o\u017cycieli miasto to w kr\u00f3tkim czasie sta\u0142o si\u0119 wa\u017cnym centrum \u017cycia religijnego i edukacji. T\u0159eb\u00ed\u010d by\u0142 w przesz\u0142o\u015bci wa\u017cnym o\u015brodkiem kultury \u017cydowskiej na Morawach &#8211;\u00a0 przypomina o tym zachowana dzielnica \u017cydowska. Wojenna zawierucha r\u00f3wnie\u017c tam zniszczy\u0142a spo\u0142eczno\u015b\u0107 \u017byd\u00f3w ale na szcz\u0119\u015bcie \u015blady pozosta\u0142y ( Synagoga, kilka mniej lub bardziej oryginalnie zachowanych budynk\u00f3w).\u00a0 Zachwyca\u00a0 bazylika \u015bw. Prokopa &#8211; \u015bwietnie zachowany przyk\u0142ad sakralnego\u00a0 budownictwa roma\u0144skiego.\u00a0 W 2003 roku zosta\u0142y wpisane na list\u0119 dziedzictwa kulturowego UNESCO.<\/span><\/p>\n<p><img loading=\"lazy\" decoding=\"async\" class=\"alignnone \" src=\"https:\/\/lh3.googleusercontent.com\/pw\/AP1GczMJx6x1H_8JalYI5Afbr57t_2GNwC0KRkXKprnyhTBx3CRFQs0iFhFTVKpkfO2-HXhqVpm6M3zw9VnYAPuYsINOgiYIqgwfBTAGv91rQFbhvPKiD4tDTdmWyy4IYORVYSVLAwwLX6ujEdutWN8OvQt2=w1024-h683-s-no-gm?authuser=1\" width=\"401\" height=\"267\" \/><img loading=\"lazy\" decoding=\"async\" class=\"alignright\" src=\"https:\/\/lh3.googleusercontent.com\/pw\/AP1GczObLPckYQzyG4UEgNa7GvjQwp3nMoXXdYCbkeeexvZ1Sc-JArXIeXjKUBg3kbveX1mAfrbvnIUZKjVibc42w-HW2F2yMQV2Xirw2dBfx0xdbpS8j8ZEFxZeXrjQ2O8EHt53u-4N7y-9-XIv-Bnra1wn=w609-h913-s-no-gm?authuser=1\" width=\"349\" height=\"523\" \/><\/p>\n<p><img loading=\"lazy\" decoding=\"async\" class=\"alignnone \" src=\"https:\/\/lh3.googleusercontent.com\/pw\/AP1GczPXYgUy1CjS7Amz2FBnyQGKAfvabKVIbgmSZEQb_dTn1BVZ_93sd_qPKQJkUVHyjZm_AtnUKc9_P2UZQOsF9Sp8VbZg7LkllnJycnJGUoYQraA_xj5MxSkE24-2J6QpImEuzkT1t6ybhPEIsEz0XCj8=w1024-h683-s-no-gm?authuser=1\" width=\"401\" height=\"267\" \/><\/p>\n<p style=\"text-align: justify;\"><span style=\"font-size: 14px;\"><strong>Telcz\u00a0 (Tel\u010d).<\/strong>\u00a0 <\/span><\/p>\n<p style=\"text-align: justify;\"><span style=\"font-size: 14px;\">Wed\u0142ug legendy powstanie miasta jest zwi\u0105zane ze zwyci\u0119stwem w 1099 roku morawskiego ksi\u0119cia Ottona II nad czeskim ksi\u0119ciem Brzetys\u0142awem. W\u0142a\u015bnie z inicjatywy Ottona za\u0142o\u017cono kaplic\u0119, nast\u0119pnie ko\u015bci\u00f3\u0142 i osad\u0119 &#8211; obecnie stare miasto. Historyczne centrum\u00a0 przez wieki zachowa\u0142o\u00a0 sw\u00f3j niepowtarzalny charakter i cieszy oko fotoamatora uroczymi kamieniczkami. <\/span><span style=\"font-size: 14px;\">Szereg renesansowych i barokowych dom\u00f3w mieszcza\u0144skich do dzi\u015b otacza obronny kompleks staw\u00f3w rybnych. Gotycki zamek zosta\u0142 przebudowany w stylu renesansowym na ko\u0144cu XVI wieku. <\/span><span style=\"font-size: 14px;\">W 1992\u00a0 wpisane na list\u0119 UNESCO.\u00a0<\/span><\/p>\n<p><img loading=\"lazy\" decoding=\"async\" class=\"alignnone size-medium\" src=\"https:\/\/lh3.googleusercontent.com\/pw\/AP1GczO1-r84wyhrVfvBTQW_uwkSN2NGYdWPx2zCQ_LvjQQmipEvfWcmNu26WLR_SgsFhmd52hCoUZQAZEkOhNkrNPhJ9XYtpc8w4jFOmOCgjK0Q7vWq-O6iLSUNoV426M9auRLhy0yS6SrExg1TbLifhq9b=w1024-h575-s-no-gm?authuser=1\" width=\"1024\" height=\"575\" \/><\/p>\n<p><strong><span style=\"font-size: 14px;\">Slavonice<\/span><\/strong><\/p>\n<p style=\"text-align: justify;\"><span style=\"font-size: 14px;\">Miasto Slavonice wzbogaci\u0142o si\u0119 dzi\u0119ki za\u0142o\u017conej tutaj w XVI wieku stacji pocztowej mi\u0119dzy Prag\u0105 a Wiedniem. Z tego okresu pochodz\u0105 pi\u0119kne, bogato zdobione domy mieszcza\u0144skie. W p\u00f3\u017aniejszych latach szlak pocztowy przesta\u0142 odgrywa\u0107 znacz\u0105c\u0105 rol\u0119, miasto spl\u0105drowa\u0142y wojska szwedzkie, wyludni\u0142y epidemie i dotkn\u0119\u0142y skutki wojny trzydziestoletniej. W Slavonicach czas jakby\u00a0<\/span><span style=\"font-size: 14px;\">si\u0119 <\/span><span style=\"font-size: 14px;\">zatrzyma\u0142.\u00a0<\/span><\/p>\n<p><img loading=\"lazy\" decoding=\"async\" class=\"alignnone size-medium\" src=\"https:\/\/lh3.googleusercontent.com\/pw\/AP1GczOcH0ydAaX4b-oTNkJXRL19FVfm4uK3oGShh3fFq17pySiZLjjmvj_vBkX-1mxeBzMDb69W3qJnYDfXiuvG8k3H2iIMS67Z-BEAy2Ex7gHVYWPKlGI86AmvTFQlU8lvJONn1ltgHRR-NyELCDhBmvIv=w1024-h529-s-no-gm?authuser=1\" width=\"1024\" height=\"529\" \/><\/p>\n<p><strong><span style=\"font-size: 14px;\">\u017d\u010f\u00e1r nad S\u00e1zavou\u00a0 &#8211;\u00a0 <\/span><span style=\"font-size: 14px;\">Zelena Hora<a href=\"https:\/\/photos.app.goo.gl\/CMUpuunnPcU7vYtY7\" target=\"_blank\" rel=\"noopener\"><img loading=\"lazy\" decoding=\"async\" class=\"wp-image-70 alignright\" src=\"http:\/\/go.ianna.pl\/wp-content\/uploads\/2024\/08\/foto.jpg\" alt=\"\" width=\"50\" height=\"37\" \/><\/a><\/span><\/strong><\/p>\n<p style=\"text-align: justify;\"><span style=\"font-size: 14px;\">Ko\u015bci\u00f3\u0142 p\u0105tniczy pw. \u015bw. Jana Nepomucena na Zielonej G\u00f3rze zosta\u0142 zapisany na list\u0119 dziedzictwa kulturowego UNESCO w 1994 roku. Budynek ko\u015bcio\u0142a pochodz\u0105cy z pocz\u0105tku XVIII wieku jest\u00a0 przyk\u0142adem tzw. barokowego gotyku.\u00a0<\/span><span style=\"font-size: 14px;\">Zosta\u0142 wzniesiony w kszta\u0142cie pi\u0119ciok\u0105tnej gwiazdy i otoczony cmentarzem i ambitem<\/span>.<span style=\"font-size: 14px;\"> No koniecznie !\u00a0<\/span><\/p>\n<p><img loading=\"lazy\" decoding=\"async\" class=\"alignnone size-medium\" src=\"https:\/\/lh3.googleusercontent.com\/pw\/AP1GczNmDWqzXKcKfpr_8CB1napMye2zi3RuJYm46ZcVBlYa8yongR9_IICufqUp7c71VO3drM5m9yJH3MD4AK1A5mvGTfMSuMff8Er9EITAF4IFipm8187Z3qUk5C4lBiBI47WlWHF5OXN9yuJ1phyyrrWl=w1024-h581-s-no-gm?authuser=1\" width=\"1024\" height=\"581\" \/><\/p>\n<p><img loading=\"lazy\" decoding=\"async\" class=\"alignnone \" src=\"https:\/\/lh3.googleusercontent.com\/pw\/AP1GczNqrNdLflVFWI456ceCKotSmaWb1cN45JnLuvwfRV1LwNEED1Ugb3MKaP8Sz0sq7xmx3OcyEtxj3ML4ZYPLAFqkcTI1OatUycs2fhRC8ic-VMsNdEZj-7Y7Yun_1wK3j9fx_C_aVMe4x5hOfxonm4XM=w744-h913-s-no-gm?authuser=1\" width=\"376\" height=\"461\" \/><img loading=\"lazy\" decoding=\"async\" class=\"alignnone \" src=\"https:\/\/lh3.googleusercontent.com\/pw\/AP1GczMQ27CoKbppMFiWvHZL0WaWRB1EMtiALYFjA_H9_63zq7kSK_zxSpaRReCGk-wj1v25n2PDe8lUYeC85qEScMtnY1a6jAABB7CLMYrcWKVhEQe02njABsFA4X1T8rGSndBjkpKn1siVqQz8gE_ZA-Na=w685-h913-s-no-gm?authuser=1\" width=\"346\" height=\"461\" \/><\/p>\n<p>&nbsp;<\/p>\n<p><img loading=\"lazy\" decoding=\"async\" class=\"alignnone size-medium\" src=\"https:\/\/lh3.googleusercontent.com\/pw\/AP1GczOrCFMA_y19ApEG8wr033_5rh8es35SmeZlQO65Hn7ouqhQJEn5L_SlT07Z0nr5k2ErXSH7UNZzrSrbGmd-vNWxOPNejOglYBex7ijYcQFBFcnyDMCHYHKi8CrwTQRuhUamy46WFHQ8hXS8AU4uy4dt=w1154-h645-s-no-gm?authuser=1\" width=\"1154\" height=\"645\" \/><\/p>\n<p>&nbsp;<\/p>\n<p>&nbsp;<\/p>\n<p>&nbsp;<\/p>\n","protected":false},"excerpt":{"rendered":"<p>Czechy 1-4.05.2025.\u00a0 \u00a0 Wycieczka w krain\u0119 wina i zabytk\u00f3w Unesco.\u00a0 Kromiery\u017c (Krom\u011b\u0159\u00ed\u017e) Powr\u00f3t po wizycie z zesz\u0142ym roku ju\u017c z wej\u015bci\u00f3wkami do Pa\u0142acu Arcybiskup\u00f3w i Ogrod\u00f3w Kwiatowych. W 1997 roku Kromiery\u017c zosta\u0142 uznany za najpi\u0119kniejsze miasto historyczne w Republice Czeskiej, a rok p\u00f3\u017aniej\u00a0 zamek wraz z ogrodami zosta\u0142 wpisany na list\u0119 \u015bwiatowego dziedzictwa UNESCO. W rezydencji arcybiskup\u00f3w o\u0142omunieckich mo\u017cna podziwia\u0107 bogate wn\u0119trza i kolekcj\u0119 malarstwa [&hellip;]<\/p>\n","protected":false},"author":1,"featured_media":21,"comment_status":"closed","ping_status":"closed","sticky":false,"template":"","format":"standard","meta":{"footnotes":""},"categories":[19],"tags":[],"class_list":["post-1382","post","type-post","status-publish","format-standard","has-post-thumbnail","hentry","category-czechy"],"_links":{"self":[{"href":"https:\/\/go.ianna.pl\/index.php?rest_route=\/wp\/v2\/posts\/1382","targetHints":{"allow":["GET"]}}],"collection":[{"href":"https:\/\/go.ianna.pl\/index.php?rest_route=\/wp\/v2\/posts"}],"about":[{"href":"https:\/\/go.ianna.pl\/index.php?rest_route=\/wp\/v2\/types\/post"}],"author":[{"embeddable":true,"href":"https:\/\/go.ianna.pl\/index.php?rest_route=\/wp\/v2\/users\/1"}],"replies":[{"embeddable":true,"href":"https:\/\/go.ianna.pl\/index.php?rest_route=%2Fwp%2Fv2%2Fcomments&post=1382"}],"version-history":[{"count":33,"href":"https:\/\/go.ianna.pl\/index.php?rest_route=\/wp\/v2\/posts\/1382\/revisions"}],"predecessor-version":[{"id":1427,"href":"https:\/\/go.ianna.pl\/index.php?rest_route=\/wp\/v2\/posts\/1382\/revisions\/1427"}],"wp:featuredmedia":[{"embeddable":true,"href":"https:\/\/go.ianna.pl\/index.php?rest_route=\/wp\/v2\/media\/21"}],"wp:attachment":[{"href":"https:\/\/go.ianna.pl\/index.php?rest_route=%2Fwp%2Fv2%2Fmedia&parent=1382"}],"wp:term":[{"taxonomy":"category","embeddable":true,"href":"https:\/\/go.ianna.pl\/index.php?rest_route=%2Fwp%2Fv2%2Fcategories&post=1382"},{"taxonomy":"post_tag","embeddable":true,"href":"https:\/\/go.ianna.pl\/index.php?rest_route=%2Fwp%2Fv2%2Ftags&post=1382"}],"curies":[{"name":"wp","href":"https:\/\/api.w.org\/{rel}","templated":true}]}}