{"id":145,"date":"2023-08-16T15:40:06","date_gmt":"2023-08-16T15:40:06","guid":{"rendered":"https:\/\/go.ianna.pl\/?p=145"},"modified":"2025-05-07T06:12:11","modified_gmt":"2025-05-07T06:12:11","slug":"czechy-morawy-polnocne","status":"publish","type":"post","link":"https:\/\/go.ianna.pl\/?p=145","title":{"rendered":"Morawy P\u00f3\u0142nocne"},"content":{"rendered":"<p><span style=\"font-size: 14px;\"><strong>Vala\u0161sk\u00e9 Klobouky<\/strong><a href=\"https:\/\/photos.app.goo.gl\/dGbkGSrDWhPaZC5t6\" target=\"_blank\" rel=\"noopener\"><img loading=\"lazy\" decoding=\"async\" class=\"wp-image-70 alignright\" src=\"http:\/\/go.ianna.pl\/wp-content\/uploads\/2024\/08\/foto.jpg\" alt=\"\" width=\"50\" height=\"37\" \/><\/a><\/span><\/p>\n<p><span style=\"font-size: 14px;\"><img loading=\"lazy\" decoding=\"async\" class=\"alignnone size-medium\" src=\"https:\/\/lh3.googleusercontent.com\/pw\/AP1GczMB_Y-Lyz-xmo_l6y0xzkj05o0GuNw4DzXOaCsl5viRG38gU-Z5hshJeGWT459KFzqy4I-dKA0mspCrFmCGS7gzudQuRnQ9d7X4kJ22sj2f3KZbGKvO0ajPm556eyLWc6RZu1dOeLei9WmSxHJV0ipacw=w1385-h923-s-no-gm?authuser=0\" width=\"1385\" height=\"923\" \/><\/span><\/p>\n<p style=\"text-align: justify;\"><span style=\"font-size: 14px;\"><strong>Zlin<\/strong>\u00a0 miasto idealne wg Tomasza Baty. Dawne zabudowania fabryczne to obecnie nowoczesne lofty. Historia dzia\u0142alno\u015bci genialnego przemys\u0142owca robi wra\u017cenie.<\/span><\/p>\n<p><span style=\"font-size: 14px;\"><img loading=\"lazy\" decoding=\"async\" class=\"alignnone size-medium\" src=\"https:\/\/lh3.googleusercontent.com\/pw\/AP1GczPyo3z9jF9D1sUCjv6saID1NxKfD2-iLzZ_2GkLv5-UdXg8qKBL5PsMjch29JuKAi8XoFZKOQoOCj-NEMJz1t_Sf7Mgj81iqFutodIeCu3WsgVoym5ZINJ1tHT7IVK1Adg7kCBwG98eil74IWxebH12IA=w1717-h923-s-no-gm?authuser=0\" width=\"1717\" height=\"923\" \/><\/span><\/p>\n<p><span style=\"font-size: 14px;\"><strong>Kromierzy\u017c\u00a0<\/strong> \u00a0pi\u0119kne stare miasto z Pa\u0142acem\u00a0 Arcybiskupim na li\u015bcie UNESCO.<\/span><\/p>\n<p><img loading=\"lazy\" decoding=\"async\" class=\"alignnone size-medium\" src=\"https:\/\/lh3.googleusercontent.com\/pw\/AP1GczMu7uj9UklewYCmWj0wjx0ejuQ31mzufwpbwVUXgvaLHEjJsx9hKMGz6N9GYtzLMb5YJEt1zkKeWx-J_XkE5cv7uG9HAA04UxSmoccjmpeWWXapb-dgC_mcT1WkSWmbdwCabZuf693kERBjTAEfjMTAJw=w1477-h923-s-no-gm?authuser=0\" width=\"1477\" height=\"923\" \/><\/p>\n<p style=\"text-align: justify;\"><span style=\"font-size: 14px;\"><strong>O\u0142omuniec<\/strong>\u00a0 \u00a0historyczna stolica Moraw. Kolumna Tr\u00f3jcy Przenaj\u015bwi\u0119tszej z poz\u0142acanymi pos\u0105gami z\u00a0 listy \u015bwiatowego dziedzictwa UNESCO \u2013 symbol miasta.<\/span><\/p>\n<p><img loading=\"lazy\" decoding=\"async\" class=\"alignnone size-medium\" src=\"https:\/\/lh3.googleusercontent.com\/pw\/AP1GczNT1FyNsKUIB4uX1qiDAj-oHw1d7vbOvNyt-0YLZACn_HvQB-EY6zhUKVkfjwtB5Z8h41EYgi4UEsW-h8UhF-e1vB9h0IVp5Hit20BE-DRLcpR0bYYmz-jUwCPXa4-623FFpCYreCpysZJJx2-dkNemVw=w1385-h923-s-no-gm?authuser=0\" width=\"1385\" height=\"923\" \/><\/p>\n<p><span style=\"font-size: 14px;\"><strong>Fulnek<\/strong> miasto jakich wiele. dzia\u0142a\u0142 tu Jan \u00c1mos Komensk\u00fd , \u00a0pedagog,\u00a0filozof, reformator systemu powszechnego nauczania.<\/span><\/p>\n<p><img loading=\"lazy\" decoding=\"async\" class=\"alignnone size-medium\" src=\"https:\/\/lh3.googleusercontent.com\/pw\/AP1GczPTApWXWbzwNNforJalrYzjXVdKxITsrbkUNd_HPCCfX0uFEjOpdzVVnAEcgn50NrS5aK_siK7QwbeQGhhW6MlYRPSF9BYKXDbL_75LRlKiI3fBkye0A0OjzlODYFwp_RyJuKExFPr85ujzmc_3-kpZDw=w1385-h923-s-no-gm?authuser=0\" width=\"1385\" height=\"923\" \/><\/p>\n<p><span style=\"font-size: 14px;\"><strong>Ostrawa<\/strong>\u00a0 to ju\u017c czeski \u015al\u0105sk. Bez entuzjazmu ale trzeba doceni\u0107 witalno\u015b\u0107 miasta kt\u00f3re przesta\u0142o by\u0107 o\u015brodkiem wydobycia w\u0119gla.<\/span><\/p>\n<p><img loading=\"lazy\" decoding=\"async\" class=\"alignnone size-medium\" src=\"https:\/\/lh3.googleusercontent.com\/pw\/AP1GczOXtRsE1eUmwkPJKoKtwW-rfKG0T4piB_-6vtT7R-JwoFf3wd-cOZWf0lB55ex9S4HAvJu9NqWoQAZdq5xUDUfIoW9eOl79V566E4yLqETTto9mZyd490Fw6_pHFHKQorlDA1wGOdK7luR6xYtJEgiaFw=w1385-h923-s-no-gm?authuser=0\" width=\"1385\" height=\"923\" \/><\/p>\n<p>&#8230;<\/p>\n<p><img loading=\"lazy\" decoding=\"async\" class=\"alignnone size-medium\" src=\"https:\/\/lh3.googleusercontent.com\/pw\/AP1GczNmYpwcOlQLOOs9sgm0GZsuefehkbyLSGVmG5nqGchyP-YGlmB08-RJwlwTNAJ1I1ogq_yK_Am3YKC1CBIEoIRokmgcdDfnbdA6lLf8z1mIjCEgEWKi13hAG2lwpQJ5lqDWjzZ9I5uxC151xt2p-nODVg=w800-h440-s-no-gm?authuser=0\" width=\"800\" height=\"440\" \/><\/p>\n<p>&nbsp;<\/p>\n","protected":false},"excerpt":{"rendered":"<p>Vala\u0161sk\u00e9 Klobouky Zlin\u00a0 miasto idealne wg Tomasza Baty. Dawne zabudowania fabryczne to obecnie nowoczesne lofty. Historia dzia\u0142alno\u015bci genialnego przemys\u0142owca robi wra\u017cenie. Kromierzy\u017c\u00a0 \u00a0pi\u0119kne stare miasto z Pa\u0142acem\u00a0 Arcybiskupim na li\u015bcie UNESCO. O\u0142omuniec\u00a0 \u00a0historyczna stolica Moraw. Kolumna Tr\u00f3jcy Przenaj\u015bwi\u0119tszej z poz\u0142acanymi pos\u0105gami z\u00a0 listy \u015bwiatowego dziedzictwa UNESCO \u2013 symbol miasta. Fulnek miasto jakich wiele. dzia\u0142a\u0142 tu Jan \u00c1mos Komensk\u00fd , \u00a0pedagog,\u00a0filozof, reformator systemu powszechnego nauczania. Ostrawa\u00a0 [&hellip;]<\/p>\n","protected":false},"author":1,"featured_media":21,"comment_status":"closed","ping_status":"closed","sticky":false,"template":"","format":"standard","meta":{"footnotes":""},"categories":[19],"tags":[],"class_list":["post-145","post","type-post","status-publish","format-standard","has-post-thumbnail","hentry","category-czechy"],"_links":{"self":[{"href":"https:\/\/go.ianna.pl\/index.php?rest_route=\/wp\/v2\/posts\/145","targetHints":{"allow":["GET"]}}],"collection":[{"href":"https:\/\/go.ianna.pl\/index.php?rest_route=\/wp\/v2\/posts"}],"about":[{"href":"https:\/\/go.ianna.pl\/index.php?rest_route=\/wp\/v2\/types\/post"}],"author":[{"embeddable":true,"href":"https:\/\/go.ianna.pl\/index.php?rest_route=\/wp\/v2\/users\/1"}],"replies":[{"embeddable":true,"href":"https:\/\/go.ianna.pl\/index.php?rest_route=%2Fwp%2Fv2%2Fcomments&post=145"}],"version-history":[{"count":7,"href":"https:\/\/go.ianna.pl\/index.php?rest_route=\/wp\/v2\/posts\/145\/revisions"}],"predecessor-version":[{"id":1418,"href":"https:\/\/go.ianna.pl\/index.php?rest_route=\/wp\/v2\/posts\/145\/revisions\/1418"}],"wp:featuredmedia":[{"embeddable":true,"href":"https:\/\/go.ianna.pl\/index.php?rest_route=\/wp\/v2\/media\/21"}],"wp:attachment":[{"href":"https:\/\/go.ianna.pl\/index.php?rest_route=%2Fwp%2Fv2%2Fmedia&parent=145"}],"wp:term":[{"taxonomy":"category","embeddable":true,"href":"https:\/\/go.ianna.pl\/index.php?rest_route=%2Fwp%2Fv2%2Fcategories&post=145"},{"taxonomy":"post_tag","embeddable":true,"href":"https:\/\/go.ianna.pl\/index.php?rest_route=%2Fwp%2Fv2%2Ftags&post=145"}],"curies":[{"name":"wp","href":"https:\/\/api.w.org\/{rel}","templated":true}]}}