{"id":1483,"date":"2023-09-01T07:37:13","date_gmt":"2023-09-01T07:37:13","guid":{"rendered":"https:\/\/go.ianna.pl\/?p=1483"},"modified":"2025-06-01T11:20:33","modified_gmt":"2025-06-01T11:20:33","slug":"beskidy-sk","status":"publish","type":"post","link":"https:\/\/go.ianna.pl\/?p=1483","title":{"rendered":"Beskidy SK"},"content":{"rendered":"<p><span style=\"font-size: 14px;\">Jak Beskidy widz\u0105 S\u0142owacy?<\/span><\/p>\n<ol>\n<li><span style=\"font-size: 14px;\">Babia G\u00f3ra (Beskidy Orawskie) \u2013 1725 m n.p.m.<img loading=\"lazy\" decoding=\"async\" class=\"size-medium wp-image-221 alignright\" src=\"http:\/\/go.ianna.pl\/wp-content\/uploads\/2024\/11\/WKB_SK-300x250.jpg\" alt=\"\" width=\"300\" height=\"250\" srcset=\"https:\/\/go.ianna.pl\/wp-content\/uploads\/2024\/11\/WKB_SK-300x250.jpg 300w, https:\/\/go.ianna.pl\/wp-content\/uploads\/2024\/11\/WKB_SK.jpg 601w\" sizes=\"auto, (max-width: 300px) 100vw, 300px\" \/><\/span><\/li>\n<li><span style=\"font-size: 14px;\">Min\u010dol (Magura Orawska) \u2013 1394 m n.p.m.<\/span><\/li>\n<li><span style=\"font-size: 14px;\">Wielka Racza (Beskidy Kysuckie) \u2013 1236 m n.p.m.<\/span><\/li>\n<li><span style=\"font-size: 14px;\">Kremenaros (G\u00f3ry Bukowskie) \u2013 1221 m n.p.m.<\/span><\/li>\n<li><span style=\"font-size: 14px;\">Min\u010dol (G\u00f3ry Czerchowskie) \u2013 1157 m n.p.m.<\/span><\/li>\n<li><span style=\"font-size: 14px;\">Pupov (G\u00f3ry Kisuckie) \u2013 1096 m n.p.m.<\/span><\/li>\n<li><span style=\"font-size: 14px;\">Eliasovka (\u013dubovnianska vrchovina) \u2013 1023 m n.p.m.<\/span><\/li>\n<li><span style=\"font-size: 14px;\">Busov (Beskid Niski) \u2013 1002 m n.p.m.<\/span><\/li>\n<li><span style=\"font-size: 14px;\">Smilniansky vrch (Pog\u00f3rze Ondawskie) \u2013 749 m n.p.m.<\/span><\/li>\n<\/ol>\n<p style=\"text-align: justify;\"><span style=\"font-size: 14px;\">Tak podzia\u0142 Beskid\u00f3w SK zestawia do swojej odznaki PTT. Zak\u0142adam, \u017ce jest to oficjalna regionalizacja i ni\u017cej kilka moich jak\u017ce trafnych uwag \ud83d\ude42\u00a0<\/span><\/p>\n<p style=\"text-align: justify;\"><span style=\"font-size: 14px;\">Beskidy Kisuckie i Orawskie wraz z naszym Beskidem \u017bywieckim tworz\u0105 jeden g\u00f3rski region transgraniczny. Chyba przebija si\u0119 ju\u017c nazwa Beskid \u017bywiecko &#8211; Orawski\u00a0 a wsp\u00f3lne inicjatywy PL-SK s\u0105 na tym terenie widoczne. Pog\u00f3rze Lubownia\u0144skie z Eliasz\u00f3wk\u0105 to przynajmniej w cz\u0119\u015bci\u00a0 Beskid S\u0105decki.\u00a0 Smilniansky vrch wraz z okolic\u0105 z Pog\u00f3rza\u00a0 Ondawskiego to raczej Beskid Niski \/ N\u00edzke Beskydy. G\u00f3ry Bukowskie wraz z naszymi Bieszczadami to chyba kompleks Bieszczady Zachodnie z g\u00f3ruj\u0105ca Tarnic\u0105 a Kremenaros pozostaje charakterystycznym tr\u00f3jstykiem granic PL-SK-UA. Jedynie \u010cergov jest wyra\u017anie wyodr\u0119bniony i wart mojej dalszej\u00a0 eksploracji (przy okazji kiedy\u015b).\u00a0<\/span><\/p>\n<p><img loading=\"lazy\" decoding=\"async\" class=\"alignnone size-medium\" src=\"https:\/\/lh3.googleusercontent.com\/pw\/AP1GczPwOjnH87E9DPrv7JUzCPwwGG_kQ8UZs2oTtt1JxbAb1WkwCfAI7Xe3Lw1jnrssRWNYl_bgW0mZP6Oa3JZlBjHvnTd9rR-KCUjf8gMjrZhYF_U22iwZY6lYK0iKzmvsB_HWr-TX2OmIxQ_YrU0AJ7KtRg=w1599-h789-s-no-gm?authuser=0\" width=\"1599\" height=\"789\" \/><\/p>\n<p><img loading=\"lazy\" decoding=\"async\" class=\"alignnone size-medium\" src=\"https:\/\/lh3.googleusercontent.com\/pw\/AP1GczP5pXsOJGrWXY3lHT_QkflTXqrHaesleCz8uZHEfAxbCEWyOetBngPuV7PO830CkfYhV6NGPjKrSQcrK2HQDqR0NZ1LVNI3J8fFSN6mWWnI7WZ7jPxjozF5eM0t3OzXhlYeK7-mYQlwy_gODkARrfuVIg=w1585-h639-s-no-gm?authuser=0\" width=\"1585\" height=\"639\" \/><\/p>\n<p><a href=\"https:\/\/photos.app.goo.gl\/9Alei8drpQPTaZ5G3\" target=\"_blank\" rel=\"noopener\"><img loading=\"lazy\" decoding=\"async\" class=\"alignnone \" src=\"https:\/\/lh3.googleusercontent.com\/pw\/AP1GczOpH3zFjGOhBjsJx_YfUOiXr8H0jzHf4cQ5uZxzhwDmfDvJKZjj3DMMtUNvccwKMFaiWd3N4nKJqfp-aXjExTQGzSYVj47UsVfR97ujvbShFFzSrcibTxixsy-uxCkmNIen8Eh79KN36Zk__ABN50I7Qg=w500-h316-s-no-gm?authuser=0\" width=\"400\" height=\"253\" \/><\/a><\/p>\n<p><a href=\"https:\/\/photos.app.goo.gl\/p4Ud8U9yBNU9n79M6\" target=\"_blank\" rel=\"noopener\"><img loading=\"lazy\" decoding=\"async\" class=\"alignnone \" src=\"https:\/\/lh3.googleusercontent.com\/pw\/AP1GczPiyVBx51CkTShLI-0SpdWPd-Fi-_oj40bU6SnKKZoq-LvS34KqR5kiKWs3FGnWEDXL9xwwjZ-w9Cada_2k52a4ek6RJTX7B3kAjFxe_9qabBfxYcA-I2uRu8lQHZWfpSXAzXnNUueXejNZRdw-D4MS2w=w701-h461-s-no-gm?authuser=0\" width=\"400\" height=\"263\" \/><\/a><\/p>\n<p><a href=\"https:\/\/photos.app.goo.gl\/F59v1Ssa1Ibi26Qu1\" target=\"_blank\" rel=\"noopener\"><img loading=\"lazy\" decoding=\"async\" class=\"alignnone \" src=\"https:\/\/lh3.googleusercontent.com\/pw\/AP1GczN-H_LLUcSZcAu5H9wJuqChQz1tru-Cbf7Oil--FOB5-WiD_F_V4iMhS4eIlBBLnpRaRh8WkD8xKalEhNrhc47YtFGe44oN-izqhzK-zjI73PB_N9GdPHB8ibmMjWWpqzavyRrRDIipFRuS-xL-8U4ycw=w663-h486-s-no-gm?authuser=0\" width=\"400\" height=\"293\" \/><\/a><\/p>\n<p><a href=\"https:\/\/photos.app.goo.gl\/piXtR23cLvDYn9xAA\" target=\"_blank\" rel=\"noopener\"><img loading=\"lazy\" decoding=\"async\" class=\"alignnone \" src=\"https:\/\/lh3.googleusercontent.com\/pw\/AP1GczOKVCD3ca4ruWXC4Dg6ANeCr7YdV4U1uZVs_MP7G7-tc9PTmlmOdbqrHox9KqjEVvytOHI6Ssha2MkLnvqbim0QSSli_pq9DMbRO3B9tzOJpGxbhK6UhxBJJV9j3Vm7hWxLIcFh32PdX46JpRiZVma6dg=w500-h420-s-no-gm?authuser=0\" width=\"400\" height=\"336\" \/><\/a><\/p>\n<p><a href=\"https:\/\/photos.app.goo.gl\/6WL9mX7cgbZUD6BM6\" target=\"_blank\" rel=\"noopener\"><img loading=\"lazy\" decoding=\"async\" class=\"alignnone \" src=\"https:\/\/lh3.googleusercontent.com\/pw\/AP1GczNVJVB3kRPZunoaJUVkCYUrM8flvZgNYn9ag50pC9m3ab_RDMxJEEBtAI3R-WoBX79GSQyWhWdwW1fbi0BGWHU_HP7Xxw3nhr-fu_jZhPJv_Ys4LIwz4VbWtfAMwSObDm1kw6f6w7rdV8WwofEzrYXfSA=w500-h385-s-no-gm?authuser=0\" width=\"400\" height=\"308\" \/><\/a><\/p>\n<p><a href=\"https:\/\/photos.app.goo.gl\/LLxExjgfA3sWsvUXA\" target=\"_blank\" rel=\"noopener\"><img loading=\"lazy\" decoding=\"async\" class=\"alignnone \" src=\"https:\/\/lh3.googleusercontent.com\/pw\/AP1GczMNJyimLJ4XfyeBBXVeJb4M5u_H5vLf0s_rxvpG9DTcV5-9BpNBdLPN9oDov02p3ZQyrRb_rBswQgdv_ZHVSX3iBnhgfnY9cw8VEOyjqocH7u07pLSfdLStqxz4gHQGx1S35pdll2AG3xGEqnkcK8e6Bw=w500-h309-s-no-gm?authuser=0\" width=\"400\" height=\"247\" \/><\/a><\/p>\n<p><a href=\"https:\/\/photos.app.goo.gl\/RTGMh4syfN6u2bY9A\" target=\"_blank\" rel=\"noopener\"><img loading=\"lazy\" decoding=\"async\" class=\"alignnone \" src=\"https:\/\/lh3.googleusercontent.com\/pw\/AP1GczOzXhZM93E0zTp3ODFrcCS_PIAEdV8u1rcIxbKGxM0q18HJ1_v7_KcbLjnDgF7qJb3Jc0U49McYcucc2L32DpjgYmSkfY9WzqNQxajxn2dcD8_h1gJ0HIwaxEoPMCZzyoOG934bELYtJ_-DUrcAFUBuIg=w500-h312-s-no-gm?authuser=0\" width=\"399\" height=\"249\" \/><\/a><\/p>\n<p><a href=\"https:\/\/goo.gl\/photos\/VEak2FqDsU4MWq136\" target=\"_blank\" rel=\"noopener\"><img loading=\"lazy\" decoding=\"async\" class=\"alignnone \" src=\"https:\/\/lh3.googleusercontent.com\/pw\/AP1GczNDTP_dEDjsITmnuHpqLvHysvVP9OQOLYSeA2yvky46DSZDcQalB-6KgNa0Sck8x5NlGahSZdq7_9Nh5avaHnuABcllMJjD2kOvA7ahIKk1toe5hYm3P75hg7zCO-lzUCE0mJ2nI8Ntc1DSxQ-6HsUQuQ=w500-h245-s-no-gm?authuser=0\" width=\"400\" height=\"196\" \/><\/a><\/p>\n<p><a href=\"https:\/\/photos.app.goo.gl\/wv8sLxhCg956jUaA8\" target=\"_blank\" rel=\"noopener\"><img loading=\"lazy\" decoding=\"async\" class=\"alignnone \" src=\"https:\/\/lh3.googleusercontent.com\/pw\/AP1GczMaiUSaO-V3GfWVm7qgTZGm_dIj6hrQpk-Hq_FufHzpwgJ_ftAQzs6c7JsI92RpMF_Si7BfWWMJNVCH8Vbn2Nzb0S-DLXGZNuFTyAMnKoINhDNzmp5vrm_ZfkdiC7MrWxcQ0iZ8EuV4YhGSyP4Yx0nx6A=w588-h447-s-no-gm?authuser=0\" width=\"399\" height=\"303\" \/><\/a><\/p>\n<p>&nbsp;<\/p>\n","protected":false},"excerpt":{"rendered":"<p>Jak Beskidy widz\u0105 S\u0142owacy? Babia G\u00f3ra (Beskidy Orawskie) \u2013 1725 m n.p.m. Min\u010dol (Magura Orawska) \u2013 1394 m n.p.m. Wielka Racza (Beskidy Kysuckie) \u2013 1236 m n.p.m. Kremenaros (G\u00f3ry Bukowskie) \u2013 1221 m n.p.m. Min\u010dol (G\u00f3ry Czerchowskie) \u2013 1157 m n.p.m. Pupov (G\u00f3ry Kisuckie) \u2013 1096 m n.p.m. Eliasovka (\u013dubovnianska vrchovina) \u2013 1023 m n.p.m. Busov (Beskid Niski) \u2013 1002 m n.p.m. Smilniansky vrch (Pog\u00f3rze [&hellip;]<\/p>\n","protected":false},"author":1,"featured_media":1498,"comment_status":"closed","ping_status":"closed","sticky":false,"template":"","format":"standard","meta":{"footnotes":""},"categories":[17],"tags":[29],"class_list":["post-1483","post","type-post","status-publish","format-standard","has-post-thumbnail","hentry","category-kar","tag-beskidy-sk"],"_links":{"self":[{"href":"https:\/\/go.ianna.pl\/index.php?rest_route=\/wp\/v2\/posts\/1483","targetHints":{"allow":["GET"]}}],"collection":[{"href":"https:\/\/go.ianna.pl\/index.php?rest_route=\/wp\/v2\/posts"}],"about":[{"href":"https:\/\/go.ianna.pl\/index.php?rest_route=\/wp\/v2\/types\/post"}],"author":[{"embeddable":true,"href":"https:\/\/go.ianna.pl\/index.php?rest_route=\/wp\/v2\/users\/1"}],"replies":[{"embeddable":true,"href":"https:\/\/go.ianna.pl\/index.php?rest_route=%2Fwp%2Fv2%2Fcomments&post=1483"}],"version-history":[{"count":15,"href":"https:\/\/go.ianna.pl\/index.php?rest_route=\/wp\/v2\/posts\/1483\/revisions"}],"predecessor-version":[{"id":1501,"href":"https:\/\/go.ianna.pl\/index.php?rest_route=\/wp\/v2\/posts\/1483\/revisions\/1501"}],"wp:featuredmedia":[{"embeddable":true,"href":"https:\/\/go.ianna.pl\/index.php?rest_route=\/wp\/v2\/media\/1498"}],"wp:attachment":[{"href":"https:\/\/go.ianna.pl\/index.php?rest_route=%2Fwp%2Fv2%2Fmedia&parent=1483"}],"wp:term":[{"taxonomy":"category","embeddable":true,"href":"https:\/\/go.ianna.pl\/index.php?rest_route=%2Fwp%2Fv2%2Fcategories&post=1483"},{"taxonomy":"post_tag","embeddable":true,"href":"https:\/\/go.ianna.pl\/index.php?rest_route=%2Fwp%2Fv2%2Ftags&post=1483"}],"curies":[{"name":"wp","href":"https:\/\/api.w.org\/{rel}","templated":true}]}}