{"id":149,"date":"2024-05-06T15:52:34","date_gmt":"2024-05-06T15:52:34","guid":{"rendered":"https:\/\/go.ianna.pl\/?p=149"},"modified":"2025-05-07T06:10:34","modified_gmt":"2025-05-07T06:10:34","slug":"czechy-wschodnie","status":"publish","type":"post","link":"https:\/\/go.ianna.pl\/?p=149","title":{"rendered":"Czechy Wschodnie"},"content":{"rendered":"<p><span style=\"font-size: 14px;\"><strong>Svitavy<\/strong><a href=\"https:\/\/photos.app.goo.gl\/tJSyUxr1HjFhZjkeA\" target=\"_blank\" rel=\"noopener\"><img loading=\"lazy\" decoding=\"async\" class=\"wp-image-70 alignright\" src=\"http:\/\/go.ianna.pl\/wp-content\/uploads\/2024\/08\/foto.jpg\" alt=\"\" width=\"50\" height=\"37\" \/><\/a><\/span><\/p>\n<p style=\"text-align: justify;\"><span style=\"font-size: 14px;\">Miasteczko z \u0142adnym rynkiem. Miasto rodzinne Oskara Schindlera. Ma muzeum esperanto w budynku dawnej najwi\u0119kszej biblioteki niemieckoj\u0119zycznej w Morawach.<\/span><\/p>\n<p><img loading=\"lazy\" decoding=\"async\" class=\"alignnone size-medium\" src=\"https:\/\/lh3.googleusercontent.com\/pw\/AP1GczNrEIqqmmRqh3DSxhD_rICDYCkl1FOlEb_xPFBVdrepknnws-4tCbwr8_FqI8ix7TdEUFvB0VHIHFOQ4DPbRgrpQPt962Sue5dJdEBN0WXSLFIs958VyHdbydz1hEAHYuP271bCO_W4yJL17x4RrSB6=w1000-h667-s-no-gm?authuser=0\" width=\"1000\" height=\"667\" \/><\/p>\n<p><strong><span style=\"font-size: 14px;\">Litomy\u015bl<\/span><\/strong><\/p>\n<p style=\"text-align: justify;\"><span style=\"font-size: 14px;\">Tutejszy pa\u0142ac nale\u017cy do wyj\u0105tkowych budowli renesansowych, g\u0142\u00f3wnie ze wzgl\u0119du na sgraffito kopertowe i figuralne na fasadach i szczytach (od 1999 na li\u015bcie Unesco). Koniecznie trzeba wybra\u0107 si\u0119 na spacer po Ogrodach Klasztornych w pobli\u017cu klasztoru pijar\u00f3w.\u00a0 Najwyra\u017aniejsz\u0105 postaci\u0105 miasta pozostaje kompozytor Bed\u0159ich Smetana. Jego imi\u0119 nosi jeden z plac\u00f3w miejskich, budynek teatru i najs\u0142ynniejszy festiwal muzyki klasycznej.<em> Litomy\u0161l Smetany<\/em>, drugi najstarszy festiwal muzyczny w Czechach, nale\u017cy do najwi\u0119kszych cyklicznych festiwali muzyki klasycznej.<\/span><\/p>\n<p><img loading=\"lazy\" decoding=\"async\" class=\"alignnone size-medium\" src=\"https:\/\/lh3.googleusercontent.com\/pw\/AP1GczMp9SUZYwRYnmlHg3q7Z7Pdw5WZylEMLunsHbLOEgJZ907y25IBkovgpIHDE0WbuVWjbTtk9ub4gdRnP6ptE3nt48pptQOVMemWbrvgUYcWc6iVKnsjHOMYaT_jl8VsrPoSmShcsLB0SQXl49vYZ63Y=w1000-h667-s-no-gm?authuser=0\" width=\"1000\" height=\"667\" \/><\/p>\n<p><span style=\"font-size: 14px;\"><strong>Chrudim<\/strong>\u00a0 &#8211; dla takich ryneczk\u00f3w je\u017adzimy po Czechach.<\/span><\/p>\n<p><img loading=\"lazy\" decoding=\"async\" class=\"alignnone size-medium\" src=\"https:\/\/lh3.googleusercontent.com\/pw\/AP1GczMSVJ0ue0Z1vcNXq8ak6eFn0M6OHfB-6syzYiAhy_Eq04uFQEoFx_Q2MHXRjMSQlGHK1gk8H6q7Yns4nHyjZU0jHSYa0UBrR7iRf9sgvT3QmTNK5zv5XI2TDsGNzJg2jG-fmNxfqVqbZpg-MZYYUOLm=w1000-h667-s-no-gm?authuser=0\" width=\"1000\" height=\"667\" \/><\/p>\n<p><strong><span style=\"font-size: 14px;\">Kutna Hora <\/span><\/strong><\/p>\n<p style=\"text-align: justify;\"><span style=\"font-size: 14px;\">miasto srebra. Jej bogactwa w znacznym stopniu przyczyni\u0142y si\u0119 do rozwoju Kr\u00f3lestwa Czeskiego. Centrum miasta ze wzgl\u0119du na swe historyczne znaczenie i wspania\u0142\u0105 architektur\u0119 zosta\u0142o w roku 1995 wpisane na list\u0119 \u015bwiatowego dziedzictwa kultury UNESCO. Urocze!<\/span><\/p>\n<p><img loading=\"lazy\" decoding=\"async\" class=\"alignnone size-medium\" src=\"https:\/\/lh3.googleusercontent.com\/pw\/AP1GczPmuFlo05UN-V1j2p9PXYMHSDJJbjv-XKsLdwSpznHb1cY-WEOUQRv_bbH2gQUje1-Xw-OUPIBvsjFn5f8gyBg0kYYN5t3zKIq-Ecq6DsffA8OOc-_FflrovvwDFMRcFotP1ts4S666t16JWM0G20gY=w1000-h577-s-no-gm?authuser=0\" width=\"1000\" height=\"577\" \/><\/p>\n<p>&nbsp;<\/p>\n<p><span style=\"font-size: 14px;\"><strong>Hradec Kralove<\/strong><a href=\"https:\/\/photos.app.goo.gl\/SZVhLZyPJYqbp7V46\" target=\"_blank\" rel=\"noopener\"><img loading=\"lazy\" decoding=\"async\" class=\"wp-image-70 alignright\" src=\"http:\/\/go.ianna.pl\/wp-content\/uploads\/2024\/08\/foto.jpg\" alt=\"\" width=\"50\" height=\"37\" \/><\/a><\/span><\/p>\n<p><span style=\"font-size: 14px;\">funkcjonalna architektura Josefa Go\u010d\u00e1ra, Bia\u0142a Wie\u017ca i katedra \u015bw. Ducha z dzwonnic\u0105.\u00a0<\/span><\/p>\n<p><img loading=\"lazy\" decoding=\"async\" class=\"alignnone size-medium\" src=\"https:\/\/lh3.googleusercontent.com\/pw\/AP1GczMk4FTnYC7P4a7suLN_uz_uyDeNR8Ksj3sUZhLoZDZzrWh8elJsvwlfjNH9-KEyit-HNKCqnO3MNCvO19XWHe54Ia83jbgqOXpv1x4At_l6VCuiYRvGkNTQ6PN4rIxK4A7gGgfvVms4Z-LBzNJ1Ze6K=w1000-h559-s-no-gm?authuser=0\" width=\"1000\" height=\"559\" \/><\/p>\n<p><strong><span style=\"font-size: 14px;\">Pardubice<\/span><\/strong><\/p>\n<p style=\"text-align: justify;\"><span style=\"font-size: 14px;\">Rynek &#8211; plac <em>Per\u0161t\u00fdnsk\u00e9 n\u00e1m\u011bst\u00ed<\/em>, otoczony renesansowymi kamienicami. Miasto s\u0142ynnych wy\u015bcig\u00f3w konnych <em>Wielka Pardubicka. Z<\/em><\/span><span style=\"font-size: 14px;\">amek Pardubice jest uwa\u017cany za ca\u0142kowicie wyj\u0105tkowy, zar\u00f3wno pod wzgl\u0119dem planu, na kt\u00f3rym zosta\u0142 zbudowany, jak i formy architektonicznej. Le\u017cy w samym sercu miasta strze\u017cony przez pot\u0119\u017cne mury obronne.<\/span><\/p>\n<p><img loading=\"lazy\" decoding=\"async\" class=\"alignnone size-medium\" src=\"https:\/\/lh3.googleusercontent.com\/pw\/AP1GczPOgJxvTcX6fvdrkEesCmohovyC1tMbYL1UaiPtz2Z3vvqNCs-lv91J4CFQVbPbfsBcl-J5NzCDY7jx5-ymGItXNqJfL8UcXp0vrMK503Gx_57h5_aQJXdPgdUghB0nrCh3-37iOGh2NcuVASlRSX5F=w1000-h667-s-no-gm?authuser=0\" width=\"1000\" height=\"667\" \/><\/p>\n<p><img loading=\"lazy\" decoding=\"async\" class=\" alignleft\" src=\"https:\/\/lh3.googleusercontent.com\/pw\/AP1GczNNY_E1lLaH7RDQ7JEsFIn73SKKbwpzxLPN7gX3MBWFb82K9HlmSsMhU5qUQefGfoNrfrHg8YNiepzZGm6sweOWoc4GMUF2uPuwkbToMvEHs0b-U8d8mFaytG__n6me0gckq4uREnDm-bw0cQt0IWl_=w616-h923-s-no-gm?authuser=0\" width=\"292\" height=\"438\" \/><span style=\"font-size: 14px;\"><strong>Szumperk<\/strong> &#8211;\u00a0 &#8222;pi\u0119kna g\u00f3ra&#8221;,\u00a0 miasteczko w sam raz na porann\u0105 kaw\u0119<\/span>.<a href=\"https:\/\/photos.app.goo.gl\/XqTSYSs7JbDi41Eq9\" target=\"_blank\" rel=\"noopener\"><img loading=\"lazy\" decoding=\"async\" class=\"wp-image-70 alignright\" src=\"http:\/\/go.ianna.pl\/wp-content\/uploads\/2024\/08\/foto.jpg\" alt=\"\" width=\"50\" height=\"37\" \/><\/a><\/p>\n<p>&nbsp;<\/p>\n<p style=\"text-align: right;\"><span style=\"font-size: 14px;\"><strong>Bruntal<\/strong> &#8211; nale\u017cy ju\u017c do \u015al\u0105ska. I ma pa\u0142ac zakonu krzy\u017cackiego.<\/span><\/p>\n<p><img loading=\"lazy\" decoding=\"async\" class=\"alignright\" src=\"https:\/\/lh3.googleusercontent.com\/pw\/AP1GczNQHdUUmF0tvkNyGgEXDrRuHr-NfBR4O9ZHCtPEuXr6b4EHIOAS3LDe0zSlWMhMnq1kADshzrWR11Dbs8k-gBv94vU56rSniubkC5QY7dKNF1UkY8cwtGS8T5CHYWqXNytH4tM4P4wbdHkFo_qvX1Pt=w1000-h667-s-no-gm?authuser=0\" width=\"470\" height=\"314\" \/><\/p>\n<p>&nbsp;<\/p>\n<p>&nbsp;<\/p>\n<p>&nbsp;<\/p>\n<p>&nbsp;<\/p>\n<p>&nbsp;<\/p>\n<p>&nbsp;<\/p>\n<p>&nbsp;<\/p>\n<p>&nbsp;<\/p>\n<p>&nbsp;<\/p>\n<p><span style=\"font-size: 14px;\"><strong>Opawa<\/strong> nieformalna stolica \u015al\u0105ska Czeskiego.<\/span><\/p>\n<p><img loading=\"lazy\" decoding=\"async\" class=\"alignnone size-medium\" src=\"https:\/\/lh3.googleusercontent.com\/pw\/AP1GczP0cW_Uag9Zk7ZdGFS8p1JUKfN7iPeWK_6a-DQZee8om9GC_HT41dShF-TE-rZuVVspnpC9HwXEvRKa0nJEZINs0J1XhMdqR8iC27Ry7F17HjKvZSjKFf5yfW9gSbULXrWNNyKnFgo40zX2vJRzfgjx=w1000-h667-s-no-gm?authuser=0\" width=\"1000\" height=\"667\" \/><\/p>\n<p>&#8230;<\/p>\n<p><img loading=\"lazy\" decoding=\"async\" class=\"alignnone size-medium\" src=\"https:\/\/lh3.googleusercontent.com\/pw\/AP1GczP5GAq83AuHQ-YqdckyImp91X65CEkIOaFKnORMuNlLxuBHiZCCio0nF0mLvpkFm7mimA5yGdGmo5xMwYXD3Us-_NkDnNiDPWxVZRyRWaaQ9Cn5_eOwXk70OjUhGqdF1X0Nk0W9Q3Rw54sH9jfpjaMo=w1521-h481-s-no-gm?authuser=0\" width=\"1521\" height=\"481\" \/><\/p>\n","protected":false},"excerpt":{"rendered":"<p>Svitavy Miasteczko z \u0142adnym rynkiem. Miasto rodzinne Oskara Schindlera. Ma muzeum esperanto w budynku dawnej najwi\u0119kszej biblioteki niemieckoj\u0119zycznej w Morawach. Litomy\u015bl Tutejszy pa\u0142ac nale\u017cy do wyj\u0105tkowych budowli renesansowych, g\u0142\u00f3wnie ze wzgl\u0119du na sgraffito kopertowe i figuralne na fasadach i szczytach (od 1999 na li\u015bcie Unesco). Koniecznie trzeba wybra\u0107 si\u0119 na spacer po Ogrodach Klasztornych w pobli\u017cu klasztoru pijar\u00f3w.\u00a0 Najwyra\u017aniejsz\u0105 postaci\u0105 miasta pozostaje kompozytor Bed\u0159ich Smetana. [&hellip;]<\/p>\n","protected":false},"author":1,"featured_media":21,"comment_status":"closed","ping_status":"closed","sticky":false,"template":"","format":"standard","meta":{"footnotes":""},"categories":[19],"tags":[],"class_list":["post-149","post","type-post","status-publish","format-standard","has-post-thumbnail","hentry","category-czechy"],"_links":{"self":[{"href":"https:\/\/go.ianna.pl\/index.php?rest_route=\/wp\/v2\/posts\/149","targetHints":{"allow":["GET"]}}],"collection":[{"href":"https:\/\/go.ianna.pl\/index.php?rest_route=\/wp\/v2\/posts"}],"about":[{"href":"https:\/\/go.ianna.pl\/index.php?rest_route=\/wp\/v2\/types\/post"}],"author":[{"embeddable":true,"href":"https:\/\/go.ianna.pl\/index.php?rest_route=\/wp\/v2\/users\/1"}],"replies":[{"embeddable":true,"href":"https:\/\/go.ianna.pl\/index.php?rest_route=%2Fwp%2Fv2%2Fcomments&post=149"}],"version-history":[{"count":14,"href":"https:\/\/go.ianna.pl\/index.php?rest_route=\/wp\/v2\/posts\/149\/revisions"}],"predecessor-version":[{"id":1417,"href":"https:\/\/go.ianna.pl\/index.php?rest_route=\/wp\/v2\/posts\/149\/revisions\/1417"}],"wp:featuredmedia":[{"embeddable":true,"href":"https:\/\/go.ianna.pl\/index.php?rest_route=\/wp\/v2\/media\/21"}],"wp:attachment":[{"href":"https:\/\/go.ianna.pl\/index.php?rest_route=%2Fwp%2Fv2%2Fmedia&parent=149"}],"wp:term":[{"taxonomy":"category","embeddable":true,"href":"https:\/\/go.ianna.pl\/index.php?rest_route=%2Fwp%2Fv2%2Fcategories&post=149"},{"taxonomy":"post_tag","embeddable":true,"href":"https:\/\/go.ianna.pl\/index.php?rest_route=%2Fwp%2Fv2%2Ftags&post=149"}],"curies":[{"name":"wp","href":"https:\/\/api.w.org\/{rel}","templated":true}]}}