{"id":1504,"date":"2025-01-07T22:16:16","date_gmt":"2025-01-07T22:16:16","guid":{"rendered":"https:\/\/go.ianna.pl\/?p=1504"},"modified":"2026-04-24T06:22:38","modified_gmt":"2026-04-24T06:22:38","slug":"mala-korona-beskidow","status":"publish","type":"post","link":"https:\/\/go.ianna.pl\/?p=1504","title":{"rendered":"Ma\u0142a Korona Beskid\u00f3w"},"content":{"rendered":"<p><a href=\"https:\/\/photos.app.goo.gl\/1HzHCCw2xPthKqR36\" target=\"_blank\" rel=\"noopener\"><img loading=\"lazy\" decoding=\"async\" class=\"alignleft\" src=\"https:\/\/lh3.googleusercontent.com\/pw\/AP1GczP-uWAxQQECbGkmzWlww4OT-3neFlWjYkgbPpLjI-pq9oNUptwH6l0_-Bu8wMsmBAFbBJm8Hcmbdc9PBVsgDp-bSXZ-c8sMRt5jrlRRx8esypQic0KPfxKdA37W8f8VFrxgJL7aUXFAsnRYW-GAo89x=w1000-h694-s-no-gm?authuser=0\" width=\"410\" height=\"284\" \/><\/a><\/p>\n<p style=\"text-align: justify;\"><span style=\"font-size: 14px;\"><strong>\u00a0Ma\u0142a Korona Beskid\u00f3w<\/strong>\u00a0 wg o\/PTTK Podbeskidzie w Bielsku-Bia\u0142ej.<br \/>\n<\/span><span style=\"font-weight: 400; font-size: 14px;\">Noworoczne wycieczki na Leskowiec ju\u017c nie pierwszy raz ko\u0144cz\u0105 si\u0119 planami na kolejny sezon. Po zako\u0144czonym projekcie The Looop w 2023 znalaz\u0142em inicjatyw\u0119 \u0142\u0105czenia Beskid\u00f3w \u015al\u0105skiego, \u017bywieckiego i Ma\u0142ego w jeden kompleks g\u00f3rski z centrum w Bielsku Bia\u0142ej. A w\u0142a\u015bciwie MKB jest wcze\u015bniejszym pomys\u0142em bo o\/Podbeskidzie odznak\u0119 ustanowi\u0142 w 2006. Prawie po\u0142owa z 15-tu szczyt\u00f3w jest na trasie The Loop, 2 na trasie MSB. Wi\u0119kszego sensu powtarzania ca\u0142o\u015bci nie ma ale jest kilka smaczk\u00f3w: Bendoszka, Hrobacza \u0141\u0105ka, \u0141amana Ska\u0142a &#8211; odwiedzane ju\u017c chyba ponad 10 lat temu. R\u00f3wnica:\u00a0 w schronisku by\u0142em ale ju\u017c nie na szczycie. Pilsko i Babia w projekcie The Loop ale te\u017c to cel zazwyczaj pierwszych w sezonie wycieczek skiturowych.\u00a0<\/span><\/p>\n<p style=\"text-align: justify;\"><span style=\"font-size: 14px;\">Ciekawostka:\u00a0 nowy trend zdobywania odznak g\u00f3rskich? Przy herbacie w chatce na Gibasach Staszek opowiada\u0142 o przypadku turysty kt\u00f3ry bez \u017cenady wyci\u0105gn\u0105\u0142 bodaj 27 ksi\u0105\u017ceczek GOT i LOOP do podbicia. S\u0105dzi\u0142em, \u017ce Stach troch\u0119 przesadzi\u0142 ale wczoraj na Magurce sam widzia\u0142em pi\u0119\u0107 ksi\u0105\u017ceczek GON\u2019u podbijanych przez m\u0142od\u0105 turystk\u0119. Dobrze pochwali\u0107 si\u0119 na fejsie? Z drugiej strony ka\u017cda motywacja jest dobra.<\/span><\/p>\n<hr \/>\n<p style=\"padding-left: 40px;\"><span style=\"font-size: 16px;\"><strong><span style=\"font-size: 20px;\">Beskid Ma\u0142y<\/span><\/strong><\/span><\/p>\n<p><span style=\"font-size: 16px;\"><strong><span style=\"font-size: 20px;\"><a href=\"https:\/\/photos.app.goo.gl\/wSqrhxdWiLS1Jtmz6\" target=\"_blank\" rel=\"noopener\"><img loading=\"lazy\" decoding=\"async\" class=\"alignnone\" src=\"https:\/\/lh3.googleusercontent.com\/pw\/AP1GczPJ_hSl3G_Y-_MO4BDZiE47P22UNNWq3fuyXuhmz-cQYFztueZqTOxJrY9_0cIsXhdT94gRZiKYsDDvs3OBvcrmaglA4YduC5p7R0F-otcfTrK3WstW2f_4khlrUI1UIwab7M60O9v7ug9RfnCpxcux=w685-h913-s-no-gm?authuser=1\" width=\"281\" height=\"374\" \/><\/a><\/span><\/strong><\/span><img loading=\"lazy\" decoding=\"async\" class=\"alignnone\" src=\"https:\/\/lh3.googleusercontent.com\/pw\/AP1GczO-jr0jHiGKefbigHrTgRbOQBKUGnD4-ZJ0rnWF1j-QDqZvv9M4wRwe3N7yGKRYQzg3hvqDenR7-j8uwolgM0opJPPoqB2_LDyUlu7JTwiheIPpeN_fXIQzwC8jWiFEOfgKekPe9dhlOjhF-1gdg0OBBg=w685-h913-s-no-gm?authuser=0\" width=\"280\" height=\"373\" \/><\/p>\n<p style=\"padding-left: 40px;\"><span style=\"font-size: 14px;\"><a href=\"https:\/\/go.ianna.pl\/?p=851\" target=\"_blank\" rel=\"noopener\"><strong>Leskowiec<\/strong><\/a>\u00a0 \u00a0 \u00a0 <em><span style=\"font-size: 12px;\">2025_01_06<\/span><\/em>\u00a0 <\/span><\/p>\n<p style=\"padding-left: 40px;\"><span style=\"font-size: 14px;\"><strong><a href=\"https:\/\/go.ianna.pl\/?p=1557\" target=\"_blank\" rel=\"noopener\">\u0141amana Ska\u0142a<\/a>\u00a0 \u00a0<\/strong> <em><span style=\"font-size: 12px;\">2025_06_08<\/span><\/em>\u00a0 \u00a0 \u00a0 <strong>Hrobacza \u0141\u0105ka, Czupel\u00a0<\/strong> \u00a0 \u00a0<em><span style=\"font-size: 12px;\">2025_06_15<\/span><\/em><\/span><\/p>\n<p>&nbsp;<\/p>\n<hr \/>\n<p style=\"padding-left: 40px;\"><span style=\"font-size: 16px;\"><strong><span style=\"font-size: 20px;\">Beskid \u015al\u0105ski<img loading=\"lazy\" decoding=\"async\" class=\" alignright\" src=\"https:\/\/lh3.googleusercontent.com\/pw\/AP1GczPi0AQAhU2NtUs06rtgLKmmBW6il_Ixb8b7AuXkRDfciPtyc63KDoegvQBFT5uE1q_2F4JxJVzYKoP6XEgyIwZPBOQUrewxizGmfAsUSuQZae5oRj35hHMmUZV6zwdUN6frKICsUnj2CxqpdMed1qZiRA=w585-h913-s-no-gm?authuser=0\" width=\"335\" height=\"523\" \/><\/span><\/strong><\/span><\/p>\n<p><span style=\"font-size: 16px;\"><strong> <a href=\"https:\/\/photos.app.goo.gl\/9xa1uT5VDwqmcF9Q8\"><img loading=\"lazy\" decoding=\"async\" class=\"alignleft\" src=\"https:\/\/lh3.googleusercontent.com\/pw\/AP1GczNatBr-01-tYiXysM-SXyYXD0qZvCXpUSEHfrSjlttOw_AWYU0-xv8B-pIm4FVlOLf4N7xtO47FZ244StRM1KOiHq6AwfCl-H5EDHh5BGi1G5aMNEzG0vXva3pgZG9Bf9D1XUVuY9QQ9YL30ZMvYs2djg=w1024-h749-s-no-gm?authuser=0\" width=\"401\" height=\"294\" \/><\/a><\/strong><\/span><\/p>\n<p>&nbsp;<\/p>\n<p>&nbsp;<\/p>\n<p>&nbsp;<\/p>\n<p>&nbsp;<\/p>\n<p>&nbsp;<\/p>\n<p>&nbsp;<\/p>\n<p>&nbsp;<\/p>\n<p>&nbsp;<\/p>\n<p><span style=\"font-size: 14px;\"><a href=\"https:\/\/go.ianna.pl\/?p=1470\" target=\"_blank\" rel=\"noopener\"><strong>Skrzyczne<\/strong><\/a>\u00a0 \u00a0<em><span style=\"font-size: 12px;\">2025_05_25\u00a0 \u00a0 \u00a0 \u00a0 \u00a0 \u00a0 \u00a0 \u00a0 \u00a0 \u00a0<\/span><\/em><\/span><strong><span style=\"font-size: 14px;\"><a href=\"https:\/\/photos.app.goo.gl\/Nz9ysqw1CBo5kspC6\" target=\"_blank\" rel=\"noopener\">R\u00f3wnica<\/a>\u00a0 \u00a0 \u00a0<\/span><\/strong><span style=\"font-size: 12px;\"><em>2025_11_02<\/em><\/span><\/p>\n<p>&nbsp;<\/p>\n<p style=\"padding-left: 40px;\"><span style=\"font-size: 14px;\"><strong>Klimczok, Wielka Czantoria, Sto\u017cek, Barania G\u00f3ra\u00a0<\/strong> w projekcie <a href=\"https:\/\/go.ianna.pl\/?p=512\" target=\"_blank\" rel=\"noopener\">The Loop<\/a>\u00a0 \u00a0 <span style=\"font-size: 12px;\"><em>pa\u017adz-grudz &#8217;23<\/em><\/span><\/span><\/p>\n<p>&nbsp;<\/p>\n<hr \/>\n<p style=\"padding-left: 40px;\"><span style=\"font-size: 16px;\"><strong><span style=\"font-size: 20px;\">Beskid \u017bywiecki<\/span><\/strong><\/span><\/p>\n<p><img loading=\"lazy\" decoding=\"async\" class=\"alignleft\" src=\"https:\/\/lh3.googleusercontent.com\/pw\/AP1GczPCp6JSyOIEh7VTwrz8Z-C9zSvQis3rz7FXy1EY-e3yzr84f7JBqoq36T72rBYKT2TEalUKV64me6HHhKFRBdr-qh8oBcxA1vry_LTNMoqzOJ6Vk72FHSIloHOevod2Kyv_rzuuDVFwAYmVG9Z_VcVB=w692-h923-s-no-gm?authuser=0\" width=\"303\" height=\"405\" \/><\/p>\n<p style=\"text-align: justify;\"><a href=\"https:\/\/go.ianna.pl\/?p=811\" target=\"_blank\" rel=\"noopener\"><span style=\"font-size: 14px;\"><strong>W<\/strong><\/span><strong style=\"font-size: 14px;\">ielka Racza<\/strong><span style=\"font-size: 14px;\">,\u00a0 <\/span><strong style=\"font-size: 14px;\">Wielka<\/strong> <strong style=\"font-size: 14px;\">Rycerzowa<\/strong><\/a><span style=\"font-size: 14px;\">,\u00a0 <em><span style=\"font-size: 12px;\">\u00a02024_12_12-15<\/span><\/em>\u00a0 \u00a0 <\/span><em style=\"font-size: 14px;\">Adwentowe Beskidy\u00a0<\/em><span style=\"font-size: 14px;\">\u00a0z\u00a0\u00a0<\/span><a style=\"font-size: 14px;\" href=\"https:\/\/www.apter.pl\/\" target=\"_blank\" rel=\"noopener\">APTER<\/a><span style=\"font-size: 14px;\">\u00a0\u00a0<\/span><\/p>\n<p>&nbsp;<\/p>\n<p><img loading=\"lazy\" decoding=\"async\" class=\"alignright\" src=\"https:\/\/lh3.googleusercontent.com\/pw\/AP1GczM5bTuHtBfCjHrk7qjd4JcGSfMs1MeAXbCp-5FlE0i7GgO1GPj8WGIRfkx6PabfHgUPFiRUTMcD6VEeMhnLdeJsqWqdGzXSaMxhqXmZ-hsz2xLnUYk32IxeA_0FK1BPA3EGvcrWy0615Oh_luzGz_a0=w1000-h750-s-no-gm?authuser=0\" width=\"400\" height=\"300\" \/><\/p>\n<p>&nbsp;<\/p>\n<p>&nbsp;<\/p>\n<p>&nbsp;<\/p>\n<p>&nbsp;<\/p>\n<p>&nbsp;<\/p>\n<p>&nbsp;<\/p>\n<p>&nbsp;<\/p>\n<p>&nbsp;<\/p>\n<p>&nbsp;<\/p>\n<p><img loading=\"lazy\" decoding=\"async\" class=\"alignleft\" src=\"https:\/\/lh3.googleusercontent.com\/pw\/AP1GczPrPEqRO3hRDiKwn5e8HPh4TcrJJj8ov_SSmmKTxoC2sDrYtnvCL7_t8G4ONrG5ZxMM5gxMbNq-picIAtESKvkTRZqXH2d92M_Z4TlZLAAVvJcuaI-mhPveq-hnKkTzxUqkAGTZCH0QTLGpLk4A2iKB=w659-h878-s-no-gm?authuser=0\" width=\"303\" height=\"404\" \/><\/p>\n<p><img loading=\"lazy\" decoding=\"async\" class=\"alignright\" src=\"https:\/\/lh3.googleusercontent.com\/pw\/AP1GczPrL5kx9r-yh8WiTWii4-EdM6jOe4zxKFniJlOkx7yYS4Xypab6bQH-8epfQuSBHv7Wr-BRSAsygKUUrEPv2bcxG4Uqkvg365r9ClvT869-JdqOwHs1rDIPNs2saw_nQxgDQXGJDZkOSgoQUo7GSkKM=w675-h913-s-no-gm?authuser=1\" width=\"299\" height=\"404\" \/><\/p>\n<p>&nbsp;<\/p>\n<p>&nbsp;<\/p>\n<p>&nbsp;<\/p>\n<p><span style=\"font-size: 14px;\"><a href=\"https:\/\/go.ianna.pl\/?p=286\" target=\"_blank\" rel=\"noopener\"><strong>Romanka<\/strong><\/a>\u00a0 <\/span><\/p>\n<p><em><span style=\"font-size: 12px;\">2024-11-03<\/span><\/em><\/p>\n<p>&nbsp;<\/p>\n<p style=\"text-align: right;\"><a href=\"https:\/\/go.ianna.pl\/?p=1714\" target=\"_blank\" rel=\"noopener\"><strong><span style=\"font-size: 14px;\">Bendoszka Wielka<\/span><\/strong><\/a><\/p>\n<p style=\"text-align: right;\"><em><span style=\"font-size: 12px;\">2025_06_19<\/span><\/em><\/p>\n<p>&nbsp;<\/p>\n<p>&nbsp;<\/p>\n<p>&nbsp;<\/p>\n<p style=\"text-align: justify;\"><a href=\"https:\/\/go.ianna.pl\/?p=1122\" target=\"_blank\" rel=\"noopener\"><strong><span style=\"font-size: 14px;\">Babia G\u00f3ra,\u00a0<\/span><\/strong><strong><span style=\"font-size: 14px;\">Pilsko <\/span><\/strong><\/a><span style=\"font-size: 14px;\">w projekcie <\/span><span style=\"font-size: 14px;\"><a href=\"https:\/\/go.ianna.pl\/?p=512\" target=\"_blank\" rel=\"noopener\">The Loop\u00a0 \u00a0 <\/a><span style=\"font-size: 12px;\"><em>pa\u017adz-grudz &#8217;23\u00a0 \u00a0\u00a0<\/em><\/span><\/span><\/p>\n<p><img loading=\"lazy\" decoding=\"async\" class=\"size-full wp-image-1654 alignright\" style=\"font-size: 14px;\" src=\"http:\/\/go.ianna.pl\/wp-content\/uploads\/2025\/06\/znak_mkb_v3.png\" alt=\"\" width=\"150\" height=\"150\" \/><\/p>\n<p>&nbsp;<\/p>\n<p style=\"text-align: justify;\"><span style=\"font-size: 14px;\">DONE \ud83d\ude42\u00a0 \u00a0Lubiane szlaki i miejsca w moich\u00a0 Beskidach: \u015al\u0105skim, \u017bywieckim i Ma\u0142ym odwiedzone w rozs\u0105dnym czasie ostatnich dw\u00f3ch lat.\u00a0 Szczyty MKB to tylko motywacja by ruszy\u0107 w ulubione pasma. \u015awietne dope\u0142nienie szlak\u00f3w The Loop i\u00a0 Ma\u0142ego Szlaku Beskidzkiego. Gdzie teraz szuka\u0107 inspiracji? <a href=\"https:\/\/zywiec.pttk.pl\/index.php?option=com_content&amp;view=section&amp;layout=blog&amp;id=12&amp;Itemid=56\" target=\"_blank\" rel=\"noopener\">\u017bKB<\/a>? Mo\u017ce na fb?\u00a0 <a class=\"x1i10hfl xjbqb8w x1ejq31n x18oe1m7 x1sy0etr xstzfhl x972fbf x10w94by x1qhh985 x14e42zd x9f619 x1ypdohk xt0psk2 xe8uvvx xdj266r x14z9mp xat24cr x1lziwak xexx8yu xyri2b x18d9i69 x1c1uobl x16tdsg8 x1hl2dhg xggy1nq x1a2a7pz x1heor9g xkrqix3 x1sur9pj x1pd3egz\" tabindex=\"0\" role=\"link\" href=\"https:\/\/www.facebook.com\/groups\/beskidzywieckislaski\/\">Beskid \u017bywiecki i \u015al\u0105ski oraz Ma\u0142y<\/a><\/span><\/p>\n<p><span style=\"font-size: 14px;\">PS. formaln\u0105 weryfikacj\u0119 odk\u0142adam ad calendas graecas.<\/span><\/p>\n<p>&nbsp;<\/p>\n<p>&nbsp;<\/p>\n","protected":false},"excerpt":{"rendered":"<p>\u00a0Ma\u0142a Korona Beskid\u00f3w\u00a0 wg o\/PTTK Podbeskidzie w Bielsku-Bia\u0142ej. Noworoczne wycieczki na Leskowiec ju\u017c nie pierwszy raz ko\u0144cz\u0105 si\u0119 planami na kolejny sezon. Po zako\u0144czonym projekcie The Looop w 2023 znalaz\u0142em inicjatyw\u0119 \u0142\u0105czenia Beskid\u00f3w \u015al\u0105skiego, \u017bywieckiego i Ma\u0142ego w jeden kompleks g\u00f3rski z centrum w Bielsku Bia\u0142ej. A w\u0142a\u015bciwie MKB jest wcze\u015bniejszym pomys\u0142em bo o\/Podbeskidzie odznak\u0119 ustanowi\u0142 w 2006. Prawie po\u0142owa z 15-tu szczyt\u00f3w jest na [&hellip;]<\/p>\n","protected":false},"author":1,"featured_media":1514,"comment_status":"closed","ping_status":"closed","sticky":false,"template":"","format":"standard","meta":{"footnotes":""},"categories":[17],"tags":[8,12,14],"class_list":["post-1504","post","type-post","status-publish","format-standard","has-post-thumbnail","hentry","category-kar","tag-bml","tag-bsl","tag-bz"],"_links":{"self":[{"href":"https:\/\/go.ianna.pl\/index.php?rest_route=\/wp\/v2\/posts\/1504","targetHints":{"allow":["GET"]}}],"collection":[{"href":"https:\/\/go.ianna.pl\/index.php?rest_route=\/wp\/v2\/posts"}],"about":[{"href":"https:\/\/go.ianna.pl\/index.php?rest_route=\/wp\/v2\/types\/post"}],"author":[{"embeddable":true,"href":"https:\/\/go.ianna.pl\/index.php?rest_route=\/wp\/v2\/users\/1"}],"replies":[{"embeddable":true,"href":"https:\/\/go.ianna.pl\/index.php?rest_route=%2Fwp%2Fv2%2Fcomments&post=1504"}],"version-history":[{"count":92,"href":"https:\/\/go.ianna.pl\/index.php?rest_route=\/wp\/v2\/posts\/1504\/revisions"}],"predecessor-version":[{"id":2757,"href":"https:\/\/go.ianna.pl\/index.php?rest_route=\/wp\/v2\/posts\/1504\/revisions\/2757"}],"wp:featuredmedia":[{"embeddable":true,"href":"https:\/\/go.ianna.pl\/index.php?rest_route=\/wp\/v2\/media\/1514"}],"wp:attachment":[{"href":"https:\/\/go.ianna.pl\/index.php?rest_route=%2Fwp%2Fv2%2Fmedia&parent=1504"}],"wp:term":[{"taxonomy":"category","embeddable":true,"href":"https:\/\/go.ianna.pl\/index.php?rest_route=%2Fwp%2Fv2%2Fcategories&post=1504"},{"taxonomy":"post_tag","embeddable":true,"href":"https:\/\/go.ianna.pl\/index.php?rest_route=%2Fwp%2Fv2%2Ftags&post=1504"}],"curies":[{"name":"wp","href":"https:\/\/api.w.org\/{rel}","templated":true}]}}