{"id":151,"date":"2024-06-06T16:13:36","date_gmt":"2024-06-06T16:13:36","guid":{"rendered":"https:\/\/go.ianna.pl\/?p=151"},"modified":"2026-02-07T18:59:23","modified_gmt":"2026-02-07T18:59:23","slug":"podgorze-2024","status":"publish","type":"post","link":"https:\/\/go.ianna.pl\/?p=151","title":{"rendered":"Podg\u00f3rze 2024 &#8211; spacerowo"},"content":{"rendered":"<p><a href=\"https:\/\/photos.app.goo.gl\/VVsiSuVMdgQ8dvFa9\" target=\"_blank\" rel=\"noopener\"><img loading=\"lazy\" decoding=\"async\" class=\"wp-image-70 alignright\" src=\"http:\/\/go.ianna.pl\/wp-content\/uploads\/2024\/08\/foto.jpg\" alt=\"\" width=\"50\" height=\"37\" \/><\/a><\/p>\n<p><span style=\"font-size: 14px;\">Spacerkiem po Podg\u00f3rzu XIII &#8211; tej dzielnicy Krakowa w 10-t\u0105 rocznic\u0119 bywania. Dla mnie to obszar zamkni\u0119ty\u00a0 Wis\u0142\u0105,\u00a0 Wilg\u0105\u00a0 i II-g\u0105 obwodnic\u0105. Od edyktu cesarza J\u00f3zefa z 1784 r. samodzielne miasto. Dopiero w 1915 r Podg\u00f3rze zosta\u0142o do\u0142\u0105czone do Krakowa. Ma swoj\u0105 specyfik\u0119 i smaki.<\/span><\/p>\n<p><span style=\"font-size: 14px;\"><strong>Wis\u0142a<\/strong>, o\u015b miasta. K\u0142adka Bernatka komunikuje Rynek Podg\u00f3rski z Kazimierzem. Medal za pomys\u0142 i wykonanie!<\/span><\/p>\n<p><img loading=\"lazy\" decoding=\"async\" class=\"alignnone size-medium\" src=\"https:\/\/lh3.googleusercontent.com\/pw\/AP1GczPjZQyqb4V2Pvb01Egv9XcgQeOlGxEuzLczKNH5-z9L1FGK9YvJdWYbjcK_SFcEpbm300gZM2qIfRtifHEsaWVHfgvC-NAPkloetNGG-GvmK5O1sSPzs8Plmgu3TV4ktnzNUOJo8zsL-6IFndkBAzcB=w1000-h587-s-no-gm?authuser=0\" width=\"1000\" height=\"587\" \/><\/p>\n<p style=\"text-align: justify;\"><span style=\"font-size: 14px;\">Bulwar Poleski, pustostan hotelu Forum czeka na pomys\u0142. Na razie zainstalowane inicjatywy wypoczynkowo &#8211; rozrywkowe. Stan permanentnej tymczasowej bylejako\u015bci.<\/span><\/p>\n<p><img loading=\"lazy\" decoding=\"async\" class=\"alignnone size-medium\" src=\"https:\/\/lh3.googleusercontent.com\/pw\/AP1GczNSDQ4hohataog-QU7LOssbjInEx9JqTaiyjXxOrWAJ8obUv2aUyn20PB75cJF8NckLXU1Oy1IYq3vURfSBDlIR_hFc3m1b1GaoXnR7u5lQFqYCIsM_h7ecprbKUqZZK_CI8fu342HyRzCOGkN5ofgJ=w1000-h619-s-no-gm?authuser=1\" width=\"1000\" height=\"619\" \/><\/p>\n<p><span style=\"font-size: 14px;\">Uko\u0144czone wiadukty linii kolejowych wraz z k\u0142adk\u0105 rowerowo &#8211; piesz\u0105.<\/span><\/p>\n<p><img loading=\"lazy\" decoding=\"async\" class=\"alignnone size-medium\" src=\"https:\/\/lh3.googleusercontent.com\/pw\/AP1GczOz2K8JXWCUZYSdOGK3nGwj2M17z13gdILfxRBZiozH7ZGAzuuHk3Ysapk6WqwLRfA7IbwIImDnRXugWsIZi9MHf4aLdaAjm9zXN7ZlRgucuoM4I_v5KqxA8I-UdwlUPnz8GWOK9YjZ2PehAX6dVUfo=w1000-h635-s-no-gm?authuser=1\" width=\"1000\" height=\"635\" \/><\/p>\n<p><strong><span style=\"font-size: 14px;\">Rynek Podg\u00f3rski\u00a0\u00a0<\/span><\/strong><span style=\"font-size: 14px;\">po renowacji bez pomys\u0142u.\u00a0<\/span><\/p>\n<p><img loading=\"lazy\" decoding=\"async\" class=\"alignnone size-medium\" src=\"https:\/\/lh3.googleusercontent.com\/pw\/AP1GczPeiUZhkX8EfqUSK5FrJ8XmwL0tRAJ0TkxwYvEkBTkOmUdiKH7GurymB3ZI9TFtI6VkWfYDb6z54peLd0NHoEyygQ22wTfR8v5UmInQAmIiI66xbIStsTt9xaGNudX4DG545n2_aepeL9n0j_6FQ8Bh=w1000-h682-s-no-gm?authuser=1\" width=\"1000\" height=\"682\" \/><\/p>\n<p><img loading=\"lazy\" decoding=\"async\" class=\"alignnone size-medium\" src=\"https:\/\/lh3.googleusercontent.com\/pw\/AP1GczOWuTVblAXqLtn-ZHWZTI7N6qqCFIAYKClW-DrTVDBprnILzCLIojp4z59j9EEUg1TS9Nb0JrtJLyylm_0KN_DlxpiI5WJCznVlcgULjK8XRy-3wMomFVQzAQZ5CxKjuDNc_GO1Ld5K5uL7Nt2v8CW9=w1000-h690-s-no-gm?authuser=1\" width=\"1000\" height=\"690\" \/><\/p>\n<p><span style=\"font-size: 14px;\"><strong>Plac Niepodleg\u0142o\u015bci\u00a0<\/strong> czyli Targ Pietruszkowy w patriotycznym antura\u017cu i odnowiona Korona.<\/span><\/p>\n<p><img loading=\"lazy\" decoding=\"async\" class=\"alignnone size-medium\" src=\"https:\/\/lh3.googleusercontent.com\/pw\/AP1GczPu00ubtFOmSumrv0KuXrt8UfRBuLJfFuanLBmJRspVSGpEwA00cLjI-Tf_BlGyihg0uU5Y8zJr0KC6PnLwh3juWTQ1UNeYlxPUTjbqLsxw0_2ZfXgTEFXISV0QZNwjbBAyMTqYupHT_RBwDRAtwJic=w1000-h723-s-no-gm?authuser=1\" width=\"1000\" height=\"723\" \/><\/p>\n<p><img loading=\"lazy\" decoding=\"async\" class=\"alignleft\" src=\"https:\/\/lh3.googleusercontent.com\/pw\/AP1GczPxvj7Y6BXpQaqYoRKKXItWQ-9ujjP_cyEJ5gsu4WSQnh0qUYwVvbEDZVT5_0jXCfuxRTF1Fm3HS3qBkhssKQIGz9hgdRbPl9_08eQ9y16ZV-AteqgGjQI06ZhJcVo9fir5Cx1VmgFWRz6D35v5OVm_=w1000-h901-s-no-gm?authuser=1\" width=\"311\" height=\"280\" \/><\/p>\n<p><img loading=\"lazy\" decoding=\"async\" class=\" alignright\" src=\"https:\/\/lh3.googleusercontent.com\/pw\/AP1GczOQ1qbGd0XA7VUpzo6TsKUa_JoW58s-HTjUZomY1GL4t2giFrPE1HtN0pSJAbJAcFtsUARR8BqWUCcldfBnrqtYaFFTyTewRVZW7uaqmNGCsKa-id7ohszwvSSlvcjQ4xdT_287RwjNXsuabH6JuC2g=w1000-h738-s-no-gm?authuser=1\" width=\"380\" height=\"280\" \/><\/p>\n<p>&nbsp;<\/p>\n<p>&nbsp;<\/p>\n<p>&nbsp;<\/p>\n<p>&nbsp;<\/p>\n<p>&nbsp;<\/p>\n<p>&nbsp;<\/p>\n<p>&nbsp;<\/p>\n<p>&nbsp;<\/p>\n<p><span style=\"font-size: 14px;\"><strong>Park Bednarskiego<\/strong> po rekonstrukcji cieszy obecno\u015bci\u0105 ludzkiego drobiazgu. A podobno chciano go ulepszy\u0107 na maxa!<\/span><\/p>\n<p><img loading=\"lazy\" decoding=\"async\" class=\"alignleft\" src=\"https:\/\/lh3.googleusercontent.com\/pw\/AP1GczOz5ccpzoB5PCOviydBcMEWzC_p9zgMYzhobUQusBFbMaQVA2GS7UmnAeg7F5th4NSpO1OdCVnp-mR5E5SW-LH8OT-X8trxX7cXckv0xzjLuZGm0dLRTaoSCFi2ESfzpFg44P4N3ZFs4EwwyHFY5O9n=w1000-h750-s-no-gm?authuser=1\" width=\"351\" height=\"263\" \/><img loading=\"lazy\" decoding=\"async\" class=\" alignright\" src=\"https:\/\/lh3.googleusercontent.com\/pw\/AP1GczNb-wYTtk7nieE3NmRXhoA_Dx-ceVrAUnd8M5W0h1jcEgL2h43Hf1-hwd-CMCgr1WPfkOXIOS1GxXV611ffRsgvybAdd_szMLUH9Ac2h4HLwzxHp64-rtKkpNUC4PYPFOMeVoU0Pz4WRRX9ZpVAoLEP=w1000-h750-s-no-gm?authuser=1\" width=\"355\" height=\"266\" \/><\/p>\n<p>&nbsp;<\/p>\n<p>&nbsp;<\/p>\n<p>&nbsp;<\/p>\n<p>&nbsp;<\/p>\n<p>&nbsp;<\/p>\n<p>&nbsp;<\/p>\n<p>&nbsp;<\/p>\n<p>&nbsp;<\/p>\n<p><strong><span style=\"font-size: 14px;\">Wzg\u00f3rze Lasoty.\u00a0<\/span><\/strong><span style=\"font-size: 14px;\"> Te\u017c Smok Geodeta maj\u0105cy przypomina\u0107 o krakowskim po\u0142udniku zerowym.<\/span><\/p>\n<p><img loading=\"lazy\" decoding=\"async\" class=\"alignleft\" src=\"https:\/\/lh3.googleusercontent.com\/pw\/AP1GczP_ez0Cp_3QV4o5WXhMamRMc-IM5--J9YgjoRNG0YG38fMUKbqk3YLTlHYWCXLouxc9iGZYU5UiB2t2pQWs2DMn3-Il3FHPHzzy6uC3g7-EHAE9RVvM5CuzayW8WMLnjAOi4nOndk0xucC1KadIPtPD=w1000-h659-s-no-gm?authuser=1\" width=\"392\" height=\"259\" \/><\/p>\n<p><img loading=\"lazy\" decoding=\"async\" class=\" alignright\" src=\"https:\/\/lh3.googleusercontent.com\/pw\/AP1GczNA_hQw1ZG9q8KCCpescIcgA1ABHC8aWhKw3qzwI3IQTg8ImSuRSEdtkn5qZ2Xl7O99UvR6JHjONqcFEa7PlgDy4fpYWzkkRGeOhFjRPiFJ_8zydRCaWvoSssbMqGCViJXNONryRLF9YB7GqYZPbUnr=w1000-h750-s-no-gm?authuser=1\" width=\"346\" height=\"260\" \/><\/p>\n<p>&nbsp;<\/p>\n<p>&nbsp;<\/p>\n<p>&nbsp;<\/p>\n<p>&nbsp;<\/p>\n<p>&nbsp;<\/p>\n<p>&nbsp;<\/p>\n<p>&nbsp;<\/p>\n<p style=\"text-align: justify;\"><span style=\"font-size: 14px;\"><b>Ko\u015bci\u00f3\u0142 \u015bw. Benedykta\u00a0 <\/b>najmniejszy ko\u015bci\u00f3\u0142 w Krakowie, na miejscu poprzedniej \u015bwi\u0105tyni w kszta\u0142cie rotundy pochodz\u0105cej z ok. 1000 r. Pere\u0142ka Podg\u00f3rza.<\/span><\/p>\n<p><img loading=\"lazy\" decoding=\"async\" class=\"alignnone size-medium\" src=\"https:\/\/lh3.googleusercontent.com\/pw\/AP1GczOo8Dz2MgpQSqX0tGvtVpgdNd5H98Gz9nAh7_EyohvHo-lXAh5ZWJSknPDSThb503u4n4NVnRuYJy4Acerm8ErvZ8SYvUfJ73XmZ0REE9bXV6nwMYL4xBivJnzPRprd2mq2cM1bXZ9FBeonV0MXHBfE=w1000-h750-s-no-gm?authuser=1\" width=\"1000\" height=\"750\" \/><\/p>\n<p><strong><span style=\"font-size: 14px;\">Fort 31 &#8222;Benedykt&#8221; <\/span><\/strong><span style=\"font-size: 14px;\">ostatnie zwiedzanie przed generalnym remontem. Mo\u017ce za 5 lat?<\/span><\/p>\n<p><img loading=\"lazy\" decoding=\"async\" class=\"alignleft\" src=\"https:\/\/lh3.googleusercontent.com\/pw\/AP1GczNETyEodGHkJ5nY5k5a-BcObCyjNbEstgnMdRJckpHoe2ezWlj6wQdN2zzgWwGWtJNnC-sO_SKWjChLlf00S2ii4nTt5ix6zEfOwNmAdeYSSv5Hlp_7wc1606Fua-Gss1tqJu_ozS7lfY4Q1c78R5Sk=w1000-h637-s-no-gm?authuser=1\" width=\"413\" height=\"263\" \/><\/p>\n<p><img loading=\"lazy\" decoding=\"async\" class=\"alignright\" src=\"https:\/\/lh3.googleusercontent.com\/pw\/AP1GczP2Hsqt_HaWyDpaL_PMuJiSO9oSywjfYymtFrPGAoTaSq-1-ojGW5ewhlAJg1omWOCKLpT3WTKpu6DWcEt9hPKdZaGdqQkb54kg1dqx7Dy3bVgh1tPuQfbRhp8pDOD9O8k5ng9t2GQdYCSHo6BKzXuD=w1000-h750-s-no-gm?authuser=1\" width=\"350\" height=\"263\" \/><\/p>\n<p>&nbsp;<\/p>\n<p>&nbsp;<\/p>\n<p>&nbsp;<\/p>\n<p>&nbsp;<\/p>\n<p>&nbsp;<\/p>\n<p>&nbsp;<\/p>\n<p>&nbsp;<\/p>\n<p>&nbsp;<\/p>\n<p><img loading=\"lazy\" decoding=\"async\" class=\"alignleft\" src=\"https:\/\/lh3.googleusercontent.com\/pw\/AP1GczPu0qvJpLIqwFGZZPUjbgDTI7rKH5bRUkMbqkpq_PoYf2bNP6lvl7DXgSCfgdB74zOVwGIyxsAZUYzAdoiaO3r6JQTiL1hNeqa75i4lW-YZfz2nYCfDSKV8A-wyYd-0eFPITQyU1UXuFME2BM96rl5y=w1000-h750-s-no-gm?authuser=1\" width=\"369\" height=\"277\" \/><\/p>\n<p><img loading=\"lazy\" decoding=\"async\" class=\" alignright\" src=\"https:\/\/lh3.googleusercontent.com\/pw\/AP1GczNxVbRi1axCKqNh-0RWVdXDJvwnju1rviNiZ1ZGZQwNNmpzFSPFP-O3KaUAgSbmjJlXg1joWBOb0v6LrO6w6Vn9PKfMLddnTUvvAzb5KJTqotQx6z7MjG38NilcFFkI55fYEMX3e0g3WzkV_WOb5kLL=w1000-h750-s-no-gm?authuser=1\" width=\"367\" height=\"276\" \/><\/p>\n<p>&nbsp;<\/p>\n<p>&nbsp;<\/p>\n<p>&nbsp;<\/p>\n<p>&nbsp;<\/p>\n<p>&nbsp;<\/p>\n<p>&nbsp;<\/p>\n<p>&nbsp;<\/p>\n<p>&nbsp;<\/p>\n<p style=\"text-align: justify;\"><span style=\"font-size: 14px;\"><strong>Ul. Cz<\/strong><b>arnieckiego,\u00a0<\/b> \u00a0dawny areszt \u015bledczy, wcze\u015bniej CK s\u0105d\u00a0 a obecnie w\u0142asno\u015b\u0107 IPN. To w tych murach powsta\u0142 s\u0142ynny wi\u0119zienny protestsong &#8222;Czarny chleb i czarna kawa&#8221;.<\/span><\/p>\n<p><img loading=\"lazy\" decoding=\"async\" class=\"alignleft\" src=\"https:\/\/lh3.googleusercontent.com\/pw\/AP1GczO5shCE9qk9-xjjHpPiB6_P5kxhCuMrm8amhnaRrJWtRSaF1lj_kSJwC2zcIULDsi_tnnAnpEnzVt9JyYbVD_gnnkRUe95WPfZT9z5gHw3Iz6asplWTjD2JG6FeCSAn9axlZ5O6onZnm5-RyLTDdXL9=w1000-h646-s-no-gm?authuser=1\" width=\"388\" height=\"251\" \/><\/p>\n<p><img loading=\"lazy\" decoding=\"async\" class=\" alignright\" src=\"https:\/\/lh3.googleusercontent.com\/pw\/AP1GczOk97pfutiKr654vWj5VWmDqa4vURRQl_xqPsO282j7pmxQeU_ijjBEESqrvAeaQBaRMbTY9Hv1XWO5mEZzCUGJ7O3HV4eHMVJUljh-oeFVGRWovOmpqydhc4FNAvOvOEw8469oORl2sqvaToIuGPV5=w1000-h667-s-no-gm?authuser=1\" width=\"377\" height=\"251\" \/><\/p>\n<p>&nbsp;<\/p>\n<p>&nbsp;<\/p>\n<p>&nbsp;<\/p>\n<p>&nbsp;<\/p>\n<p>&nbsp;<\/p>\n<p>&nbsp;<\/p>\n<p>&nbsp;<\/p>\n<p style=\"text-align: justify;\"><span style=\"font-size: 14px;\"><strong>Ul. Limanowskiego\u00a0\u00a0<\/strong>obecnie pretenduje do najbrzydszej ulicy Podg\u00f3rza &#8211; razem z Kalwaryjsk\u0105.\u00a0 Potencja\u0142 jest tylko jeszcze 10 lat?<\/span><\/p>\n<p><img loading=\"lazy\" decoding=\"async\" class=\"alignnone size-medium\" src=\"https:\/\/lh3.googleusercontent.com\/pw\/AP1GczM-3cxPm_1XetU5hasCvpV_k0HQkPBy4yGZ10ktgSepaGF9_EDi0_xmbl7P03BPmojBaEhNJYcdFLxjMc4tap52NjcL3Jn3_8n1R1FDpiNTjqPAXawq30tD-OIe4qBR7ulBYr_OiP19TeaxLqicyQXq=w1000-h442-s-no-gm?authuser=1\" width=\"1000\" height=\"442\" \/><\/p>\n<p><img loading=\"lazy\" decoding=\"async\" class=\"alignnone size-medium\" src=\"https:\/\/lh3.googleusercontent.com\/pw\/AP1GczMPXcQBFOXZmq8HUSiDPPHOiE8uC--5YnQ6Pa57zR2oPIjIpTJN3iU7RZXCsGJ9sdnDQEm2PXT5SjcfNtFlqU5yQgMFUo_msb9FnF-_dNLLqHGryY-s8-65OakairccRVRBLfsC2YMzuZW29uGAxbUr=w1000-h580-s-no-gm?authuser=1\" width=\"1000\" height=\"580\" \/><\/p>\n<p><span style=\"font-size: 14px;\"><strong>Ul. R\u0119kawka\u00a0\u00a0<\/strong>fragment muru getta na zapleczu dawnej Miejskiej Szko\u0142y Ludowej.<\/span><\/p>\n<p><strong><img loading=\"lazy\" decoding=\"async\" class=\"alignleft\" src=\"https:\/\/lh3.googleusercontent.com\/pw\/AP1GczP82IHkuxedsIOUnRHadHcCaDfT6rUKzLQA6XxF9hMQCEvfDlNjdJaXdvK2-7NHuV9UDmIh7aaizlCijzUHOjKI6WYMmXkBeYVujXYZvudmzdLsAZpmpKfg_kIDf653EnpOid4fOTkPBQDP_Rst1ZqZ=w1000-h667-s-no-gm?authuser=1\" width=\"376\" height=\"250\" \/><\/strong><\/p>\n<p><strong><img loading=\"lazy\" decoding=\"async\" class=\"alignright\" src=\"https:\/\/lh3.googleusercontent.com\/pw\/AP1GczNqez-ahsQalYJ979fXl_D2qV520Oa54cgg1hCmdDzmVAR9ocn01sM9eM3KfXUISlKfOMk4XXd7fc4zsJGMzeYrhedzlJxZxYuVavardFDZ_H4PGkeqhLken75Z6GsXFZbp8gXfZ_b1lbJu2APIxrCx=w1000-h668-s-no-gm?authuser=1\" width=\"375\" height=\"250\" \/><\/strong><\/p>\n<p>&nbsp;<\/p>\n<p>&nbsp;<\/p>\n<p>&nbsp;<\/p>\n<p>&nbsp;<\/p>\n<p>&nbsp;<\/p>\n<p>&nbsp;<\/p>\n<p>&nbsp;<\/p>\n<p><strong><span style=\"font-size: 14px;\">Ul. Zamojskiego\u00a0 \u00a0N<\/span><\/strong><span style=\"font-size: 14px;\">owa siedziba Teatru KTO.\u00a0 Tylko \u015bciana frontowa pozosta\u0142a z kina Wrzos.<\/span><\/p>\n<p><img loading=\"lazy\" decoding=\"async\" class=\"alignleft\" src=\"https:\/\/lh3.googleusercontent.com\/pw\/AP1GczMOEabbKscLBsBK8WNKSfhPdXXlUlCWheKXj-r0aYLoGEWpGcTx0c381irFh1DFzd7A43txITUvdJsvzUPIaLi1pWGTtshaumcIc_CloHLSbQs_ENAiece0IjYJvkoJ_b0iIkUTCBHpeWOZbdIoqTVW=w1000-h728-s-no-gm?authuser=1\" width=\"369\" height=\"268\" \/><\/p>\n<p><img loading=\"lazy\" decoding=\"async\" class=\"alignright\" src=\"https:\/\/lh3.googleusercontent.com\/pw\/AP1GczPzbHgX_mOW506VflWKdsI1Vtzd4TCuvUFcK13vqMvN3WycwvI02mNlLUMmqO_NfEk_JmD_sHK09Fgq_uXZVHc7C70Q3-FKd3DKt8cJHwTvX4eTkvEHtBRwgzAY72SxZrixZOw5y7hXMYntN_XgXOkE=w1000-h712-s-no-gm?authuser=1\" width=\"376\" height=\"268\" \/><\/p>\n<p>&nbsp;<\/p>\n<p>&nbsp;<\/p>\n<p>&nbsp;<\/p>\n<p>&nbsp;<\/p>\n<p>&nbsp;<\/p>\n<p>&nbsp;<\/p>\n<p>&nbsp;<\/p>\n<p>&nbsp;<\/p>\n<p style=\"text-align: justify;\"><strong><span style=\"font-size: 14px;\">Plac Bohater\u00f3w Getta.\u00a0 \u00a0<\/span><\/strong><span style=\"font-size: 14px;\">Sk\u0142ad Solny \u2013 XVIII-wieczny magazyn solny znajduj\u0105cy si\u0119 obok dawnego Portu Solnego. Obecnie siedziba pracowni offowych artyst\u00f3w. Jest plan by budynek sta\u0142 si\u0119 Centrum Literatury i J\u0119zyka Planeta Lem i wpisywa\u0142 si\u0119 w oficjalne inicjatywy miejskie jak Mocak czy Cricoteka.<\/span><\/p>\n<p><img loading=\"lazy\" decoding=\"async\" class=\"alignnone size-medium\" src=\"https:\/\/lh3.googleusercontent.com\/pw\/AP1GczNaqlzkVYxWDjGkqXhQodDY4ImYleNQQMAIYU4H7_K4tMBIcz721Nk4HCgf_20SfZPbtjfUt0jPUY9bf-su4rhh_F1xa6jeJxQrgS-v06OSjvW28SVVkKPqDUhnhMmC8x1sEU4EHh7oDB7_EQNGhVMR=w1000-h470-s-no-gm?authuser=1\" width=\"1000\" height=\"470\" \/><\/p>\n<p><strong><span style=\"font-size: 14px;\">Krzemionki Podg\u00f3rskie,<\/span><\/strong> <span style=\"font-size: 14px;\">\u00a0zesp\u00f3\u0142 wapiennych ska\u0142 osi\u0105ga w najwy\u017cszym punkcie niemal 270 m n.p.m.\u00a0<\/span><\/p>\n<p><img loading=\"lazy\" decoding=\"async\" class=\"alignleft\" src=\"https:\/\/lh3.googleusercontent.com\/pw\/AP1GczNFXDqGBgD7QflBbbrkLc_1YXgtgHH9MxnNStyxP-OswnBCbub3FKmUiXI7udMyFYkb9asPVm1Jk7hzVSBPg8El9JpMp6kp-Ln3S7xtoPtgLYF1YHwBYEeLudd-3xqtPgviFEuC-H9lCrGljWilpb8w=w719-h923-s-no-gm?authuser=1\" width=\"350\" height=\"449\" \/><\/p>\n<p><img loading=\"lazy\" decoding=\"async\" class=\"alignright\" src=\"https:\/\/lh3.googleusercontent.com\/pw\/AP1GczM68m09J6lNdgVMrqqOMrfvtf0liRbQYCWQmwcgSXPJZjAMDTAlph0NcsqBrgplkdUXGXwKul4Njn1s_0b76uoVnOOGlMOjFpmzdFHETiumFpwx_uPAtWrC0GIStlYI80jLuqAJJwSMs6Ko90cXKnyT=w1000-h666-s-no-gm?authuser=1\" width=\"401\" height=\"267\" \/><\/p>\n<p>&nbsp;<\/p>\n<p>&nbsp;<\/p>\n<p>&nbsp;<\/p>\n<p>&nbsp;<\/p>\n<p>&nbsp;<\/p>\n<p>&nbsp;<\/p>\n<p>&nbsp;<\/p>\n<p>&nbsp;<\/p>\n<p>&nbsp;<\/p>\n<p>&nbsp;<\/p>\n<p><img loading=\"lazy\" decoding=\"async\" class=\" alignright\" src=\"https:\/\/lh3.googleusercontent.com\/pw\/AP1GczM5DBCVBv67L34kQQfdOxuZuI6aZM_R5DgSMC0XTRlyy_6CQG6C0E80AkSEKmSre9MxYMfw8kd0bt5JoZTnhSY9nYHiE_cbXOk-zeegvaMm3SwpN1yJVMHjTImujJdeQGXQuFHpgnI5T4BMXbJQQn79=w694-h923-s-no-gm?authuser=1\" width=\"349\" height=\"464\" \/><\/p>\n<p>&nbsp;<\/p>\n<p>&nbsp;<\/p>\n<p><strong><span style=\"font-size: 14px;\">Podg\u00f3rze od kuchni\u00a0 <\/span><\/strong><span style=\"font-size: 14px;\">du\u017co si\u0119 dzieje na mapie kulinarnej Podg\u00f3rza.\u00a0 Zak\u0142adka i Luktung wymiataj\u0105 ale zaraz za nimi Mazi.\u00a0<\/span><\/p>\n<p><span style=\"font-size: 14px;\">Zak\u0142adka no.1\u00a0 \u00a0 \u00a0 \u00a0 \u00a0 \u00a0 \u00a0 \u00a0Luktung no.2<\/span><\/p>\n<p><img loading=\"lazy\" decoding=\"async\" class=\"alignleft\" src=\"https:\/\/lh3.googleusercontent.com\/pw\/AP1GczNbOpHHqY5FozFqBdIPmZr9AN3cxn40mCnHv0Xv_sp5YGp4b4t4ypXxJhBiWNESYt3oiAqt6qG29GPD-J47z0fmtgCqsJ5fyx0jl9v8834UV7t6E-Tnx0_eGsTlmYPlQi0X_Pec9le4s3Ii5fbGepMX=w1000-h816-s-no-gm?authuser=1\" width=\"404\" height=\"330\" \/><\/p>\n<p>&nbsp;<\/p>\n<p>&nbsp;<\/p>\n<p>&nbsp;<\/p>\n<p>&nbsp;<\/p>\n<p>&nbsp;<\/p>\n<p>&nbsp;<\/p>\n<p>&nbsp;<\/p>\n<p style=\"text-align: justify;\"><strong><span style=\"font-size: 14px;\">Mateczny.\u00a0 <\/span><\/strong><span style=\"font-size: 14px;\">Antoni Mateczny &#8211; pochodz\u0105cy z Czech architekt, radny Podg\u00f3rza, odkrywca leczniczych \u017ar\u00f3de\u0142, za\u0142o\u017cyciel i w\u0142a\u015bciciel uzdrowiska \u201eMateczny\u201d. Zak\u0142ad odnowy biologicznej i pi\u0119kny park funkcjonuj\u0105 do dzisiaj a wszystko obok ruchliwego w\u0119z\u0142a komunikacyjnego.<\/span><\/p>\n<p><img loading=\"lazy\" decoding=\"async\" class=\"alignleft\" src=\"https:\/\/lh3.googleusercontent.com\/pw\/AP1GczOdhgUmsj4Gr0P2AJK_E0tBDUcFVvUwbQoTv_h7Ug1wW7BsSW8AsE90fDb8KSBC4E5mGCc46FqcSRPEufjHBiQYlgh-N77RLKQGB74zm--Dr8O7jYESl7bZ2Fq7cHbJa9oNGpbQ6zqcv93eev-agKu5=w1000-h670-s-no-gm?authuser=1\" width=\"478\" height=\"320\" \/><\/p>\n<p><img loading=\"lazy\" decoding=\"async\" class=\" alignright\" src=\"https:\/\/lh3.googleusercontent.com\/pw\/AP1GczNV-VCZe5aWkfpepq2UjMMZMWxtgQ46rqPI7HWIAE6PTD1xRC9PrGf3-G9Exr3gHqTlh7HN2NPVGOVvLD9ljltztV5Kvf70PP8xQdHFoXR_hy9yFpTszFdpaakY748PvJimRxlrt_4tmob5lE4FGvK_=w685-h923-s-no-gm?authuser=1\" width=\"237\" height=\"320\" \/><\/p>\n<p>&nbsp;<\/p>\n<p>&nbsp;<\/p>\n<p>&nbsp;<\/p>\n<p>&nbsp;<\/p>\n<p>&nbsp;<\/p>\n<p>&nbsp;<\/p>\n<p>&nbsp;<\/p>\n<p>&nbsp;<\/p>\n<p>&nbsp;<\/p>\n<p style=\"text-align: justify;\"><strong><span style=\"font-size: 14px;\">Zab\u0142ocie\u00a0<\/span><\/strong><span style=\"font-size: 14px;\"> niesamowity rozw\u00f3j, od obszaru przemys\u0142owego do nowoczesnych biurowc\u00f3w i osiedli mieszkaniowych.\u00a0<\/span><\/p>\n<p><img loading=\"lazy\" decoding=\"async\" class=\"alignleft\" src=\"https:\/\/lh3.googleusercontent.com\/pw\/AP1GczO_BIklP7HyUIpUs09xsaMeqCYOARX-PIJc_fxr0xE8Nbkh3eI870Us6qL48i4Mrr3lW_WgUfLQucYP24r-7281p6NfsmYkU3lEwnokRno1UP1gVs7s2HMeiu58RgLK5f9_dzzzrHE5tS8oANrBkZv3=w1000-h633-s-no-gm?authuser=1\" width=\"367\" height=\"233\" \/><\/p>\n<p><img loading=\"lazy\" decoding=\"async\" class=\" alignright\" src=\"https:\/\/lh3.googleusercontent.com\/pw\/AP1GczM0PW1dKF1FnQd5WDH8jCrs7jAxj-VvoiPBNgpAVV7LKJeYqHLZCxPGCwfHHXqCvM-UY3mMd-x6fzd-u7awsWcOeVbFiJlbWZUo4ymmsAoaSjT96UzKgJWVKi--K-SMa10lMRiwRRifK1v4M0Lk0A6i=w1000-h634-s-no-gm?authuser=1\" width=\"367\" height=\"233\" \/><\/p>\n<p>&nbsp;<\/p>\n<p>&nbsp;<\/p>\n<p>&nbsp;<\/p>\n<p>&nbsp;<\/p>\n<p>&nbsp;<\/p>\n<p>&nbsp;<\/p>\n<p>&nbsp;<\/p>\n<p><span style=\"font-size: 14px;\"><strong>Podg\u00f3rze by night<\/strong><span style=\"font-family: arial, helvetica, sans-serif;\"><a href=\"https:\/\/photos.app.goo.gl\/eeoAW6Fr8ooUtPP1A\" target=\"_blank\" rel=\"noopener\"><img loading=\"lazy\" decoding=\"async\" class=\"wp-image-70 alignright\" src=\"http:\/\/go.ianna.pl\/wp-content\/uploads\/2024\/08\/foto.jpg\" alt=\"\" width=\"50\" height=\"37\" \/><\/a><\/span><\/span><\/p>\n<p><img loading=\"lazy\" decoding=\"async\" class=\"alignnone size-medium\" src=\"https:\/\/lh3.googleusercontent.com\/pw\/AP1GczMcI0rIryrH-CIJ_BhdhRXrVSEFNuzmCtp2E4fqJdb1JVrAstIkGWFbcO9JK9-Wk7dUpUpMm368zCSv_s6GKkH8UV-95MRWW6QN_YyUYp_Q3qlFDdjrWDCVRknTnuemG7qTgqjDGxNtRt95KP894oE5=w1000-h564-s-no-gm?authuser=1\" width=\"1000\" height=\"564\" \/><\/p>\n<p><img loading=\"lazy\" decoding=\"async\" class=\"alignnone size-medium\" src=\"https:\/\/lh3.googleusercontent.com\/pw\/AP1GczNApRu2cmNZHf2kY3YJpUkRQQxhGPQfh_eCAw541wtzyWaYgFDY-zOSqELw9B1ppAbSpyKEkGKrjeoZ_71N05dFXxOusvsugkc4b3-isjUs1h3E559jhY8Netdl2ZWHj5usL3S6ndvz5EVQ8BAXMw63=w1000-h667-s-no-gm?authuser=1\" width=\"1000\" height=\"667\" \/><\/p>\n<p><img loading=\"lazy\" decoding=\"async\" class=\"alignright\" src=\"https:\/\/lh3.googleusercontent.com\/pw\/AP1GczN4V4StGLjEWYVAVKpfQlmhXNhE7ygFJe53e_JVqfA03386O6PRHDMQMim0lhQWLWo5evZii3ceXRMj_zN-aMrNttKM1klzRWEVoQ-jNrwZli94U_SwYws0J0GQK7o51iMj2bk0ayoRxb8Zqftne9Pz=w697-h923-s-no-gm?authuser=1\" width=\"345\" height=\"457\" \/><\/p>\n<p><img loading=\"lazy\" decoding=\"async\" class=\"alignleft\" src=\"https:\/\/lh3.googleusercontent.com\/pw\/AP1GczPYRj_bqqTQyrDs6wvjB5yqZjqejVwjQkY_vY_gzpUcSMBWoqoaxJhXnzogYr6ZukfjCM9z-Z0M6uLLhndDrKeioB3Z8la7vZW_4hY27InSx9YPX0hc0kwiqGLqMe5kT7FY1cyQye7LGMjRGWDCIOgE=w1000-h684-s-no-gm?authuser=1\" width=\"414\" height=\"283\" \/><\/p>\n<p>&nbsp;<\/p>\n<p>&nbsp;<\/p>\n<p>&nbsp;<\/p>\n<p>&nbsp;<\/p>\n<p>&nbsp;<\/p>\n<p>&nbsp;<\/p>\n<p>&nbsp;<\/p>\n<p>&nbsp;<\/p>\n<p>&nbsp;<\/p>\n<p style=\"text-align: justify;\">\n","protected":false},"excerpt":{"rendered":"<p>Spacerkiem po Podg\u00f3rzu XIII &#8211; tej dzielnicy Krakowa w 10-t\u0105 rocznic\u0119 bywania. Dla mnie to obszar zamkni\u0119ty\u00a0 Wis\u0142\u0105,\u00a0 Wilg\u0105\u00a0 i II-g\u0105 obwodnic\u0105. Od edyktu cesarza J\u00f3zefa z 1784 r. samodzielne miasto. Dopiero w 1915 r Podg\u00f3rze zosta\u0142o do\u0142\u0105czone do Krakowa. Ma swoj\u0105 specyfik\u0119 i smaki. Wis\u0142a, o\u015b miasta. K\u0142adka Bernatka komunikuje Rynek Podg\u00f3rski z Kazimierzem. Medal za pomys\u0142 i wykonanie! Bulwar Poleski, pustostan hotelu Forum [&hellip;]<\/p>\n","protected":false},"author":1,"featured_media":20,"comment_status":"closed","ping_status":"closed","sticky":false,"template":"","format":"standard","meta":{"footnotes":""},"categories":[22],"tags":[],"class_list":["post-151","post","type-post","status-publish","format-standard","has-post-thumbnail","hentry","category-pg"],"_links":{"self":[{"href":"https:\/\/go.ianna.pl\/index.php?rest_route=\/wp\/v2\/posts\/151","targetHints":{"allow":["GET"]}}],"collection":[{"href":"https:\/\/go.ianna.pl\/index.php?rest_route=\/wp\/v2\/posts"}],"about":[{"href":"https:\/\/go.ianna.pl\/index.php?rest_route=\/wp\/v2\/types\/post"}],"author":[{"embeddable":true,"href":"https:\/\/go.ianna.pl\/index.php?rest_route=\/wp\/v2\/users\/1"}],"replies":[{"embeddable":true,"href":"https:\/\/go.ianna.pl\/index.php?rest_route=%2Fwp%2Fv2%2Fcomments&post=151"}],"version-history":[{"count":31,"href":"https:\/\/go.ianna.pl\/index.php?rest_route=\/wp\/v2\/posts\/151\/revisions"}],"predecessor-version":[{"id":2504,"href":"https:\/\/go.ianna.pl\/index.php?rest_route=\/wp\/v2\/posts\/151\/revisions\/2504"}],"wp:featuredmedia":[{"embeddable":true,"href":"https:\/\/go.ianna.pl\/index.php?rest_route=\/wp\/v2\/media\/20"}],"wp:attachment":[{"href":"https:\/\/go.ianna.pl\/index.php?rest_route=%2Fwp%2Fv2%2Fmedia&parent=151"}],"wp:term":[{"taxonomy":"category","embeddable":true,"href":"https:\/\/go.ianna.pl\/index.php?rest_route=%2Fwp%2Fv2%2Fcategories&post=151"},{"taxonomy":"post_tag","embeddable":true,"href":"https:\/\/go.ianna.pl\/index.php?rest_route=%2Fwp%2Fv2%2Ftags&post=151"}],"curies":[{"name":"wp","href":"https:\/\/api.w.org\/{rel}","templated":true}]}}