{"id":155,"date":"2023-12-15T21:05:29","date_gmt":"2023-12-15T21:05:29","guid":{"rendered":"https:\/\/go.ianna.pl\/?p=155"},"modified":"2025-08-02T14:08:43","modified_gmt":"2025-08-02T14:08:43","slug":"korona-beskidu-niskiego","status":"publish","type":"post","link":"https:\/\/go.ianna.pl\/?p=155","title":{"rendered":"Beskid Niski 2023___Korona BN"},"content":{"rendered":"<p style=\"text-align: justify;\"><span style=\"font-size: 14px;\">\u00a0 W<\/span><span style=\"font-size: 14px;\">\u00a0ramach w\u0142asnego projektu\u00a0<\/span><em style=\"font-size: 14px;\">Beskidy i Pieniny<\/em><span style=\"font-size: 14px;\">\u00a0 w 2023 przyszed\u0142 czas na eksploracj\u0119 tego rozleg\u0142ego pasma<\/span><em style=\"font-size: 14px;\">.<\/em><span style=\"font-size: 14px;\"> W 10-t\u0105 rocznic\u0119 w\u0142\u00f3cz\u0119gi po G\u0142\u00f3wnym Szlaku Beskidzkim zew jaki\u015b od tych g\u00f3rek przyszed\u0142 i trwa. Tym razem formu\u0142\u0119 d\u0142ugodystansowej pieszej w\u0119dr\u00f3wki zmieni\u0142em na samochodow\u0105 by dotrze\u0107 do miejsc poznawczo istotnych &#8211; creme de la creme Beskidu Niskiego. Dla uroczych zak\u0105tk\u00f3w, ciekawych miejsc, zabytk\u00f3w, historii i &#8230; dobrej energii.<\/span><\/p>\n<p><span style=\"font-size: 16px;\"><strong>Beskid Niski 2023<\/strong><\/span><\/p>\n<p style=\"text-align: justify;\"><span style=\"font-size: 14px;\"><a href=\"https:\/\/photos.app.goo.gl\/wv8sLxhCg956jUaA8\" target=\"_blank\" rel=\"noopener\">2023_06_06<\/a>\u00a0 \u00a0Gryb\u00f3w, Gorlice, <strong>Magura Ma\u0142astowska <\/strong>z prze\u0142. Ma\u0142astowskiej, G\u0142adysz\u00f3w, <strong>Rotunda <\/strong>z Regietowa, Smilniansky vrch, Krempna.<\/span><\/p>\n<p style=\"text-align: justify;\"><span style=\"font-size: 14px;\">I tylko schroniska PTTK na Magurze Ma\u0142astowskiej szkoda.\u00a0 Otwarte w 1955 zamkni\u0119te od chyba kilku lat. Czeka na lepsze czasy \ud83d\ude41 oby nadesz\u0142y!\u00a0 Rotunda ma ju\u017c komplet gontyn. Miejsce to szczeg\u00f3lne w Beskidzie Niskim! Za to baza namiotowa w Regietowie ma si\u0119 dobrze i przygotowuje si\u0119 do nowego sezonu.<\/span><\/p>\n<p><img loading=\"lazy\" decoding=\"async\" class=\"alignleft\" src=\"https:\/\/lh3.googleusercontent.com\/pw\/AP1GczNU1M9UeIcotdelt8picSmZDUpHNrvcJaQQ2ZRg4qXtA_g9Fn_G_zzEL6e7t_J78eM8GGCsg_9ZWMht8oyEWnCPd-4LDRvKzzAqBMe6KlmpVqxkmoa9RJsX6lw3ONUvzcUjf5nu8zVlxZ8ffbLSl-rQ_w=w1187-h890-s-no-gm?authuser=0\" width=\"268\" height=\"201\" \/><\/p>\n<p><img loading=\"lazy\" decoding=\"async\" class=\" alignright\" src=\"https:\/\/lh3.googleusercontent.com\/pw\/AP1GczPN48Uw-Xd7MxQedJV11WnOal3VWpVGYBoHDU3XbsXqqNk-dEPyckX77_GKovuObAiKtqJE1xZ7FWHrAXFKvbib57frNathyE606S1TbHPky5jzzhAFm9OdsszsPxgfMXD_7B8fpd5zjqGS_2O4WChdPQ=w1335-h890-s-no-gm?authuser=0\" width=\"301\" height=\"200\" \/><\/p>\n<p>&nbsp;<\/p>\n<p>&nbsp;<\/p>\n<p>&nbsp;<\/p>\n<p>&nbsp;<\/p>\n<p>&nbsp;<\/p>\n<p>&nbsp;<\/p>\n<p><span style=\"font-size: 14px;\"><a href=\"https:\/\/photos.app.goo.gl\/QBvutui6yaXzVK9e8\" target=\"_blank\" rel=\"noopener\">2023_06_07<\/a>\u00a0 \u00a0Krempna, Zyndranowa, Cieklin, S\u0119kowa, \u0141u\u017cna<\/span><\/p>\n<p style=\"text-align: justify;\"><span style=\"font-size: 14px;\">O\u015brodek Edukacyjno &#8211; Muzealny Magurskiego Parku Narodowego, nowoczesny obiekt ze \u015bwietn\u0105 ekspozycj\u0105 &#8211; must have!\u00a0 \u00a0 \u00a0Zyndranowa, Muzeum Kultury \u0141emkowskiej &#8211; pami\u0119ci spo\u0142eczno\u015bci i kultury kt\u00f3r\u0105 brutalnie zniszczono.\u00a0<\/span><\/p>\n<p><img loading=\"lazy\" decoding=\"async\" class=\"alignleft\" src=\"https:\/\/lh3.googleusercontent.com\/pw\/AP1GczOw9-9XQsv0w4ffnvQD7kaotz6jQ4q4HcgfG_yjUhLygIpR8Vlp6sK4DJCBmmYRs_usXYPFGNqssQCTyRcp7d_uRlGA5uCHAJFEkn7AA62MVuj_Zg3ppnGu3JaUaoGdxhnzYTRxtNYjAvooDiaHgm5Lkw=w1335-h890-s-no-gm?authuser=0\" width=\"300\" height=\"200\" \/><\/p>\n<p><img loading=\"lazy\" decoding=\"async\" class=\"alignright\" src=\"https:\/\/lh3.googleusercontent.com\/pw\/AP1GczPU5_6HCUSAA29IVqz5a4rYPcIBu866ZLL471X-mhKYTbFGaIAO44VdNclQSzygq-42BZfPzh9mdlm5k6V3ddhJxTyxAaRfJaxvcUdt06S_E24rNzKjYWYlZl6IlaAWkQWM7EayZ1qYWn0OAgDiwtq1Tw=w1335-h890-s-no-gm?authuser=0\" width=\"302\" height=\"201\" \/><\/p>\n<p>&nbsp;<\/p>\n<p>&nbsp;<\/p>\n<p>&nbsp;<\/p>\n<p>&nbsp;<\/p>\n<p>&nbsp;<\/p>\n<p>&nbsp;<\/p>\n<p><span style=\"font-size: 14px;\"><a href=\"https:\/\/photos.app.goo.gl\/g33URKwnsvwrhXmi6\" target=\"_blank\" rel=\"noopener\">2023_06_29<\/a> Ja\u015bliska, Wis\u0142ok Wielki, Koma\u0144cza<\/span><\/p>\n<p style=\"text-align: justify;\"><span style=\"font-size: 14px;\">Ja\u015bliska &#8211; urocza wioska filmowa. No i maj\u0105 te\u017c swojego ambitnego pilota (Stanis\u0142aw Hausner).\u00a0 \u00a0 \u00a0Koma\u0144cza &#8211; deskal &#8222;Dziewczyny \u0142emkowskie&#8221; Arkadiusza Andrejkowa.<\/span><\/p>\n<p><img loading=\"lazy\" decoding=\"async\" class=\"alignleft\" src=\"https:\/\/lh3.googleusercontent.com\/pw\/AP1GczNGnJoJe0IvezKxBDIthlpbJtgP9AhKRTxbZEiXn0Qu81ho3KlivcIY2G5n-lLm-AKqln2lvYSS0gtt1S6lBX7zjGy5JGGEQI3mneKNSwk0NuvP2ozFjFjcF8uoDO-CXwhOHW2nh6BmDT6SvWkCI3Pqaw=w1296-h890-s-no-gm?authuser=0\" width=\"291\" height=\"200\" \/><\/p>\n<p><img loading=\"lazy\" decoding=\"async\" class=\"alignright\" src=\"https:\/\/lh3.googleusercontent.com\/pw\/AP1GczOSXrr9GrgModRQ8s3oy5KWS1xM5BzVB_xw9ubiKH8gsNxfwj8bQymbcJh932JhmyM4y1Muvog6tdonn6psxPFChn6ajC6SlBq6F-JjIH-b3hiNe0KBDeLEVmN0LneXTddgC4Ce-Q1Zr353C8THYvYglw=w1335-h890-s-no-gm?authuser=0\" width=\"302\" height=\"201\" \/><\/p>\n<p>&nbsp;<\/p>\n<p>&nbsp;<\/p>\n<p>&nbsp;<\/p>\n<p>&nbsp;<\/p>\n<p>&nbsp;<\/p>\n<p>&nbsp;<\/p>\n<p style=\"text-align: justify;\"><span style=\"font-size: 14px;\"><a href=\"https:\/\/photos.app.goo.gl\/cPShJeH7h1Zg8aiz6\" target=\"_blank\" rel=\"noopener\">2023_09_06<\/a>\u00a0 Berest, Florynka, Brunary, Czarna, Kwiato\u0144, Smerekowiec, Zdynia, <strong>Jaworzyna Koniecznia\u0144ska <\/strong>z prze\u0142. Dujawa, Czarne, Lipna.<\/span><\/p>\n<p style=\"text-align: justify;\"><span style=\"font-size: 14px;\">Kwiato\u0144 &#8211; cerkiew \u015bw. Paraskewy, dawna \u0142emkowska cerkiew greckokatolicka na li\u015bcie UNESCO, no pere\u0142ka!\u00a0 \u00a0Jaworzyna Koniecznia\u0144ska &#8211; d\u0142u\u017cszy spacer po obfitym \u015bniadaniu &#8222;U Zosi&#8221; w Zdyni :). Po drodze cmentarz CW-46 na wzg\u00f3rzu Beskidek.<\/span><\/p>\n<p><img loading=\"lazy\" decoding=\"async\" class=\"alignright\" src=\"https:\/\/lh3.googleusercontent.com\/pw\/AP1GczOBhlhiOSGbjMkziDMERjQMEVyZ7ABBmQe2vWrw5JNrbv4UfZa16HcOp937CyX2LnPGjtSXtJL5AOv-t_tUt_JQKlZtKYSrLIu-t7wbn2S4GC4hm4BRk6rar8J5_6-IkyKcvLbm6yLOEChS9qnjxKi10w=w1181-h890-s-no-gm?authuser=0\" width=\"267\" height=\"201\" \/><\/p>\n<p><img loading=\"lazy\" decoding=\"async\" class=\"alignleft \" src=\"https:\/\/lh3.googleusercontent.com\/pw\/AP1GczMgfSjZMfzeyReGGcyVavqDeGAgfEufKuSOP_v6HzTGEC-TE5A-DiTDSKwBHtOnslOqZnnbciboRxXaP9GJNXJVft0Sm1G-DrHTDmGKkDKS-s9uBoQUmpZD7N6fA8WD1-7W5kAenWiARgHbtHsb8oP05g=w1335-h890-s-no-gm?authuser=0\" width=\"300\" height=\"200\" \/><\/p>\n<p>&nbsp;<\/p>\n<p>&nbsp;<\/p>\n<p>&nbsp;<\/p>\n<p>&nbsp;<\/p>\n<p>&nbsp;<\/p>\n<p>&nbsp;<\/p>\n<p><span style=\"font-size: 14px;\"><a href=\"https:\/\/photos.app.goo.gl\/ngZ5NsPkfAYvLkjV6\" target=\"_blank\" rel=\"noopener\">2023_09_07<\/a>\u00a0 \u015awi\u0105tkowa Wielka, Kota\u0144, Krempna,<strong> Baranie <\/strong>z Olchowca, <strong>Kamie\u0144 nad Ja\u015bliskami<\/strong> z Lipowca.<\/span><\/p>\n<p style=\"text-align: justify;\"><span style=\"font-size: 14px;\">Baranie: jest nawet schron turystyczny! Szkoda wie\u017cy widokowej bo szczyt zadrzewiony.\u00a0 \u00a0 Kamie\u0144: imponuj\u0105cy stos kamienny! Na trakcie w\u0119gierskim w Czeremsze drogowskazy na Nordkapp (3.190km) i do Babadag (1.034km).<\/span><\/p>\n<p><img loading=\"lazy\" decoding=\"async\" class=\"alignleft\" src=\"https:\/\/lh3.googleusercontent.com\/pw\/AP1GczPkqLhSZIs3q6TIjW0XbtZ8vYvf6HQBVvw2hhbZ-8DksAkvpoDVfuPQ__6O05iZFs7O9Jz3lzO_PeeCjS8FzwIgqTmTDgZ2Dq45dqPCfd3VS70jXaVZSPerj6-bkBsgzBcdF7WitD_QA-yNUt07CZGZZQ=w1335-h890-s-no-gm?authuser=0\" width=\"299\" height=\"199\" \/><\/p>\n<p><img loading=\"lazy\" decoding=\"async\" class=\" alignright\" src=\"https:\/\/lh3.googleusercontent.com\/pw\/AP1GczOjEYPRVyHdBpuG8r1Z-5OCOyUeRTUe2x0shes-1sJKhirFzbSos-Er8vdwMPEdz5TXabLdKaZIxVNTo-zWisS5tODX-G_Er0yZ2vwDja4stWVoij8_KdPQZOrG5YqNLwAMwPxXlVbvnmH6Sp-38EpdiQ=w1335-h890-s-no-gm?authuser=0\" width=\"300\" height=\"200\" \/><\/p>\n<p>&nbsp;<\/p>\n<p>&nbsp;<\/p>\n<p>&nbsp;<\/p>\n<p>&nbsp;<\/p>\n<p>&nbsp;<\/p>\n<p>&nbsp;<\/p>\n<p><span style=\"font-size: 14px;\"><a href=\"https:\/\/photos.app.goo.gl\/Ybixh4mwHHBVCR1L7\" target=\"_blank\" rel=\"noopener\">2023_09_08<\/a>\u00a0 Polany Surowiczne, Kr\u00f3lik Wo\u0142oski, Ba\u0142ucianka,\u00a0 Dukla<\/span><\/p>\n<p><img loading=\"lazy\" decoding=\"async\" class=\"alignleft\" src=\"https:\/\/lh3.googleusercontent.com\/pw\/AP1GczMlCLtQSDMOpb0LYzFrI2dRj3baIIHAh8yvCmJfYNZkz9Gtay2hpFceQPCzygDMKpru-9IZ6dOvyNXZ6YI8SW1nZYZEPyW11RTyWxIqwl1QEum9TfI6SmF5dizSliBf6J0MXhzSwsVGl2XhDNBAbqL5vg=w615-h923-s-no-gm?authuser=0\" width=\"274\" height=\"411\" \/><\/p>\n<p style=\"text-align: justify;\"><span style=\"font-size: 14px;\">Polany Surowiczne: czyli triumf idei nad fizyczn\u0105 materi\u0105! Grupa zapale\u0144c\u00f3w postanowi\u0142a podnie\u015b\u0107 z niebytu dzwonnic\u0119 nieistniej\u0105cej wsi \u0142emkowskiej. Przy braku \u015brodk\u00f3w potrafili zarazi\u0107 swoim uporem ludzi dobrej woli i jest! Pi\u0119kna wie\u017ca z w\u0142asnym dzwonem. Ku pami\u0119ci tych kt\u00f3rzy tu przez wieki \u017cyli i chwale tych kt\u00f3rzy nie zapomnieli.<\/span><\/p>\n<p><img loading=\"lazy\" decoding=\"async\" class=\"alignright\" src=\"https:\/\/lh3.googleusercontent.com\/pw\/AP1GczMeDgIp2dZ9wJggv9pyuF0cH_d1_qcs8oSyc77ytkwTK0wz6M2lw4-V84Z5JRgM1_d3kx7anmBC6TCTRocfu2PoEMvrD9pbw91O0gfdbPjZDr8Ea7A0SmQ1e1I4CXeGze_fnt3e7TuGo7QLAgJd22CY8Q=w1335-h890-s-no-gm?authuser=0\" width=\"300\" height=\"200\" \/><\/p>\n<p>&nbsp;<\/p>\n<p><span style=\"font-size: 14px;\">Ba\u0142ucianka: b.\u0142adna cerkiewka!<\/span><\/p>\n<p>&nbsp;<\/p>\n<p>&nbsp;<\/p>\n<p>&nbsp;<\/p>\n<p>&nbsp;<\/p>\n<p><img loading=\"lazy\" decoding=\"async\" class=\"alignright\" src=\"https:\/\/lh3.googleusercontent.com\/pw\/AP1GczO6Vp1tQJ4wsJ4uP3j8ADcy6_mhnf73DBzJHK0iP2prMAz3IxMpXXWnGvj0mLBO9qQO3LqSban1qDcFCccAJjpspcdpEp338wQrYL75OTbYhjjHAUS5X_uR4-6w2tzlcOQI4IziQAsZH4au7VX020mZJA=w1335-h890-s-no-gm?authuser=0\" width=\"482\" height=\"321\" \/><\/p>\n<p>&nbsp;<\/p>\n<p>&nbsp;<\/p>\n<p>&nbsp;<\/p>\n<p>&nbsp;<\/p>\n<p>&nbsp;<\/p>\n<p>&nbsp;<\/p>\n<p style=\"text-align: justify;\"><span style=\"font-size: 14px;\">Prze\u0142\u0119cz \u0141upkowska. Po prawej Beskid Niski i Karpaty Zachodnie, po lewej Bieszczady Zachodnie i Karpaty Wschodnie. Na wprost jeszcze tylko 416 m tunelu kolejowego i S\u0142owacja.<\/span><\/p>\n<p style=\"text-align: justify;\"><span style=\"font-weight: 400; font-size: 14px;\"><strong> Beskid Niski<\/strong> &#8211; kraina \u0142agodnych pag\u00f3rk\u00f3w. Jest inny: krajobrazowo, historycznie chyba te\u017c emocjonalnie. Odnajduj\u0119 tu dobr\u0105 energi\u0119, harmoni\u0119 krajobrazu, pi\u0119kno cerkwi tak naturalnie wkomponowanych w otoczenie. Wielka historia w ostatnich 100 latach ci\u0119\u017cko do\u015bwiadczy\u0142a \u0142emkowszczyzn\u0119: krwawe bitwy Pierwszej\u00a0 Wojny \u015awiatowej, barbarzy\u0144stwo Drugiej, wysiedlenia z lat 1945-47, siermi\u0119ga pegeerowskiej rzeczywisto\u015bci. Znik\u0142a spo\u0142eczno\u015b\u0107 \u0141emk\u00f3w a po wielu wsiach pozostaje tylko nazwa. Odwr\u00f3ci\u0107 historii nie mo\u017cna ale mo\u017cna pami\u0119ta\u0107 i czerpa\u0107 z tradycji. Wydaje si\u0119, \u017ce region kultywuje swoj\u0105 inno\u015b\u0107 i niech tak zostanie. Koniec mojego projektu <em>Beskidy i Pieniny<\/em> ale nie koniec mojej tu bytno\u015bci! Trzeba doko\u0144czy\u0107 koron\u0119, odwiedzi\u0107 kilka intryguj\u0105cych miejsc &#8211; jest co robi\u0107 :).\u00a0 \u00a0<span style=\"font-size: 12px;\"><em> grudzie\u0144 2023<\/em><\/span><\/span><\/p>\n<hr \/>\n<p style=\"text-align: justify; padding-left: 40px;\"><span style=\"font-size: 16px;\">\u00a0<strong>Korona Beskidu Niskiego<\/strong><\/span><span style=\"font-size: 14px;\">\u00a0<\/span><\/p>\n<p style=\"text-align: justify;\"><span style=\"font-size: 14px;\">Okre\u015blaj\u0105c cele na 2023 w Beskidzie\u00a0 Niskim\u00a0 natrafi\u0142em na zestawienie szczyt\u00f3w do korony BN (wg <a href=\"https:\/\/jaslopttk.pl\/korona-beskidu-niskiego\/\" target=\"_blank\" rel=\"noopener\">PTTK Jas\u0142o<\/a>).\u00a0 Okaza\u0142o si\u0119 to dobrym pretekstem do eksploracji\u00a0<\/span><span style=\"font-size: 14px; text-align: justify;\">rozleg\u0142ego pasma w ramach w\u0142asnego projektu <\/span><em style=\"font-size: 14px; text-align: justify;\">Beskidy i Pieniny <\/em><span style=\"font-size: 14px; text-align: justify;\">ale te\u017c zainspirowa\u0142o do przysz\u0142ych wizyt by kompletno\u015bci wykazu sta\u0142o si\u0119 zado\u015b\u0107.<\/span><\/p>\n<p><img loading=\"lazy\" decoding=\"async\" class=\"size-medium wp-image-1691 alignright\" style=\"font-size: 14px; text-align: justify;\" src=\"http:\/\/go.ianna.pl\/wp-content\/uploads\/2025\/06\/BN_korona-300x162.png\" alt=\"\" width=\"300\" height=\"162\" srcset=\"https:\/\/go.ianna.pl\/wp-content\/uploads\/2025\/06\/BN_korona-300x162.png 300w, https:\/\/go.ianna.pl\/wp-content\/uploads\/2025\/06\/BN_korona.png 333w\" sizes=\"auto, (max-width: 300px) 100vw, 300px\" \/><\/p>\n<table dir=\"ltr\" style=\"height: 461px;\" border=\"1\" width=\"406\" cellspacing=\"0\" cellpadding=\"0\" data-sheets-root=\"1\" data-sheets-baot=\"1\">\n<colgroup>\n<col width=\"38\" \/>\n<col width=\"178\" \/>\n<col width=\"71\" \/>\n<col width=\"95\" \/><\/colgroup>\n<tbody>\n<tr>\n<td style=\"text-align: center;\"><span style=\"font-size: 12px;\">1.<\/span><\/td>\n<td><span style=\"font-size: 12px;\">\u00a0Lackowa<\/span><\/td>\n<td style=\"text-align: center;\"><span style=\"font-size: 12px;\">997m.npm<\/span><\/td>\n<td style=\"text-align: center;\"><span style=\"font-size: 12px;\">2024-10-12<\/span><\/td>\n<\/tr>\n<tr>\n<td style=\"text-align: center;\"><span style=\"font-size: 12px;\">2.<\/span><\/td>\n<td><span style=\"font-size: 12px;\">\u00a0Ostry Wierch<\/span><\/td>\n<td style=\"text-align: center;\"><span style=\"font-size: 12px;\">930<\/span><\/td>\n<td style=\"text-align: center;\"><span style=\"font-size: 12px;\">2024-10-12<\/span><\/td>\n<\/tr>\n<tr>\n<td style=\"text-align: center;\"><span style=\"font-size: 12px;\">3.<\/span><\/td>\n<td><span style=\"font-size: 12px;\">\u00a0Jaworzyna Koniecznia\u0144ska<\/span><\/td>\n<td style=\"text-align: center;\"><span style=\"font-size: 12px;\">881<\/span><\/td>\n<td style=\"text-align: center;\"><span style=\"font-size: 12px;\">2023-09-06<\/span><\/td>\n<\/tr>\n<tr>\n<td style=\"text-align: center;\"><span style=\"font-size: 12px;\">4.<\/span><\/td>\n<td><span style=\"font-size: 12px;\">\u00a0Jaworze<\/span><\/td>\n<td style=\"text-align: center;\"><span style=\"font-size: 12px;\">880<\/span><\/td>\n<td><\/td>\n<\/tr>\n<tr>\n<td style=\"text-align: center;\"><span style=\"font-size: 12px;\">5.<\/span><\/td>\n<td><span style=\"font-size: 12px;\">\u00a0Kamie\u0144 nad Ja\u015bliskami<\/span><\/td>\n<td style=\"text-align: center;\"><span style=\"font-size: 12px;\">859<\/span><\/td>\n<td style=\"text-align: center;\"><span style=\"font-size: 12px;\">2023-09-07<\/span><\/td>\n<\/tr>\n<tr>\n<td style=\"text-align: center;\"><span style=\"font-size: 12px;\">6.<\/span><\/td>\n<td><span style=\"font-size: 12px;\">\u00a0Kozie \u017bebro<\/span><\/td>\n<td style=\"text-align: center;\"><span style=\"font-size: 12px;\">847<\/span><\/td>\n<td style=\"text-align: center;\"><span style=\"font-size: 12px;\">2024-10-12<\/span><\/td>\n<\/tr>\n<tr>\n<td style=\"text-align: center;\"><span style=\"font-size: 12px;\">7.<\/span><\/td>\n<td><span style=\"font-size: 12px;\">\u00a0Magura W\u0105tkowska<\/span><\/td>\n<td style=\"text-align: center;\"><span style=\"font-size: 12px;\">846<\/span><\/td>\n<td><\/td>\n<\/tr>\n<tr>\n<td style=\"text-align: center;\"><span style=\"font-size: 12px;\">8.<\/span><\/td>\n<td><span style=\"font-size: 12px;\">\u00a0Kanasi\u00f3wka<\/span><\/td>\n<td style=\"text-align: center;\"><span style=\"font-size: 12px;\">823<\/span><\/td>\n<td><\/td>\n<\/tr>\n<tr>\n<td style=\"text-align: center;\"><span style=\"font-size: 12px;\">9.<\/span><\/td>\n<td><span style=\"font-size: 12px;\">\u00a0Magura Ma\u0142astowska<\/span><\/td>\n<td style=\"text-align: center;\"><span style=\"font-size: 12px;\">813<\/span><\/td>\n<td style=\"text-align: center;\"><span style=\"font-size: 12px;\">2023-06-06<\/span><\/td>\n<\/tr>\n<tr>\n<td style=\"text-align: center;\"><span style=\"font-size: 12px;\">10.<\/span><\/td>\n<td><span style=\"font-size: 12px;\">\u00a0Che\u0142m<\/span><\/td>\n<td style=\"text-align: center;\"><span style=\"font-size: 12px;\">779<\/span><\/td>\n<td><\/td>\n<\/tr>\n<tr>\n<td style=\"text-align: center;\"><span style=\"font-size: 12px;\">11.<\/span><\/td>\n<td><span style=\"font-size: 12px;\">\u00a0Tokarnia<\/span><\/td>\n<td style=\"text-align: center;\"><span style=\"font-size: 12px;\">778<\/span><\/td>\n<td><\/td>\n<\/tr>\n<tr>\n<td style=\"text-align: center;\"><span style=\"font-size: 12px;\">12.<\/span><\/td>\n<td><span style=\"font-size: 12px;\">\u00a0Rotunda<\/span><\/td>\n<td style=\"text-align: center;\"><span style=\"font-size: 12px;\">771<\/span><\/td>\n<td style=\"text-align: center;\"><span style=\"font-size: 12px;\">2023-06-06<\/span><\/td>\n<\/tr>\n<tr>\n<td style=\"text-align: center;\"><span style=\"font-size: 12px;\">13.<\/span><\/td>\n<td><span style=\"font-size: 12px;\">\u00a0Baranie<\/span><\/td>\n<td style=\"text-align: center;\"><span style=\"font-size: 12px;\">754<\/span><\/td>\n<td style=\"text-align: center;\"><span style=\"font-size: 12px;\">2023-09-06<\/span><\/td>\n<\/tr>\n<tr>\n<td style=\"text-align: center;\"><span style=\"font-size: 12px;\">14.<\/span><\/td>\n<td><span style=\"font-size: 12px;\">\u00a0Pola\u0144ska<\/span><\/td>\n<td style=\"text-align: center;\"><span style=\"font-size: 12px;\">738<\/span><\/td>\n<td><\/td>\n<\/tr>\n<tr>\n<td style=\"text-align: center;\"><span style=\"font-size: 12px;\">15.<\/span><\/td>\n<td><span style=\"font-size: 12px;\">\u00a0Piotru\u015b<\/span><\/td>\n<td style=\"text-align: center;\"><span style=\"font-size: 12px;\">728<\/span><\/td>\n<td><\/td>\n<\/tr>\n<tr>\n<td style=\"text-align: center;\"><span style=\"font-size: 12px;\">16.<\/span><\/td>\n<td><span style=\"font-size: 12px;\">\u00a0Cergowa<\/span><\/td>\n<td style=\"text-align: center;\"><span style=\"font-size: 12px;\">716<\/span><\/td>\n<td><\/td>\n<\/tr>\n<tr>\n<td style=\"text-align: center;\"><span style=\"font-size: 12px;\">17.<\/span><\/td>\n<td><span style=\"font-size: 12px;\">\u00a0Wysokie<\/span><\/td>\n<td style=\"text-align: center;\"><span style=\"font-size: 12px;\">657<\/span><\/td>\n<td><\/td>\n<\/tr>\n<tr>\n<td style=\"text-align: center;\"><span style=\"font-size: 12px;\">18.<\/span><\/td>\n<td><span style=\"font-size: 12px;\">\u00a0\u0141ysa G\u00f3ra n\/K\u0105tami<\/span><\/td>\n<td style=\"text-align: center;\"><span style=\"font-size: 12px;\">641<\/span><\/td>\n<td><\/td>\n<\/tr>\n<\/tbody>\n<\/table>\n<p>&nbsp;<\/p>\n<p><span style=\"font-size: 16px;\"><a href=\"https:\/\/go.ianna.pl\/?p=386\"><strong>Wysowa &#8211; Zdr\u00f3j 2024<\/strong><\/a><\/span><\/p>\n<p><span style=\"font-size: 14px;\"><a href=\"https:\/\/photos.app.goo.gl\/DAsXhCMF48bhss1y9\" target=\"_blank\" rel=\"noopener\">2024_10_12<\/a>\u00a0 <strong>Kozie \u017bebro<\/strong> z Wysowej, <strong>Ostry Wierch, Lackowa<\/strong> z Ropek<\/span><\/p>\n<p style=\"text-align: justify;\"><span style=\"font-size: 14px;\"><strong>Kozie \u017bebro<\/strong>: rozgrzewka przed \u015bniadaniem, Szczyt na trasie GSB.\u00a0 \u00a0 <strong>Ostry Wierch i Lackowa<\/strong> &#8211; dwa najwy\u017csze szczyty BN w jeden dzie\u0144. Ale\u015b ty mi zaimponowa\u0142!<\/span><\/p>\n<p><img loading=\"lazy\" decoding=\"async\" class=\"alignleft\" src=\"https:\/\/lh3.googleusercontent.com\/pw\/AP1GczMyut_H7QPZLtaXS67LiLxcUcdyV36hCW0RZmZorMSnmeUmGC-aEqTo94pMRGTfwdp95DgYGamO4-FHZVFD1p0n_KtH_miu3zUxlGssUfhA_WM8Y1cWYFAdzJCB0R3yeYukzRIM4YBmm8sWpSb-m1Ul=w1000-h750-s-no-gm?authuser=1\" width=\"333\" height=\"250\" \/><\/p>\n<p><img loading=\"lazy\" decoding=\"async\" class=\" alignright\" src=\"https:\/\/lh3.googleusercontent.com\/pw\/AP1GczOZbiT5zw4UzsfxRlHVune6rwJbjNayo6NpEdbBzP6lyqtNcnJcKQgCeKI5S-AJg0e90fRU6DuGJC-scdlwd2NcSCY9qNw0FCu-HJ8cr2m2NcVba8GJQQM_gxsUO-s0yZPdA4kdgh-tzNHvQbUjlwis=w1000-h750-s-no-gm?authuser=1\" width=\"335\" height=\"251\" \/><\/p>\n<p>&nbsp;<\/p>\n<p>&nbsp;<\/p>\n<p>&nbsp;<\/p>\n<p>&nbsp;<\/p>\n<p>&nbsp;<\/p>\n<p>&nbsp;<\/p>\n<p>&nbsp;<\/p>\n<p><img loading=\"lazy\" decoding=\"async\" class=\"alignleft\" src=\"https:\/\/lh3.googleusercontent.com\/pw\/AP1GczN3TXaWbZfrwKU1FUAgPW8ehFpzGIv1rhU4F4wmrh8u9x-0GVUY4YR2xGmNPjhiCWk3qGNKD03_jsAnjFHRoL12aCo5TJDDCD7q0gUGHNZ2u6ckbYiomiba12hpCqPNZkjVDUV-QYAYNISru9f_CqeE=w1000-h756-s-no-gm?authuser=1\" width=\"331\" height=\"250\" \/><\/p>\n<p><img loading=\"lazy\" decoding=\"async\" class=\"alignright\" src=\"https:\/\/lh3.googleusercontent.com\/pw\/AP1GczM_XOr-lNtopgtEcUqI43KGTLSPVc99AyLoXCZzO4WkmSHpw38J6T4vzG-NWNJc9-Fzdz7GKof5ugoRi-4IOs_vo7AVL4r5gSOuPh-zhAI9M64ibpMZXYyZm12QRudY-rgMo6-dXgP0V6GGIuW0wCMn=w1000-h750-s-no-gm?authuser=1\" width=\"333\" height=\"250\" \/><\/p>\n<p>&nbsp;<\/p>\n<p>&nbsp;<\/p>\n<p>&nbsp;<\/p>\n<p>&nbsp;<\/p>\n<p>&nbsp;<\/p>\n<p>&nbsp;<\/p>\n<p>&nbsp;<\/p>\n<hr \/>\n<p style=\"text-align: justify;\"><span style=\"font-size: 14px;\">\u00a0 \u00a0 \u00a0 \u00a0<\/span><\/p>\n","protected":false},"excerpt":{"rendered":"<p>\u00a0 W\u00a0ramach w\u0142asnego projektu\u00a0Beskidy i Pieniny\u00a0 w 2023 przyszed\u0142 czas na eksploracj\u0119 tego rozleg\u0142ego pasma. W 10-t\u0105 rocznic\u0119 w\u0142\u00f3cz\u0119gi po G\u0142\u00f3wnym Szlaku Beskidzkim zew jaki\u015b od tych g\u00f3rek przyszed\u0142 i trwa. Tym razem formu\u0142\u0119 d\u0142ugodystansowej pieszej w\u0119dr\u00f3wki zmieni\u0142em na samochodow\u0105 by dotrze\u0107 do miejsc poznawczo istotnych &#8211; creme de la creme Beskidu Niskiego. Dla uroczych zak\u0105tk\u00f3w, ciekawych miejsc, zabytk\u00f3w, historii i &#8230; dobrej energii. Beskid [&hellip;]<\/p>\n","protected":false},"author":1,"featured_media":159,"comment_status":"closed","ping_status":"closed","sticky":false,"template":"","format":"standard","meta":{"footnotes":""},"categories":[17],"tags":[21,9],"class_list":["post-155","post","type-post","status-publish","format-standard","has-post-thumbnail","hentry","category-kar","tag-beskidypieniny","tag-bn"],"_links":{"self":[{"href":"https:\/\/go.ianna.pl\/index.php?rest_route=\/wp\/v2\/posts\/155","targetHints":{"allow":["GET"]}}],"collection":[{"href":"https:\/\/go.ianna.pl\/index.php?rest_route=\/wp\/v2\/posts"}],"about":[{"href":"https:\/\/go.ianna.pl\/index.php?rest_route=\/wp\/v2\/types\/post"}],"author":[{"embeddable":true,"href":"https:\/\/go.ianna.pl\/index.php?rest_route=\/wp\/v2\/users\/1"}],"replies":[{"embeddable":true,"href":"https:\/\/go.ianna.pl\/index.php?rest_route=%2Fwp%2Fv2%2Fcomments&post=155"}],"version-history":[{"count":56,"href":"https:\/\/go.ianna.pl\/index.php?rest_route=\/wp\/v2\/posts\/155\/revisions"}],"predecessor-version":[{"id":1950,"href":"https:\/\/go.ianna.pl\/index.php?rest_route=\/wp\/v2\/posts\/155\/revisions\/1950"}],"wp:featuredmedia":[{"embeddable":true,"href":"https:\/\/go.ianna.pl\/index.php?rest_route=\/wp\/v2\/media\/159"}],"wp:attachment":[{"href":"https:\/\/go.ianna.pl\/index.php?rest_route=%2Fwp%2Fv2%2Fmedia&parent=155"}],"wp:term":[{"taxonomy":"category","embeddable":true,"href":"https:\/\/go.ianna.pl\/index.php?rest_route=%2Fwp%2Fv2%2Fcategories&post=155"},{"taxonomy":"post_tag","embeddable":true,"href":"https:\/\/go.ianna.pl\/index.php?rest_route=%2Fwp%2Fv2%2Ftags&post=155"}],"curies":[{"name":"wp","href":"https:\/\/api.w.org\/{rel}","templated":true}]}}