{"id":1714,"date":"2025-06-19T13:03:39","date_gmt":"2025-06-19T13:03:39","guid":{"rendered":"https:\/\/go.ianna.pl\/?p=1714"},"modified":"2025-07-24T08:25:28","modified_gmt":"2025-07-24T08:25:28","slug":"bendoszka-wielka-praszywka-wielka","status":"publish","type":"post","link":"https:\/\/go.ianna.pl\/?p=1714","title":{"rendered":"Bendoszka Wielka, Praszywka Wielka"},"content":{"rendered":"<p><span style=\"font-size: 14px;\">Rycerki, Schr.Przegibek, <strong>Bendoszka Wielka<\/strong>, Praszywka Wielka, Przys\u0142op Pot\u00f3cki, Rycerki.\u00a0 Hike: 12km \/ +800m \/ 4h<a href=\"https:\/\/photos.app.goo.gl\/5ozwiRX5Nybc6LXd8\" target=\"_blank\" rel=\"noopener\"><img loading=\"lazy\" decoding=\"async\" class=\"wp-image-70 alignright\" src=\"http:\/\/go.ianna.pl\/wp-content\/uploads\/2024\/08\/foto.jpg\" alt=\"\" width=\"50\" height=\"37\" \/><\/a><\/span><\/p>\n<p><img loading=\"lazy\" decoding=\"async\" class=\"alignleft\" src=\"https:\/\/lh3.googleusercontent.com\/pw\/AP1GczPrL5kx9r-yh8WiTWii4-EdM6jOe4zxKFniJlOkx7yYS4Xypab6bQH-8epfQuSBHv7Wr-BRSAsygKUUrEPv2bcxG4Uqkvg365r9ClvT869-JdqOwHs1rDIPNs2saw_nQxgDQXGJDZkOSgoQUo7GSkKM=w675-h913-s-no-gm?authuser=0\" width=\"295\" height=\"399\" \/><img loading=\"lazy\" decoding=\"async\" class=\" alignright\" src=\"https:\/\/lh3.googleusercontent.com\/pw\/AP1GczP8qZwSNwIYnXCnUCZwkc7kTGoDVVgcRNHFpp1EuWWVcKXXVGZq7MsRyc6RJwQP-T9FNjR1cP1m8F08K7U2UegPPxAXuRDY80kHaFboHZOPJWiWoAKAKrkrunv5Mnt5klfGtKCaGxCUtooio6ALu-w1=w1024-h542-s-no-gm?authuser=0\" width=\"442\" height=\"234\" \/><\/p>\n<p><img loading=\"lazy\" decoding=\"async\" class=\"alignright\" src=\"https:\/\/lh3.googleusercontent.com\/pw\/AP1GczPDNjLv97SdBhEYktEBuaPX28jg-BQijcd36HW75nRzjGUI8eIY3uknk3wq_hB_yKwwv_B0lkxcA4flCNMXpGazwGC7RKX3mh7wNnVVzB25fM_esw9Xmcl1UdtFmFF6f_u5L42Nv7IKeQIiEm_Wkmtn=w1024-h768-s-no-gm?authuser=0\" width=\"440\" height=\"330\" \/><\/p>\n<p>&nbsp;<\/p>\n<p>&nbsp;<\/p>\n<p>&nbsp;<\/p>\n<p>&nbsp;<\/p>\n<p>&nbsp;<\/p>\n<p>&nbsp;<\/p>\n<p>&nbsp;<\/p>\n<p>&nbsp;<\/p>\n<p>&nbsp;<\/p>\n<p>&nbsp;<\/p>\n<p>&nbsp;<\/p>\n<p><span style=\"font-size: 14px;\">Bendoszka Wielka<\/span><\/p>\n<p style=\"text-align: right;\"><span style=\"font-size: 14px;\">Baza Namiotowa\u00a0<\/span><\/p>\n<p style=\"text-align: right;\"><span style=\"font-size: 14px;\">Przys\u0142op Pot\u00f3cki<\/span><\/p>\n<p>&nbsp;<\/p>\n<p><span style=\"font-size: 14px;\">Praszywka Wielka<\/span><\/p>\n<p><img loading=\"lazy\" decoding=\"async\" class=\"alignnone size-medium\" src=\"https:\/\/lh3.googleusercontent.com\/pw\/AP1GczOcNbsQD3-CGqYzXiRknZJySObZaf69v90e0vRYgCjBBJVshVtgda5BhDOA2B6DZR8maEsWE1DCGqcedRJKf12UCZRzo81LrJfEhAmrdMsl0Qj3__FOXSWQV1IfNLrC3YsIBGbcIRmbEoMlyhnOXyJT=w1024-h768-s-no-gm?authuser=0\" width=\"1024\" height=\"768\" \/><\/p>\n<p style=\"text-align: justify;\"><span style=\"font-size: 14px;\"><em>za wiki:<\/em>\u00a0 \u00a0 \u00a0Praszywka Wielka (1043 m)<sup id=\"cite_ref-comp_2-0\" class=\"reference\"><\/sup> \u2013 szczyt Beskidu \u017bywiecko-Kisuckiego (<em>pb: a zatem nazwa si\u0119 przebija!<\/em>). Znajduje si\u0119 w w grani bocznej grzbietu Wielkiej Raczy. Biegnie od Przegibka, Bendoszk\u0119 Wielk\u0105, Przys\u0142op Pot\u00f3cki i Praszywk\u0119 Wielk\u0105. Nazwa szczytu jest pochodzenia wo\u0142oskiego i odnosi si\u0119 rumu\u0144skiego s\u0142owa <i>pr\u00e2\u015fit<\/i>\u00a0=\u00a0<i>ora\u0107<\/i>. P\u0142aski grzbiet Praszywki by\u0142 zatem kiedy\u015b orany. Co zdaj\u0105 si\u0119 potwierdza\u0107 liczne kopce kamieni polnych i\u00a0du\u017ca podszczytowa polana.\u00a0<\/span><\/p>\n<p><img loading=\"lazy\" decoding=\"async\" class=\"alignnone \" src=\"https:\/\/lh3.googleusercontent.com\/pw\/AP1GczPveGJxflOfzCi5jlT2HVNZH8fGg2ietF99dkg0in8_vaIejSV9Gyq0VRL_2xS1nHqR72Ots2IT3LQZbjxVYdcDudYUuAjqOWdGHias4S3mz4ZEykrbTDMt1pC-vNh8GSugSNCdz7E5F5_wm4S-R1C1=w685-h913-s-no-gm?authuser=0\" width=\"347\" height=\"463\" \/><img loading=\"lazy\" decoding=\"async\" class=\"alignnone \" src=\"https:\/\/lh3.googleusercontent.com\/pw\/AP1GczOEYtkPpM0MULkIUimypK1CnHQqaDaHWnB-dYrlNAC6UZPRiXhrs4yvV-555PXFSBPy9PSWo1l2BiMn4mdk4w5LYF0t58uTigG2rxs-RbCUlfLP9jhoVUd2lxSntaMFCQPsC2KYr_NBh2JMtOrAKUYY=w811-h913-s-no-gm?authuser=0\" width=\"408\" height=\"460\" \/><\/p>\n<hr \/>\n<p><span style=\"font-size: 14px;\"><a href=\"https:\/\/goo.gl\/photos\/YynmRFzN4yxppmV39\" target=\"_blank\" rel=\"noopener\">2015_11_08_Wielka Racza, Bendoszka Wielka<\/a><\/span><\/p>\n<p><a href=\"https:\/\/goo.gl\/photos\/NACRpfsFUuyYU33CA\" target=\"_blank\" rel=\"noopener\"><span style=\"font-size: 14px;\">2014_02_23_Rycerzowa<\/span><\/a><\/p>\n<p>&nbsp;<\/p>\n","protected":false},"excerpt":{"rendered":"<p>Rycerki, Schr.Przegibek, Bendoszka Wielka, Praszywka Wielka, Przys\u0142op Pot\u00f3cki, Rycerki.\u00a0 Hike: 12km \/ +800m \/ 4h &nbsp; &nbsp; &nbsp; &nbsp; &nbsp; &nbsp; &nbsp; &nbsp; &nbsp; &nbsp; &nbsp; Bendoszka Wielka Baza Namiotowa\u00a0 Przys\u0142op Pot\u00f3cki &nbsp; Praszywka Wielka za wiki:\u00a0 \u00a0 \u00a0Praszywka Wielka (1043 m) \u2013 szczyt Beskidu \u017bywiecko-Kisuckiego (pb: a zatem nazwa si\u0119 przebija!). Znajduje si\u0119 w w grani bocznej grzbietu Wielkiej Raczy. Biegnie od Przegibka, Bendoszk\u0119 [&hellip;]<\/p>\n","protected":false},"author":1,"featured_media":68,"comment_status":"closed","ping_status":"closed","sticky":false,"template":"","format":"standard","meta":{"footnotes":""},"categories":[17],"tags":[14],"class_list":["post-1714","post","type-post","status-publish","format-standard","has-post-thumbnail","hentry","category-kar","tag-bz"],"_links":{"self":[{"href":"https:\/\/go.ianna.pl\/index.php?rest_route=\/wp\/v2\/posts\/1714","targetHints":{"allow":["GET"]}}],"collection":[{"href":"https:\/\/go.ianna.pl\/index.php?rest_route=\/wp\/v2\/posts"}],"about":[{"href":"https:\/\/go.ianna.pl\/index.php?rest_route=\/wp\/v2\/types\/post"}],"author":[{"embeddable":true,"href":"https:\/\/go.ianna.pl\/index.php?rest_route=\/wp\/v2\/users\/1"}],"replies":[{"embeddable":true,"href":"https:\/\/go.ianna.pl\/index.php?rest_route=%2Fwp%2Fv2%2Fcomments&post=1714"}],"version-history":[{"count":14,"href":"https:\/\/go.ianna.pl\/index.php?rest_route=\/wp\/v2\/posts\/1714\/revisions"}],"predecessor-version":[{"id":1918,"href":"https:\/\/go.ianna.pl\/index.php?rest_route=\/wp\/v2\/posts\/1714\/revisions\/1918"}],"wp:featuredmedia":[{"embeddable":true,"href":"https:\/\/go.ianna.pl\/index.php?rest_route=\/wp\/v2\/media\/68"}],"wp:attachment":[{"href":"https:\/\/go.ianna.pl\/index.php?rest_route=%2Fwp%2Fv2%2Fmedia&parent=1714"}],"wp:term":[{"taxonomy":"category","embeddable":true,"href":"https:\/\/go.ianna.pl\/index.php?rest_route=%2Fwp%2Fv2%2Fcategories&post=1714"},{"taxonomy":"post_tag","embeddable":true,"href":"https:\/\/go.ianna.pl\/index.php?rest_route=%2Fwp%2Fv2%2Ftags&post=1714"}],"curies":[{"name":"wp","href":"https:\/\/api.w.org\/{rel}","templated":true}]}}