{"id":1814,"date":"2024-12-01T22:07:54","date_gmt":"2024-12-01T22:07:54","guid":{"rendered":"https:\/\/go.ianna.pl\/?p=1814"},"modified":"2025-07-02T17:36:21","modified_gmt":"2025-07-02T17:36:21","slug":"jalowiec","status":"publish","type":"post","link":"https:\/\/go.ianna.pl\/?p=1814","title":{"rendered":"Ja\u0142owiec"},"content":{"rendered":"<p><span style=\"font-size: 14px;\">Stryszawa Matusy, Kol\u0119d\u00f3wka, Ja\u0142owiec, Chatka Adamy, Matusy. Hike: 14km \/ +700m \/ 5h\u00a0<\/span><\/p>\n<p><span style=\"font-size: 14px;\">I mamy zim\u0119 w g\u00f3rach! Zupe\u0142nie inne w\u0119drowanie!<\/span><\/p>\n<p><img loading=\"lazy\" decoding=\"async\" class=\"alignnone size-medium\" src=\"https:\/\/lh3.googleusercontent.com\/pw\/AP1GczMVHHR3CIbHeKPfRFgvKvyz-RXYtThDejEWRE0exXZ1A6jHg0jTgmV9gjR3bgtBcmVfyZUOflWAe0hdoP_zlQjugDNk6-jOOHZ4JGYWwHWAGC4UeRUKASis7dpBf3s3hTatxkErToJqM_GFBeffJ24f=w1000-h750-s-no-gm?authuser=1\" width=\"1000\" height=\"750\" \/><\/p>\n<p><img loading=\"lazy\" decoding=\"async\" class=\"alignnone size-medium\" src=\"https:\/\/lh3.googleusercontent.com\/pw\/AP1GczPA2IhbuNHjB7oT8ksRRaFRJQVHDOcfHjWjnxhK3Jh92L0PZo0itHtdIXGPwT5IopN7YRgr_wRMRYEa5msrAnlL33STYxaSFJm6-ydz1uxLxdVfeWu0Bx2bnICAnTjv1YRaLDtmeOs-P29s3yhdmp6Q=w1000-h773-s-no-gm?authuser=1\" width=\"1000\" height=\"773\" \/><\/p>\n<p><img loading=\"lazy\" decoding=\"async\" class=\"alignnone \" src=\"https:\/\/lh3.googleusercontent.com\/pw\/AP1GczNQZkTC9WwecWiOTGbNNDbBRNmVrtAk5-B_XzlEyJoT09D53KBT4f21B3VFM8bzcAoB_Jju8gdexS6tb3--2WvSvBHalLlsAYZjVuEfImAlG9Vl7ZDxHz3M170zr8pu3vBN6Iuquzg4wxJUUxWcb9a3=w659-h878-s-no-gm?authuser=1\" width=\"375\" height=\"500\" \/><img loading=\"lazy\" decoding=\"async\" class=\"alignnone \" src=\"https:\/\/lh3.googleusercontent.com\/pw\/AP1GczOvUeCyOPFyvwLb3mEGNuFt7MTfZFh5bvsYFdx9VKSuPiHLUbJxXnB5D24hsVM2mPrNdgqjfo26MrT4rUvtA4cYhW_mpyUdYwrlKyHYweeE1XWAC-tsgvJN6jVCPov-IN9S9xcslBh7UmE7AuFB9NhR=w659-h878-s-no-gm?authuser=1\" width=\"375\" height=\"500\" \/><\/p>\n<p><img loading=\"lazy\" decoding=\"async\" class=\"alignnone size-medium\" src=\"https:\/\/lh3.googleusercontent.com\/pw\/AP1GczM1htgPgOg6Uq76xnRjm4jtWRtrfhEluGvwhdIOPI6LzCvVV3h1vxSNJ2uKyMz0lt3DjEQhFk5IEHZfXc9NO9qijfjdJK0u63mVReBYE21pjUDz03_I7_G5KnfIoyp48tfCfc5PjL6PEAsiT_e8M1k3=w1000-h684-s-no-gm?authuser=1\" width=\"1000\" height=\"684\" \/><\/p>\n<p><img loading=\"lazy\" decoding=\"async\" class=\"alignnone size-medium\" src=\"https:\/\/lh3.googleusercontent.com\/pw\/AP1GczNA-KbmyyjYASGv-KnAAjjFHqd98oFxXBLTWKHqDV0iqStUJuvZtVnCB2TCnoZfhMia-q1oy9PKqWXsqLRXw6Z4vJhQtxBU_-iyjzd1NI-IAgeqZIWrojXXlzpkAkkO83F5dO9ga9DhUU5wd5CDxy2e=w1000-h668-s-no-gm?authuser=1\" width=\"1000\" height=\"668\" \/><\/p>\n<p><img loading=\"lazy\" decoding=\"async\" class=\"alignnone \" src=\"https:\/\/lh3.googleusercontent.com\/pw\/AP1GczMAb9XDbVz3qdttc4q91jIi6L7MWXZ-7KbjVG2M40FU0ys_WkQDuzqwPI5exPvuok3yx_mlJhUwwzgfoTSS7TYNr8bFRCfdDTp6ukd_qirqLdxCVar0c650FyJnCAhF11UNGVWgoq90NXEeEWGGmWOO=w1000-h679-s-no-gm?authuser=1\" width=\"368\" height=\"250\" \/><img loading=\"lazy\" decoding=\"async\" class=\"alignnone \" src=\"https:\/\/lh3.googleusercontent.com\/pw\/AP1GczOcpCkuLbT2nMkWR41paDeJvUCtvScOY53Ntg2rEHH_KwBlAwcLA1LSHBWGZ87u12Wi5p5qrUabXPcyjLPlUDqLgAod95DDmGSjovpmZ_SYTUsYrfriRHrRwcyPYKM4u8gyvS-zdsrVDOCHEZo7M8_5=w1000-h644-s-no-gm?authuser=1\" width=\"385\" height=\"248\" \/><\/p>\n<p><span style=\"font-size: 14px;\">Za tydzie\u0144 trek Adwentowe Beskidy !<\/span><\/p>\n<p>&nbsp;<\/p>\n<p><img loading=\"lazy\" decoding=\"async\" class=\"aligncenter\" src=\"https:\/\/lh3.googleusercontent.com\/pw\/AP1GczP8O3xLQcqVrUxC_ienlSM6-4NrXg8Yg_MmruEImG7YiFKckVidSDXNo86drrpz_4a0OVQ5B9fnASSrhWR0SuI47BRLhpMRuX1tTuClAliaZkxwAaBKuMzMqxOkDbC4KVRI68iAtFMIE1ITHtFH2Du5hg=w811-h681-s-no-gm?authuser=0\" width=\"600\" height=\"504\" \/><\/p>\n<p>&nbsp;<\/p>\n<p>&nbsp;<\/p>\n<p>&nbsp;<\/p>\n<p>&nbsp;<\/p>\n","protected":false},"excerpt":{"rendered":"<p>Stryszawa Matusy, Kol\u0119d\u00f3wka, Ja\u0142owiec, Chatka Adamy, Matusy. Hike: 14km \/ +700m \/ 5h\u00a0 I mamy zim\u0119 w g\u00f3rach! Zupe\u0142nie inne w\u0119drowanie! Za tydzie\u0144 trek Adwentowe Beskidy ! &nbsp; &nbsp; &nbsp; &nbsp; &nbsp;<\/p>\n","protected":false},"author":1,"featured_media":68,"comment_status":"closed","ping_status":"closed","sticky":false,"template":"","format":"standard","meta":{"footnotes":""},"categories":[17],"tags":[14],"class_list":["post-1814","post","type-post","status-publish","format-standard","has-post-thumbnail","hentry","category-kar","tag-bz"],"_links":{"self":[{"href":"https:\/\/go.ianna.pl\/index.php?rest_route=\/wp\/v2\/posts\/1814","targetHints":{"allow":["GET"]}}],"collection":[{"href":"https:\/\/go.ianna.pl\/index.php?rest_route=\/wp\/v2\/posts"}],"about":[{"href":"https:\/\/go.ianna.pl\/index.php?rest_route=\/wp\/v2\/types\/post"}],"author":[{"embeddable":true,"href":"https:\/\/go.ianna.pl\/index.php?rest_route=\/wp\/v2\/users\/1"}],"replies":[{"embeddable":true,"href":"https:\/\/go.ianna.pl\/index.php?rest_route=%2Fwp%2Fv2%2Fcomments&post=1814"}],"version-history":[{"count":6,"href":"https:\/\/go.ianna.pl\/index.php?rest_route=\/wp\/v2\/posts\/1814\/revisions"}],"predecessor-version":[{"id":1829,"href":"https:\/\/go.ianna.pl\/index.php?rest_route=\/wp\/v2\/posts\/1814\/revisions\/1829"}],"wp:featuredmedia":[{"embeddable":true,"href":"https:\/\/go.ianna.pl\/index.php?rest_route=\/wp\/v2\/media\/68"}],"wp:attachment":[{"href":"https:\/\/go.ianna.pl\/index.php?rest_route=%2Fwp%2Fv2%2Fmedia&parent=1814"}],"wp:term":[{"taxonomy":"category","embeddable":true,"href":"https:\/\/go.ianna.pl\/index.php?rest_route=%2Fwp%2Fv2%2Fcategories&post=1814"},{"taxonomy":"post_tag","embeddable":true,"href":"https:\/\/go.ianna.pl\/index.php?rest_route=%2Fwp%2Fv2%2Ftags&post=1814"}],"curies":[{"name":"wp","href":"https:\/\/api.w.org\/{rel}","templated":true}]}}