{"id":2042,"date":"2025-08-26T05:28:36","date_gmt":"2025-08-26T05:28:36","guid":{"rendered":"https:\/\/go.ianna.pl\/?p=2042"},"modified":"2026-02-07T19:00:25","modified_gmt":"2026-02-07T19:00:25","slug":"podgorze-update-25","status":"publish","type":"post","link":"https:\/\/go.ianna.pl\/?p=2042","title":{"rendered":"Podg\u00f3rze 2025 &#8211; update"},"content":{"rendered":"<p><a style=\"font-size: 14px;\" href=\"https:\/\/photos.app.goo.gl\/RJtCWUJGJwVtGmaC6\" target=\"_blank\" rel=\"noopener\"><img loading=\"lazy\" decoding=\"async\" class=\"wp-image-70 alignright\" src=\"http:\/\/go.ianna.pl\/wp-content\/uploads\/2024\/08\/foto.jpg\" alt=\"\" width=\"50\" height=\"37\" \/><\/a><\/p>\n<p><span style=\"font-size: 16px;\"><em>Podg\u00f3rskie spacery w 110 rocznic\u0119 przy\u0142\u0105czenia dzielnicy do Krakowa.<\/em><\/span><\/p>\n<p>&nbsp;<\/p>\n<p style=\"text-align: justify;\"><span style=\"font-size: 14px;\"><strong>Smok Romantyk<\/strong> przy k\u0142adce o. Bernatka. Sk\u0105din\u0105d sympatyczna figurka pojawi\u0142a si\u0119 chyba ko\u0144cem 2024. I stanowi\u0142aby mi\u0142y dla oka akcent tego fragmentu Podg\u00f3rza gdyby nie idiotyczny zwyczaj wieszania love-k\u0142\u00f3dek na barierkach k\u0142adki. Zacz\u0119to przyozdabia\u0107 nawet smoka.\u00a0 Po p\u00f3\u0142 roku wi\u0119cej k\u0142\u00f3dek ni\u017c Romantyka!<\/span><\/p>\n<p><img loading=\"lazy\" decoding=\"async\" class=\"alignleft\" src=\"https:\/\/lh3.googleusercontent.com\/pw\/AP1GczOBilB-hF5TzqrtrOEZ47RrrkGAxlDj0NeRvemloiROeUnm1ZQsgdrNW1b8iKE_gGjQucfzNHxkV1g2ztkCQrjNCXlYzHLmBR4UF4vBFF1v4DuJWgXXRhkvyrvXjrVYXcLJzS1t2TEaIGiKPzYtmHhcqg=w726-h923-s-no-gm?authuser=0\" width=\"370\" height=\"471\" \/><\/p>\n<p><img loading=\"lazy\" decoding=\"async\" class=\" alignright\" style=\"text-align: justify;\" src=\"https:\/\/lh3.googleusercontent.com\/pw\/AP1GczN3DQcqx2MxUkEY4_YR2dahXxtTgw5w4_iFWRRxWx2OyItcYA5pN1kPkm3RhMpVDkp7JtTzP5hhWvjfZzyWbIenxhrNgnJCy93n_AF5Oh4ow4c9zhIgpGBw7eaysm17r4unLf25Lm-87cBnMQ1e_DWP=w685-h913-s-no-gm?authuser=1\" width=\"353\" height=\"471\" \/><\/p>\n<p>&nbsp;<\/p>\n<p>&nbsp;<\/p>\n<p>&nbsp;<\/p>\n<p>&nbsp;<\/p>\n<p>&nbsp;<\/p>\n<p>&nbsp;<\/p>\n<p>&nbsp;<\/p>\n<p>&nbsp;<\/p>\n<p>&nbsp;<\/p>\n<p>&nbsp;<\/p>\n<p>&nbsp;<\/p>\n<p>&nbsp;<\/p>\n<p>&nbsp;<\/p>\n<p><span style=\"font-size: 14px;\"><strong>Mocak<\/strong> &#8211; odwiedzony dla kolekcji Starmach\u00f3w przekazanej na rzecz Krakowa. Ponad 60 prac czo\u0142owych wsp\u00f3\u0142czesnych tw\u00f3rc\u00f3w polskich. Pi\u0119kny gest, ciekawa wystawa &#8211; jest Hasior, Nowosielski, Abakanowicz.<\/span><\/p>\n<p><img loading=\"lazy\" decoding=\"async\" class=\"alignnone size-medium\" src=\"https:\/\/lh3.googleusercontent.com\/pw\/AP1GczMU6Oox4qiRlOe8WEA8UVxfpfGJIPUr1EVzS9MHPq7YAUShqIRwCDnaJYydtxzjeiJsw5DcxYEfny8oIDZ1YCyEuAJOu2QHHZVEDvmJbwsJCRPPnKnsC9ykL5n9Ej2mGkPvvyLwrROZ5a2AeIqh0Mjw=w1024-h421-s-no-gm?authuser=1\" width=\"1024\" height=\"421\" \/><\/p>\n<p><img loading=\"lazy\" decoding=\"async\" class=\"alignleft\" src=\"https:\/\/lh3.googleusercontent.com\/pw\/AP1GczNB4LE-NsHKrA6qIdCT28cOv4i8Uq-wzP2sHavRs1sVdNr9JW5JXS6AYK8ToqhsI2Axy5e9vF_-WKNKPy_TkPfxyzUDdysjqrKnSKnF21U9DdRKg8EJVPHQ_szD_uLiEGQVSKbwj_0aMtt7_PLtFWtj=w659-h878-s-no-gm?authuser=1\" width=\"370\" height=\"493\" \/><\/p>\n<p><img loading=\"lazy\" decoding=\"async\" class=\" alignright\" src=\"https:\/\/lh3.googleusercontent.com\/pw\/AP1GczP8hFAZBv9_NHyxOcXQ5-D00jH05G6LrAwrmlj1KqQhhJSQqlqWlTJzixNo_ed3IPJS3nrm5rifXW_tRBP0n1C58vSxti_Q1IZzrQP1R6lJDpTZiy43ATc9zncbEjitcrrAwJBitVMbmmI_BdoDZV0X=w659-h878-s-no-gm?authuser=1\" width=\"370\" height=\"493\" \/><\/p>\n<p>&nbsp;<\/p>\n<p>&nbsp;<\/p>\n<p>&nbsp;<\/p>\n<p>&nbsp;<\/p>\n<p>&nbsp;<\/p>\n<p>&nbsp;<\/p>\n<p>&nbsp;<\/p>\n<p>&nbsp;<\/p>\n<p>&nbsp;<\/p>\n<p>&nbsp;<\/p>\n<p>&nbsp;<\/p>\n<p>&nbsp;<\/p>\n<p>&nbsp;<\/p>\n<p><img loading=\"lazy\" decoding=\"async\" class=\"alignnone \" src=\"https:\/\/lh3.googleusercontent.com\/pw\/AP1GczOJVDJNuHIPWFCo285GWaWR0jIgnMistr96NnC4A5ohHuUmLY89WHgxMYxyyY9auCC50m9WUqpnWTRKZsih7GGonLQ-jjHcBBUmZoEeGx9qHM2eqpvohs8YzY2KDQ_hlcgX3Dm4WMV4r1PKhuEqMiym=w1024-h768-s-no-gm?authuser=1\" width=\"636\" height=\"477\" \/><\/p>\n<p><img loading=\"lazy\" decoding=\"async\" class=\" alignright\" src=\"https:\/\/lh3.googleusercontent.com\/pw\/AP1GczPelVSF2-TM286XIkP7NXNs3X4UjQVTyrPEQrpK5TLBoiVZOEQ64RdgE8cQnRDwxG1YnVb3iEpo9mvfaBdxAbmbwKZVn1pSwJFrJZdtBvlFBdBaD7WWhZdLkf9jpe_GNqJhSGlRKq0HH7kqchv7zvT-=w1024-h768-s-no-gm?authuser=1\" width=\"455\" height=\"341\" \/><\/p>\n<p>&nbsp;<\/p>\n<p>&nbsp;<\/p>\n<p style=\"text-align: justify;\"><span style=\"font-size: 14px;\"><strong>Knajpki<\/strong> &#8211; pojawi\u0142y si\u0119 czerwone tabliczki Michelin na Mazi (nawet dwie), Vamos! i Euskadi.\u00a0 Vamos! to odkrycie tego lata, znakomita kuchnia i tylko tak trzyma\u0107!<\/span><\/p>\n<p>&nbsp;<\/p>\n<p>&nbsp;<\/p>\n<p>&nbsp;<\/p>\n<p>&nbsp;<\/p>\n<p>&nbsp;<\/p>\n<p><img loading=\"lazy\" decoding=\"async\" class=\"alignleft\" src=\"https:\/\/lh3.googleusercontent.com\/pw\/AP1GczNuW4Q3e6BuG6rMSFXXQyL6CQjpfFlp02Z36LLpYMF7W_FL3P_8zsnp08FkqVe7KTUIaA_0huYDpD1R889u_p18nhK8ZusK2RrGfc9dNTjJGz_Efn9nQ2bM554XyiWwyoXaUJUEeG4XXDouMGiK4W3z=w1024-h768-s-no-gm?authuser=1\" width=\"596\" height=\"447\" \/><\/p>\n<p>&nbsp;<\/p>\n<p>&nbsp;<\/p>\n<p>&nbsp;<\/p>\n<p style=\"text-align: justify;\"><span style=\"font-size: 14px;\"><strong>Fort Benedykt<\/strong> &#8211; zako\u0144czy\u0142 si\u0119 pierwszy etap rewitalizacji. Wida\u0107 zmian\u0119! Nast\u0119pny\u00a0 etap to wn\u0119trza i za 2-3 lata mo\u017ce wprowadza\u0107 si\u0119 Muzeum Techniki.\u00a0<\/span><\/p>\n<p>&nbsp;<\/p>\n<p>&nbsp;<\/p>\n<p>&nbsp;<\/p>\n<p>&nbsp;<\/p>\n<p><img loading=\"lazy\" decoding=\"async\" class=\"alignnone size-medium\" src=\"https:\/\/lh3.googleusercontent.com\/pw\/AP1GczPeEHSvPtT9mMkFcIzwAe1L8tRVb3fMbHzvzEXT1D2_GOdMrJRrXuZvKUabBpw8a6zU-RlagdROwARsbNNurliM4OqLr6hS3B1P1P3IsUFGVwR7MK3HO10LEoY4BOpEWIqxGqQTyz3u8uGLFvy57FXsfg=w1024-h499-s-no-gm?authuser=1\" width=\"1024\" height=\"499\" \/><\/p>\n<p><img loading=\"lazy\" decoding=\"async\" class=\" alignright\" src=\"https:\/\/lh3.googleusercontent.com\/pw\/AP1GczMGA6nw6UeemWJzafgpdhypefIhc52gBwQz5diB28-FnT21S8TvEfYMCXWHHypL_sbAN7Z-yP4nKvgqeI6Hgd9v2vXrOwoUwj323PoDS5Ta-FKcu6GiT91o2UXoRWAifbQ8gH025vLV63Zw3ywJm8EGLw=w1024-h575-s-no-gm?authuser=1\" width=\"556\" height=\"312\" \/><\/p>\n<p>&nbsp;<\/p>\n<p style=\"text-align: justify;\"><span style=\"font-size: 14px;\">K\u0142adka pieszo-rowerowa Kazimierz\u2013Ludwin\u00f3w. Planowane oddanie w po\u0142owie 2026. Mo\u017ce b\u0119dzie impulsem do rewitalizacji obszaru dawnego hotelu Forum. Na razie pomys\u0142\u00f3w brak i przestrze\u0144 tonie w prowizorycznej bylejako\u015bci.<\/span><\/p>\n<p>&nbsp;<\/p>\n<p style=\"text-align: justify;\"><span style=\"font-size: 14px;\">Ulubiony zau\u0142ek Podg\u00f3rza w listopadzie.<\/span><\/p>\n<p><img loading=\"lazy\" decoding=\"async\" class=\"alignnone \" src=\"https:\/\/lh3.googleusercontent.com\/pw\/AP1GczPRAz8HuxDYKzV39mpZzW-XJBxz1-ZkAv1A1FcVFzYMUGTsZG_GtMwOUEf008Ar9eBA5And3zgapibFEoLPBMLpLZVSNaFByGxRtNGr_0dNW-aUSu0ZDeOkrSAvaZqnAnrgcAOl7nDZka6skJxaxDzSow=w1024-h639-s-no-gm?authuser=1\" width=\"649\" height=\"405\" \/><\/p>\n<p><img loading=\"lazy\" decoding=\"async\" class=\"alignright\" src=\"https:\/\/lh3.googleusercontent.com\/pw\/AP1GczM5whbg-2dPxuj8ev41kgE1k17oGgOdPhc1_nae4llDaOByJOTz8SEkO98vx5lWCpgxSfVPBjSgCK9-fBza16KlAsBZE520Ytr4Y3XWjri2yl0RMWao9DWjfnBwrpf_kanW8Uxpf1gJQIDdajCxhJt63w=w1024-h647-s-no-gm?authuser=0\" width=\"653\" height=\"412\" \/><\/p>\n<p>&nbsp;<\/p>\n<p>&nbsp;<\/p>\n<p>&nbsp;<\/p>\n<p>&nbsp;<\/p>\n<p>&nbsp;<\/p>\n<p style=\"text-align: left;\"><span style=\"font-size: 14px;\">Zab\u0142ocie w rozkwicie<\/span><\/p>\n<p>&nbsp;<\/p>\n<p>&nbsp;<\/p>\n<p>&nbsp;<\/p>\n<p>&nbsp;<\/p>\n<p>&nbsp;<\/p>\n<p><span style=\"font-size: 14px;\">Kopiec Kraka<\/span><\/p>\n<p><img loading=\"lazy\" decoding=\"async\" class=\"alignnone \" src=\"https:\/\/lh3.googleusercontent.com\/pw\/AP1GczNPRd6-nuGLtU1PalooE35LHmPhN-Qpp7wHnMfKq7zV8AeU-dkvZri61WLJrjp-4JajXzstUhCULffD-hUnwNGBikUpReoCfkQEupm0UPBvrQqeTmlN-kDvWZExqcUeXzOxKimWrghJJ1OVgI9Dv6rOKg=w685-h913-s-no-gm?authuser=0\" width=\"277\" height=\"370\" \/><img loading=\"lazy\" decoding=\"async\" class=\"alignright\" src=\"https:\/\/lh3.googleusercontent.com\/pw\/AP1GczOfNiGPB4Oycyf-1lZBcOV1J878e8h_J4Tb7XfbjaTuK3TfmM_i_L7-iA6bDSOHZ4ke8A-gFvVPNzU8kbUE7RHPqTRxxTPVD6xI9GSHER1ELn_L_JDAZeo3_dRqDFwar2Y0ulRPT3QB4GVttp9iw8xnvg=w1024-h768-s-no-gm?authuser=0\" width=\"493\" height=\"370\" \/><\/p>\n<p><img loading=\"lazy\" decoding=\"async\" class=\"alignnone \" src=\"https:\/\/lh3.googleusercontent.com\/pw\/AP1GczPMOSqXbnG93bKQEtDq7XXSbPbtBvttq3Aho_RV-8Xsyk_R1zZyFOO8Elw7xMxCMeiZ0tm0vklonSNHuuuYl6I0hq3yw51UWrYYG9gKMFz64EWiseSrPPlTFpGRgnt94MwgZM6tE55qpq_xc1cxPb2kUw=w1024-h768-s-no-gm?authuser=0\" width=\"702\" height=\"526\" \/><\/p>\n<p style=\"text-align: justify;\"><span style=\"font-size: 14px;\">Muzeum Podg\u00f3rza (oddzia\u0142 Muzeum Krakowa) dzia\u0142a od\u00a0 kwietnia 2018 roku. Mie\u015bci si\u0119 w zrewitalizowanym budynku dawnego Zajazdu pod \u015bw. Benedyktem. Powstanie muzeum to efekt niemal zabieg\u00f3w entuzjast\u00f3w Wolnego Kr\u00f3lewskiego Miasta Podg\u00f3rza. Ostatnio by\u0142em bodaj w 2019. Ciekawa ekspozycja zwi\u0105zku rodziny Jerzego Stuhra z Podg\u00f3rzem.<\/span><\/p>\n<p><img loading=\"lazy\" decoding=\"async\" class=\"alignleft\" src=\"https:\/\/lh3.googleusercontent.com\/pw\/AP1GczMVdWyyiagEkrFCsfUlaKRyFZPqpTbS2E5i9IfTD051xKrRKsNKPwlUyR3R3NbVpu3FHDhnPubwEUoeXVbPZ2luPOotFo-dhGqmlkFe6Ytncb2diiNl97YHnngQz8bIv_K_N99Ms_sZTDRTWo4CS1oMyw=w1024-h768-s-no-gm?authuser=1\" width=\"400\" height=\"300\" \/><\/p>\n<p><img loading=\"lazy\" decoding=\"async\" class=\"alignright\" src=\"https:\/\/lh3.googleusercontent.com\/pw\/AP1GczN6G0qLuKf5QA_m9M8BZmbDmmrdLK40PxBSrSjCjtXxz63MHR_j3qMamMqW_6UUAMJ4xB0yYTxIPSHXlKG_I4NEZuu7w3pWIJUHcYu3tI_wI5SRFoNhT96As9QWMWscf-0xYSjnQjFge2yGcTTMNgKnFg=w659-h878-s-no-gm?authuser=1\" width=\"350\" height=\"467\" \/><\/p>\n<p>&nbsp;<\/p>\n<p>&nbsp;<\/p>\n<p>&nbsp;<\/p>\n<p>&nbsp;<\/p>\n<p>&nbsp;<\/p>\n<p>&nbsp;<\/p>\n<p>&nbsp;<\/p>\n<p>&nbsp;<\/p>\n<p>&nbsp;<\/p>\n<p style=\"text-align: right;\"><span style=\"font-size: 14px;\">Kostium do przedstawienia\u00a0 &#8222;Kontrabasista&#8221;<\/span><\/p>\n<p>&nbsp;<\/p>\n<p>&nbsp;<\/p>\n<p><span style=\"font-size: 14px;\">Murale<\/span><\/p>\n<p><img loading=\"lazy\" decoding=\"async\" class=\"alignnone \" src=\"https:\/\/lh3.googleusercontent.com\/pw\/AP1GczPtbIHwopxvUXGb5cN1H1Mqjt31J7B9AE4CF3kU03ijwlHzSQslixigLHckPlkWKFnGTA4V08dgGAWc0PVxuxV3IRLa63EAPjJVCIdSSOQpGshYN6ik-Ni0CcGiKDiYaM8gXt5q_pPM6YRox54u1xGcnw=w1024-h693-s-no-gm?authuser=1\" width=\"443\" height=\"300\" \/><img loading=\"lazy\" decoding=\"async\" class=\"alignnone \" src=\"https:\/\/lh3.googleusercontent.com\/pw\/AP1GczMAGpnswMlhq32pYWmyRsZyBEzWbMbGX3RePL-w6GUsX-7SkSM0gLVmjPrxD40N9lND1EQXJ9Lu71g2CHJZ2agP7UqldZsvfAp1qMEv1jnB-iBlAw0oiOqFxcRrIneQYY8m56vy8PKonkVgcBM_CQPaJw=w626-h913-s-no-gm?authuser=1\" width=\"207\" height=\"302\" \/><\/p>\n<p style=\"text-align: justify;\"><span style=\"font-size: 14px;\"><em>\u00a0Pi\u0119\u0107 przemian<\/em> \u00a0<span style=\"font-size: 12px;\">(ul. J\u00f3zefi\u0144ska 3)<\/span><\/span><br \/>\n<span style=\"font-size: 14px;\">Ods\u0142oni\u0119ty 17 grudnia 2025 roku mural autorstwa\u00a0 Ma\u0142gorzaty Markiewicz powsta\u0142 na fina\u0142 60-lecia Galerii Bunkier Sztuki. Przedstawia <\/span><span style=\"font-size: 14px;\">pi\u0119\u0107 kobiecych sylwetek. <\/span><span style=\"font-size: 14px;\">Postacie s\u0105 otulone wzorami inspirowanymi domowymi tkaninami i ro\u015blinno\u015bci\u0105, kt\u00f3ra s\u0142u\u017cy im za schronienie. <\/span><span style=\"font-size: 14px;\">Dzie\u0142o nawi\u0105zuje do pi\u0119ciu etap\u00f3w ludzkiego \u017cycia, operuj\u0105c metafor\u0105 przemijania i cykliczno\u015bci natury.<a href=\"https:\/\/podgorze.pl\/wp-content\/uploads\/2011\/05\/dsc_0284.jpg\" target=\"_blank\" rel=\"noopener\"><img loading=\"lazy\" decoding=\"async\" class=\"alignright\" src=\"https:\/\/podgorze.pl\/wp-content\/uploads\/2011\/05\/dsc_0284.jpg\" width=\"188\" height=\"125\" \/><\/a><\/span><\/p>\n<p style=\"text-align: justify; padding-left: 40px;\"><span style=\"font-size: 14px;\">Na jego miejscu by\u0142 wcze\u015bniej mural <em>Ding Dong Dumb\u00a0 \/Never follow\/.<\/em> Powsta\u0142 w ramach eventu ArtBoom w 2011r, artysta\u00a0 Blu (z W\u0142och).<\/span><span style=\"font-size: 14px;\"> Stanowi\u0142 krytyk\u0119 ko\u015bcio\u0142a rzymsko- katolickiego. \u017be si\u0119 utrzyma\u0142 tyle lat w Krakowie!?\u00a0 <\/span><\/p>\n<p style=\"padding-left: 40px; text-align: right;\"><span style=\"font-size: 12px;\"><em>Zdj\u0119cie z: https:\/\/podgorze.pl\/mural-blu-w-podgorzu\/<\/em><\/span><\/p>\n<p style=\"text-align: justify;\"><span style=\"font-size: 14px;\"><em>\u00a0 Mural inspirowany arrasami<\/em>\u00a0 \u00a0 <span style=\"font-size: 12px;\">(ul. J\u00f3zefi\u0144ska 24)<\/span><img loading=\"lazy\" decoding=\"async\" class=\"alignleft\" src=\"https:\/\/lh3.googleusercontent.com\/pw\/AP1GczOHyOoL_sefi-CXGqPTjSXle8HqZ0YhsQVdCMVZYXfTpgiWU5Bu9Do94FoKEWdu1X7NNNCk5sbLuAV8Y3hM1yWoHZ6T8fUmV1wiDDmrwFlYnqjpvPCMRJg-dD71h_j8tbCI_BW7gi4nrhivgLhWgiDDtA=w620-h913-s-no-gm?authuser=1\" width=\"246\" height=\"363\" \/><\/span><br \/>\n<span style=\"font-size: 14px;\">Powsta\u0142 w listopadzie 2025 roku przy wsp\u00f3\u0142pracy Zamku Kr\u00f3lewskiego na Wawelu z artyst\u0105 Miko\u0142ajem Rejsem.<\/span><\/p>\n<p>&nbsp;<\/p>\n<p style=\"text-align: justify;\"><img loading=\"lazy\" decoding=\"async\" class=\"alignright\" src=\"https:\/\/lh3.googleusercontent.com\/pw\/AP1GczNaOK52qpSjMGG5KEDGVVwOmhJavLAxKMU6s0be5-sBKbxLAfEKu1kuFgbD3wME0Pe2qLkFMDh8nDcmmy4Kz1PsluY8DCmMykTIZGNwnsI04fKDN0XCC8Mxlr8ejsC1aYBqNpBJVY50iRlwMDAyOWUB9Q=w1024-h768-s-no-gm?authuser=1\" width=\"510\" height=\"383\" \/><\/p>\n<p>&nbsp;<\/p>\n<p><em><span style=\"font-size: 14px;\">Liberator<\/span><\/em> <span style=\"font-size: 12px;\">(ul D\u0105browskiego \/ Hetma\u0144ska)<\/span><\/p>\n<p style=\"text-align: justify;\"><span style=\"font-size: 14px;\">Mural upami\u0119tniaj\u0105cy zestrzelenie alianckiego bombowca B-24 Liberator nad Zab\u0142ociem w sierpniu 1944 roku.<\/span><\/p>\n<p><img loading=\"lazy\" decoding=\"async\" class=\"alignleft\" src=\"https:\/\/lh3.googleusercontent.com\/pw\/AP1GczN2-eLysTexeCQL-VrXkZ3TQOnrLLAtAkGmTlvcPN6QwI6s_pL9ZGbxW6mQ7QcfPsLrHND4oWXekMAuNyickNu7e_evS3M481dSodJbX0wq3vDC8_MA54oqqOilorLNFR6OAXYbaRxzim9KWiM08KM1cw=w665-h878-s-no-gm?authuser=1\" width=\"450\" height=\"594\" \/><\/p>\n<p>&nbsp;<\/p>\n<p>&nbsp;<\/p>\n<p>&nbsp;<\/p>\n<p>&nbsp;<\/p>\n<p>&nbsp;<\/p>\n<p>&nbsp;<\/p>\n<p>&nbsp;<\/p>\n<p>&nbsp;<\/p>\n<p>&nbsp;<\/p>\n<p>&nbsp;<\/p>\n<p style=\"text-align: justify;\"><span style=\"font-size: 14px;\">Na pierwszym planie s\u0142ynny Liberator, w tle industrialne Zab\u0142ocie. Wszystko to na elewacji nowej inwestycji przy ul. Zab\u0142ocie 27. Cz\u0119\u015b\u0107 projektu <em>101 murali w Krakowie<\/em>. Autor: grafik i projektant Mariusz Waras, \u015bwiatowa czo\u0142\u00f3wka street-artu.<\/span><\/p>\n<p>&nbsp;<\/p>\n<p>&nbsp;<\/p>\n<p>&nbsp;<\/p>\n<p>&nbsp;<\/p>\n<p>&nbsp;<\/p>\n<p><img loading=\"lazy\" decoding=\"async\" class=\"alignnone \" src=\"https:\/\/lh3.googleusercontent.com\/pw\/AP1GczO2tIqBVrUSW3c-jjEcVNFBfsuqllZ6fJkdF__DYsvblfRY-5tnV6-zUksLMJk03xR0mKo9BmhF3FQqmQL0n1auP6j_gdOa_2hYYvJfiXm8W_LkXVfotio_Qyqgrv2pIp-kSi8SOlsKXGqHQ1ItUHbE6w=w1024-h687-s-no-gm?authuser=1\" width=\"385\" height=\"258\" \/><img loading=\"lazy\" decoding=\"async\" class=\"alignright\" src=\"https:\/\/lh3.googleusercontent.com\/pw\/AP1GczOAfTJq5Mdds4gU0zBise-qw8XKVz8J_bptfzjeIELQ-D3UHAwEZuSJhEfyYiM7tJDRb2YHxFcZD9MLU40GfSlhs6Z0zR4T1p92G3vQHZbaxa3dLPfsJGEph4LryPI1j4IFSwjw-EuRalGuw7UkNLmeqQ=w1024-h749-s-no-gm?authuser=1\" width=\"353\" height=\"258\" \/><\/p>\n<p><em><span style=\"font-size: 14px;\">Zab\u0142ocie Wczoraj, Dzi\u015b, Jutro.\u00a0 <\/span><\/em><span style=\"font-size: 12px;\">ul Slusarska 9<\/span><\/p>\n<p><img loading=\"lazy\" decoding=\"async\" class=\"alignnone \" src=\"https:\/\/lh3.googleusercontent.com\/pw\/AP1GczMoyLcMVKDckZa3uauVeygXc7N4DlElL4KGWCZwKMhz7kwG48q9nPikazpG_zetxFT3zaIBy-q35cIFlvqBd2F1Eck-L4uhRcWNCz8u7yIb_6usntsq4TxzVR8O9tC6nb1jZZ739N0pSgdTrV2cNdZA6g=w1024-h608-s-no-gm?authuser=1\" width=\"867\" height=\"514\" \/><\/p>\n<p style=\"text-align: justify;\"><span style=\"font-size: 14px;\"><em>Pami\u0119taj z Nami\u00a0 \u00a0 <\/em><span style=\"font-size: 12px;\">\u00a0 \u00a0ul. Romanowicza 15, pa\u017adziernik 2024<\/span><\/span><br class=\"html-br\" \/><span style=\"font-size: 14px;\">Autorki <\/span><span style=\"font-size: 14px;\">Iryna Shewchenko i Olena Sobolieva<\/span><span style=\"font-size: 14px;\">s\u0105 uchod\u017aczyniami wojennymi z Ukrainy. Na muralu umie\u015bci\u0142y nazwy miejsc rosyjskich masakr w Ukrainie oraz miejsc pami\u0119ci WWII w Krakowie.<\/span><\/p>\n<p>&nbsp;<\/p>\n","protected":false},"excerpt":{"rendered":"<p>Podg\u00f3rskie spacery w 110 rocznic\u0119 przy\u0142\u0105czenia dzielnicy do Krakowa. &nbsp; Smok Romantyk przy k\u0142adce o. Bernatka. Sk\u0105din\u0105d sympatyczna figurka pojawi\u0142a si\u0119 chyba ko\u0144cem 2024. I stanowi\u0142aby mi\u0142y dla oka akcent tego fragmentu Podg\u00f3rza gdyby nie idiotyczny zwyczaj wieszania love-k\u0142\u00f3dek na barierkach k\u0142adki. Zacz\u0119to przyozdabia\u0107 nawet smoka.\u00a0 Po p\u00f3\u0142 roku wi\u0119cej k\u0142\u00f3dek ni\u017c Romantyka! &nbsp; &nbsp; &nbsp; &nbsp; &nbsp; &nbsp; &nbsp; &nbsp; &nbsp; &nbsp; &nbsp; &nbsp; [&hellip;]<\/p>\n","protected":false},"author":1,"featured_media":1765,"comment_status":"closed","ping_status":"closed","sticky":false,"template":"","format":"standard","meta":{"footnotes":""},"categories":[22],"tags":[],"class_list":["post-2042","post","type-post","status-publish","format-standard","has-post-thumbnail","hentry","category-pg"],"_links":{"self":[{"href":"https:\/\/go.ianna.pl\/index.php?rest_route=\/wp\/v2\/posts\/2042","targetHints":{"allow":["GET"]}}],"collection":[{"href":"https:\/\/go.ianna.pl\/index.php?rest_route=\/wp\/v2\/posts"}],"about":[{"href":"https:\/\/go.ianna.pl\/index.php?rest_route=\/wp\/v2\/types\/post"}],"author":[{"embeddable":true,"href":"https:\/\/go.ianna.pl\/index.php?rest_route=\/wp\/v2\/users\/1"}],"replies":[{"embeddable":true,"href":"https:\/\/go.ianna.pl\/index.php?rest_route=%2Fwp%2Fv2%2Fcomments&post=2042"}],"version-history":[{"count":57,"href":"https:\/\/go.ianna.pl\/index.php?rest_route=\/wp\/v2\/posts\/2042\/revisions"}],"predecessor-version":[{"id":2505,"href":"https:\/\/go.ianna.pl\/index.php?rest_route=\/wp\/v2\/posts\/2042\/revisions\/2505"}],"wp:featuredmedia":[{"embeddable":true,"href":"https:\/\/go.ianna.pl\/index.php?rest_route=\/wp\/v2\/media\/1765"}],"wp:attachment":[{"href":"https:\/\/go.ianna.pl\/index.php?rest_route=%2Fwp%2Fv2%2Fmedia&parent=2042"}],"wp:term":[{"taxonomy":"category","embeddable":true,"href":"https:\/\/go.ianna.pl\/index.php?rest_route=%2Fwp%2Fv2%2Fcategories&post=2042"},{"taxonomy":"post_tag","embeddable":true,"href":"https:\/\/go.ianna.pl\/index.php?rest_route=%2Fwp%2Fv2%2Ftags&post=2042"}],"curies":[{"name":"wp","href":"https:\/\/api.w.org\/{rel}","templated":true}]}}