{"id":2057,"date":"2025-09-07T05:40:07","date_gmt":"2025-09-07T05:40:07","guid":{"rendered":"https:\/\/go.ianna.pl\/?p=2057"},"modified":"2025-11-13T09:37:52","modified_gmt":"2025-11-13T09:37:52","slug":"jastarnia-gniezno","status":"publish","type":"post","link":"https:\/\/go.ianna.pl\/?p=2057","title":{"rendered":"Jastarnia, Gniezno"},"content":{"rendered":"<p style=\"text-align: left; padding-left: 160px;\"><span style=\"font-size: 14px;\"><strong>&#8222;Morze nic nie musisz&#8221;<\/strong><\/span><\/p>\n<p style=\"text-align: left;\"><span style=\"font-size: 14px;\"><strong>Jastarnia i Hel<\/strong><a href=\"https:\/\/photos.app.goo.gl\/VdsvmgwfwuSWTrHr6\" target=\"_blank\" rel=\"noopener\"><img loading=\"lazy\" decoding=\"async\" class=\"wp-image-70 alignright\" src=\"http:\/\/go.ianna.pl\/wp-content\/uploads\/2024\/08\/foto.jpg\" alt=\"\" width=\"50\" height=\"37\" \/><\/a><\/span><\/p>\n<p><img loading=\"lazy\" decoding=\"async\" class=\"alignleft\" src=\"https:\/\/lh3.googleusercontent.com\/pw\/AP1GczOiphbCusqhw42AUrEoiYEqyra7_vLWH_jbvHyr9rIHB3_xE1VMrY3WvIyIC06Br8EhPKDwTKkEKB-iFtHNlHGkOC42rslUL56KXdQCUpZaduK7MPrke2wueeDQrgJvvBDRBkTlVxIPjWTvp87VXFNzDw=w1024-h768-s-no-gm?authuser=1\" width=\"581\" height=\"436\" \/><\/p>\n<p>&nbsp;<\/p>\n<p>&nbsp;<\/p>\n<p style=\"text-align: justify;\"><span style=\"font-size: 14px;\">Miasteczko odwiedzane od wielu lat a od ostatnich czterech ju\u017c regularnie w pierwszy tydzie\u0144 wrze\u015bnia. Bez t\u0142um\u00f3w i tego badziewia wczasowego za to z pi\u0119kn\u0105 pla\u017c\u0105 a z drugiej strony &#8222;krowiego ogona&#8221; z zatok\u0105. Kiedy\u015b\u00a0 wyprawy windsurfingowe i rejsy zatokowe teraz d\u0142ugie spacery pla\u017c\u0105 do Juraty. Trzeba mie\u0107 miejsca do kt\u00f3rych si\u0119 wraca.\u00a0<\/span><\/p>\n<p>&nbsp;<\/p>\n<p>&nbsp;<\/p>\n<p>&nbsp;<\/p>\n<p><img loading=\"lazy\" decoding=\"async\" class=\"alignleft\" src=\"https:\/\/lh3.googleusercontent.com\/pw\/AP1GczMDu5ky1XAevxEONoUQT5gNwBqLT4tkmkd5ScoCZhe9y1ATVfTPe53j2yAS6h1ZxUEZdRZgi-bM-yUYODSoym14YXH7jg5h07R3_pT-yt7VHG-AosTnakGxYloW7Kh8gTL--a1dYNr7xGTnRujW4eueUw=w903-h913-s-no-gm?authuser=1\" width=\"368\" height=\"372\" \/><\/p>\n<p>&nbsp;<\/p>\n<p style=\"text-align: justify;\"><span style=\"font-size: 14px; text-align: justify;\">Rejsem Magdalen\u0105 na Hel. Dla ulicy Wiejskiej i cypla gdzie pocz\u0105tek Polski.<\/span><\/p>\n<p>&nbsp;<\/p>\n<p>&nbsp;<\/p>\n<p>&nbsp;<\/p>\n<p>&nbsp;<\/p>\n<p><img loading=\"lazy\" decoding=\"async\" class=\" alignright\" src=\"https:\/\/lh3.googleusercontent.com\/pw\/AP1GczPyIxFX2pfrOT77sZam5ze5r5dnS_4y-AirGarzihfIKWRdZnqC1dWTgKWQnDEjLLEtQfoPrYRKumzKwt0ELWHgwTfD9THSF0BZ_JpJ6kUX6micP-4ft76e9EqKBshAxKPQ_MXpMiUgcCIqOMybxOcNFg=w1024-h768-s-no-gm?authuser=1\" width=\"380\" height=\"285\" \/><\/p>\n<p>&nbsp;<\/p>\n<p>&nbsp;<\/p>\n<p>&nbsp;<\/p>\n<p><img loading=\"lazy\" decoding=\"async\" class=\"alignleft\" src=\"https:\/\/lh3.googleusercontent.com\/pw\/AP1GczOcPKO_GrAKQewwdOf2dNjl77fooBrFGAg0eQ7LedmAjtEcTHzuk9ZiKsm66e7qIZLTGVuFCHO-XD0O1MVzW-KkfEEzhYbx_Vac7wUOwtauZ2y1L1giCFqtYwAXIpQSIMfuxGWV6se3-7af6VZKyJ5PnA=w609-h913-s-no-gm?authuser=1\" width=\"371\" height=\"557\" \/><\/p>\n<p>&nbsp;<\/p>\n<p>&nbsp;<\/p>\n<p>&nbsp;<\/p>\n<p>&nbsp;<\/p>\n<p>&nbsp;<\/p>\n<p><img loading=\"lazy\" decoding=\"async\" class=\" alignright\" src=\"https:\/\/lh3.googleusercontent.com\/pw\/AP1GczPm29ge4DgBCGT0YUeWAHUwTegbymDH-nGG_OeTyULYlZ1vsmnEauklWOhoGw0j_uI6silRnN6auGRiA2I7BelCGJ69HcHhj0oshkwKT26si4FTJl5lXJEuLhwKQIJExBJEHVGupHfu03jkKIsZoyh0bw=w1024-h683-s-no-gm?authuser=1\" width=\"380\" height=\"253\" \/><\/p>\n<p>&nbsp;<\/p>\n<p>&nbsp;<\/p>\n<p>&nbsp;<\/p>\n<p>&nbsp;<\/p>\n<p>&nbsp;<\/p>\n<p>&nbsp;<\/p>\n<p>&nbsp;<\/p>\n<p>&nbsp;<\/p>\n<p style=\"text-align: center;\"><span style=\"font-size: 14px;\">Widzimy si\u0119 za rok?<\/span><\/p>\n<p>&nbsp;<\/p>\n<p>&nbsp;<\/p>\n<p style=\"text-align: justify; padding-left: 40px;\"><span style=\"font-size: 14px;\">1000-lecie koronacji Boles\u0142awa Chrobrego sprowokowa\u0142o do wycieczki \u015bladami Piast\u00f3w. Wielkiej tu wyprawy nie by\u0142o ale wypada zna\u0107:<\/span><\/p>\n<p><span style=\"font-size: 14px;\"><strong>Kruszwica<\/strong><a href=\"https:\/\/photos.app.goo.gl\/19dawDWXWB5zWL9R6\" target=\"_blank\" rel=\"noopener\"><img loading=\"lazy\" decoding=\"async\" class=\"wp-image-70 alignright\" src=\"http:\/\/go.ianna.pl\/wp-content\/uploads\/2024\/08\/foto.jpg\" alt=\"\" width=\"50\" height=\"37\" \/><\/a><\/span><\/p>\n<p style=\"text-align: justify;\"><span style=\"font-size: 14px;\">Historycznie le\u017cy na Kujawach i by\u0142a pierwsz\u0105 ich stolic\u0105. Miasto po\u0142o\u017cone jest nad jeziorem Gop\u0142o i rzek\u0105 Note\u0107. Rozwojowi Kruszwicy sprzyja\u0142o po\u0142o\u017cenie na \u201eszlaku bursztynowym\u201d i na szlaku z Wielkopolski na Ru\u015b. W IX wieku plemi\u0119 Goplan zosta\u0142o w\u0142\u0105czone do pa\u0144stwa Polan. W X i XI wieku Kruszwica sta\u0142a si\u0119 znacz\u0105cym o\u015brodkiem miejskim z grodem na wyspie, gdzie rezydowali polscy kr\u00f3lowie i ksi\u0105\u017c\u0119ta. W latach 1350\u20131355 z rozkazu Kazimierza Wielkiego wzniesiono zamek (z \u201eMysi\u0105 Wie\u017c\u0105\u201d) \u2013 siedzib\u0119 kasztelani i starostwa. No i legenda o Popielu kt\u00f3rego zjad\u0142y myszy. By\u0142a to kara za hulaszcze \u017cycie i mord cz\u0142onk\u00f3w rodziny. Oczywi\u015bcie wszystko to za spraw\u0105 nalega\u0144 \u017cony Gerdy. I tak \u017cywio\u0142 niemiecki ju\u017c na zawsze b\u0119dzie prze\u015bladowa\u0142 szlachetnych S\u0142owian.\u00a0<\/span><\/p>\n<p><img loading=\"lazy\" decoding=\"async\" class=\"alignleft\" src=\"https:\/\/lh3.googleusercontent.com\/pw\/AP1GczNF1MlpvTSDBwY_aBxqjp09KZMGIJbqDI6YC-b97sYJ4mXECyFRASbitrt6tNv20wY8Mtd4Jx-ewmrn5q5rqYOLoN3_N-KmQng3av7m-9e2sGBPDnVQeOz9MoDr_-1odPA-7pCjCscAgftJPud2bxCn=w609-h913-s-no-gm?authuser=1\" width=\"370\" height=\"555\" \/><\/p>\n<p>&nbsp;<\/p>\n<p style=\"text-align: justify;\"><span style=\"font-size: 14px;\">Kolegiata \u015bw. Piotra i Paw\u0142a \u2013 z 1120\u20131140 w stylu roma\u0144skim, p\u00f3\u017aniej wielokrotnie przebudowywana. Pierwotny kszta\u0142t roma\u0144ski nadano jej w latach 1954\u20131956.<\/span><\/p>\n<p>&nbsp;<\/p>\n<p><img loading=\"lazy\" decoding=\"async\" class=\" alignright\" src=\"https:\/\/lh3.googleusercontent.com\/pw\/AP1GczPRbYeZ7aqLRlhd5AgDWkNsYpmyRZTKkEryC5JRLA5YOgYcRfLRkvdcqV4uqVmxJgR3ROnnnw9gPqj5hW_N7X48IrlEWZLywMwo_dZSfYlZ26hOU-6aRsTIMLZTCFw9N3TpKtLEE_TFXLskKmbYfV9R=w609-h913-s-no-gm?authuser=1\" width=\"370\" height=\"555\" \/><\/p>\n<p>&nbsp;<\/p>\n<p>&nbsp;<\/p>\n<p>&nbsp;<\/p>\n<p>&nbsp;<\/p>\n<p>&nbsp;<\/p>\n<p>&nbsp;<\/p>\n<p>&nbsp;<\/p>\n<p>&nbsp;<\/p>\n<p>&nbsp;<\/p>\n<p>&nbsp;<\/p>\n<p>&nbsp;<\/p>\n<p style=\"text-align: justify;\"><span style=\"font-size: 14px;\">Ruiny p\u00f3\u017anogotyckiego zamku \u2013 z pozosta\u0142\u0105 &#8222;Mysi\u0105 Wie\u017c\u0105&#8221;, baszt\u0105 o wysoko\u015bci 32 m, z kt\u00f3rej rozpo\u015bciera si\u0119 imponuj\u0105cy widok na miasto i jezioro.<\/span><\/p>\n<p><span style=\"font-size: 14px;\"><strong>Strzelno<\/strong><\/span><\/p>\n<p><img loading=\"lazy\" decoding=\"async\" class=\"alignleft\" style=\"font-size: 14px;\" src=\"https:\/\/lh3.googleusercontent.com\/pw\/AP1GczNaTveJ197464H7_QST7j-78cJwf6Slb8y4SWzA5FDS5uX-RiV1JQjw6dsQHO3q8bkdEIaSLqN6RzltuSnFJ1xClk6f6XoOF0T8_gcUgu1pb__zbaCOSG24pX7rYAw_DHna32QRACAHgVrbe5ihO3_-=w1024-h683-s-no-gm?authuser=1\" width=\"572\" height=\"381\" \/><\/p>\n<p style=\"text-align: justify;\"><span style=\"font-size: 14px;\">\u00a0<\/span><\/p>\n<p>&nbsp;<\/p>\n<p style=\"text-align: justify;\"><span style=\"font-size: 14px;\">Strzelno po\u0142o\u017cone jest na pograniczu Kujaw i Wielkopolski. Powstanie miasta zwi\u0105zane jest z osob\u0105 Piotra W\u0142ostowica, wojewody Boles\u0142awa Krzywoustego. Uwa\u017cany jest on za fundatora rotundy, ko\u015bcio\u0142a \u015bw. Prokopa. W latach 80. XII wieku za\u0142o\u017cony zosta\u0142 klasztor norbertanek.\u00a0<\/span><\/p>\n<p>&nbsp;<\/p>\n<p>&nbsp;<\/p>\n<p>&nbsp;<\/p>\n<p>&nbsp;<\/p>\n<p style=\"text-align: justify;\"><img loading=\"lazy\" decoding=\"async\" class=\"alignleft\" src=\"https:\/\/lh3.googleusercontent.com\/pw\/AP1GczO0Ggtjz6HOx-lh5yssN47eCe6cJPRZPiFRbwvLY8mVeAPu3CKo19fcF1x8CNGJp1gM7JAzGEevXOf4b6Nyu6kTGPfk-DhUlmtnHgJqxrCqcD-E-IpY3oiaU6T_yeUbnczvb2PnYoM4LPigxAI6eJc8=w591-h913-s-no-gm?authuser=1\" width=\"400\" height=\"618\" \/><span style=\"font-size: 14px;\">W Strzelnie znajduje si\u0119 jeden z najwa\u017cniejszych zabytk\u00f3w sztuki roma\u0144skiej w Polsce \u2013 zesp\u00f3\u0142 zabudowa\u0144 na wzg\u00f3rzu \u015bw. Wojciecha. <\/span><sup id=\"cite_ref-6\" class=\"reference\"><\/sup><span style=\"font-size: 14px;\">\u00a0Zesp\u00f3\u0142 sk\u0142ada si\u0119 z:<\/span><\/p>\n<p><span style=\"font-size: 14px;\">\u00a0 \u00a0Ponorberta\u0144skiego ko\u015bcio\u0142a \u015awi\u0119tej Tr\u00f3jcy i Naj\u015bwi\u0119tszej Marii Panny z unikatowymi kolumnami z przedstawieniami cn\u00f3t i wyst\u0119pk\u00f3w<\/span><\/p>\n<p><span style=\"font-size: 14px;\">\u00a0 \u00a0Rotundy \u015bw. Prokopa.<\/span><\/p>\n<p style=\"text-align: justify;\"><span style=\"font-size: 14px;\">W Strzelnie w 1852 roku urodzi\u0142 si\u0119 w rodzinie \u017cydowsko-polskiej Albert Abraham Michelson. W 1855 roku rodzina wyemigrowa\u0142a do Kalifornii. Michelson by\u0142 konstruktorem bardzo precyzyjnego interferometru. Przeprowadzi\u0142\u00a0 tzw do\u015bwiadczenie Michelsona-Morleya \u2013 eksperyment zaliczany obecnie do najwa\u017cniejszych do\u015bwiadcze\u0144 w historii fizyki. Wynik badania sta\u0142 si\u0119 do\u015bwiadczaln\u0105 podstaw\u0105 teorii wzgl\u0119dno\u015bci. W roku 1907 otrzyma\u0142 Nagrod\u0119 Nobla w dziedzinie fizyki.<\/span><\/p>\n<p><img loading=\"lazy\" decoding=\"async\" class=\"alignright\" src=\"https:\/\/lh3.googleusercontent.com\/pw\/AP1GczO6TMUF_bTLjaOis47MoFEKhy4N9drYMKptMNV9DjRNLJ3tbPFiaKQy58cAsqjSJ72h0dHHkX-6o9iyowUAwmp-hjzaYkmkhZ55jgo3xtyYfeQ_rO3OcV4G5QclAxpIoiuc62wgqd6tTL_b5DkF1eVv=w1024-h584-s-no-gm?authuser=1\" width=\"350\" height=\"199\" \/><\/p>\n<p>&nbsp;<\/p>\n<p>&nbsp;<\/p>\n<p>&nbsp;<\/p>\n<p>&nbsp;<\/p>\n<p>&nbsp;<\/p>\n<p>&nbsp;<\/p>\n<p style=\"text-align: left;\"><span style=\"font-size: 14px;\"><strong>Ostr\u00f3w Lednicki<\/strong><\/span><\/p>\n<p style=\"text-align: justify;\"><span style=\"font-size: 14px;\">Wyspa jest jednym z najwa\u017cniejszych miejsc historii Polski. Za panowania Mieszka I i Boles\u0142awa Chrobrego by\u0142a jednym z g\u0142\u00f3wnych o\u015brodk\u00f3w obronnych i administracyjnych Polski. Na wyspie, w centrum plemienia Polan (tu\u017c obok, dawnego handlowego traktu l\u0105dowego oraz wodnego mi\u0119dzy Poznaniem a Gnieznem), zachowa\u0142y si\u0119 pozosta\u0142o\u015bci grodu oraz relikty najstarszego w Polsce zespo\u0142u preroma\u0144skiej architektury pa\u0142acowo-sakralnej. Obydwa obiekty wzniesiono przed 966 rokiem\u00a0 i to w\u0142a\u015bnie miejsce jest prawdopodobn\u0105 lokalizacj\u0105 przyj\u0119cia chrztu przez Mieszka I.<\/span><\/p>\n<p style=\"text-align: justify;\"><img loading=\"lazy\" decoding=\"async\" class=\"alignnone size-medium\" src=\"https:\/\/lh3.googleusercontent.com\/pw\/AP1GczPKLjop7QVIcBgm2YR04yTybJ6iIp_gquDxs71bAN_Qve5xOAqqJk7J1GZoyBSLxp2We3g1aur8e7R5dlZthnZAJ_rGnLJ9GpR_W6mhVvAMeo9QEFU2q0pe_6ORwLwpIGlDC7mnfl7wlLaQATtl-NoN=w1024-h683-s-no-gm?authuser=1\" width=\"1024\" height=\"683\" \/><\/p>\n<p style=\"text-align: justify;\"><span style=\"font-size: 14px;\">Kres \u015bwietno\u015bci Ostrowa Lednickiego przyni\u00f3s\u0142\u00a0najazd\u00a0Brzetys\u0142awa I Czeskiego\u00a0w 1038, kiedy zniszczono mosty i spalono gr\u00f3d. Po tym wydarzeniu odbudowano ko\u015bci\u00f3\u0142, a osad\u0119 otoczono nowym wa\u0142em drewniano-ziemnym (zachowanym do dzi\u015b) o wysoko\u015bci dochodz\u0105cej do 9 m. Nigdy jednak wyspa nie odzyska\u0142a ju\u017c dawnej funkcji i rangi, cho\u0107 osadnictwo przetrwa\u0142o do XIII\u2013XIV wieku.<\/span><\/p>\n<p><img loading=\"lazy\" decoding=\"async\" class=\"alignnone size-medium\" src=\"https:\/\/lh3.googleusercontent.com\/pw\/AP1GczMXaf_2gUDatdq1sY7JbU904OxLjmHKb3V9svn7oP99VL0doOMe9C3dLR4i0niAHK1-Nyyif-VSlmaVNG5uVnNTQ0tHfjjc-sRHwqMmQwxGDfs0NRlYBjtpPRx4sFjuYpq7CRBIy4KeMbqkKpqygxA-=w1024-h502-s-no-gm?authuser=1\" width=\"1024\" height=\"502\" \/><\/p>\n<p><span style=\"font-size: 14px;\"><strong>Gniezno<\/strong><a href=\"https:\/\/photos.app.goo.gl\/D8PvPws4HcUp8ReHA\" target=\"_blank\" rel=\"noopener\"><img loading=\"lazy\" decoding=\"async\" class=\"wp-image-70 alignright\" src=\"http:\/\/go.ianna.pl\/wp-content\/uploads\/2024\/08\/foto.jpg\" alt=\"\" width=\"50\" height=\"37\" \/><\/a><\/span><\/p>\n<p style=\"text-align: justify;\"><span style=\"font-size: 14px;\">miasto oddalone o 50 km od Poznania , pierwsza stolica Polski<sup id=\"cite_ref-Zbyszko_G\u00f3rczak_Najstarsze_5-0\" class=\"reference\"><\/sup><sup id=\"cite_ref-Historia_Gniezna_6-0\" class=\"reference\"><\/sup>, pierwsza\u00a0metropolia ko\u015bcielna\u00a0w Polsce, miasto\u00a0\u015bw. Wojciecha. Siedziba archidiecezji\u00a0 oraz prymas\u00f3w Polski.<img loading=\"lazy\" decoding=\"async\" class=\" alignright\" src=\"https:\/\/lh3.googleusercontent.com\/pw\/AP1GczMvLuJiw-aaYZO0k9x9G7He_OpP_KnCzecx0OvIpWOStnWGhBxkP0ZQLvfBJvIy85V0zGZI2lA55Lsf49XC7GoX5_kv5MqdYVTBMAWNjt5z1fqgTI36YEdwb8a22g4zimAQLbNeQaq-zGLH1OsUrl7d=w650-h876-s-no-gm?authuser=1\" width=\"381\" height=\"513\" \/><\/span><\/p>\n<p style=\"text-align: justify;\"><span style=\"font-size: 14px;\">Wg legendy: <i>Gdy za\u015b (Lech) ze swoim potomstwem w\u0119drowa\u0142 przez rozleg\u0142e lasy, gdzie teraz istnieje kr\u00f3lestwo polskie, przybywszy wreszcie do pewnego uroczego miejsca, gdzie by\u0142y bardzo \u017cyzne pola, wielka obfito\u015b\u0107 ryb i dzikiego zwierza, tam\u017ce rozbi\u0142 swe namioty. A pragn\u0105c tam zbudowa\u0107 pierwsze mieszkanie, aby zapewni\u0107 schronienie sobie i swoim rzek\u0142 \u201eZbudujmy gniazdo\u201d! St\u0105d i owa miejscowo\u015b\u0107 a\u017c do dzisiaj zwie si\u0119\u00a0Gniezno, to jest \u201ebudowanie gniazda <span style=\"font-size: 11px;\">(za wiki).<\/span>\u00a0<\/i><\/span><\/p>\n<p style=\"text-align: justify;\"><span style=\"font-size: 14px;\">W 1000 roku odby\u0142 si\u0119 w Gnie\u017anie zjazd, w kt\u00f3rym uczestniczy\u0142 Boles\u0142aw I Chrobry i Otton III; utworzono wtedy arcybiskupstwo i metropoli\u0119 gnie\u017anie\u0144sk\u0105 na czele z bratem \u015bw. Wojciecha \u2013 Radzimem . Tak\u017ce wtedy \u015bwi\u0105tyni\u0119<sup id=\"cite_ref-Miko\u0142ajczyk1992_38-0\" class=\"reference\"><\/sup> wybudowan\u0105 przez Mieszka I wyniesiono do rangi\u00a0katedry. W 1018 roku po\u017car strawi\u0142 podgrodzie wraz z ko\u015bcio\u0142em katedralnym, kt\u00f3ry do 1025 roku przebudowano na roma\u0144sk\u0105 katedr\u0119. W 1025 roku w Gnie\u017anie mia\u0142a miejsce koronacja\u00a0Boles\u0142awa Chrobrego\u00a0na\u00a0kr\u00f3la\u00a0Polski. W 1038 roku do Gniezna wtargn\u0105\u0142 ksi\u0105\u017c\u0119 czeski\u00a0Brzetys\u0142aw I, pozostawiaj\u0105c po sobie spalone podgrodzia i zniszczon\u0105, ograbion\u0105\u00a0katedr\u0119\u00a0oraz zburzony gr\u00f3d. Na skutek tego\u00a0Kazimierz Odnowiciel\u00a0przeni\u00f3s\u0142 stolic\u0119 do\u00a0Krakowa. Po\u017car w 1192 roku zniszczy\u0142 gr\u00f3d na Wzg\u00f3rzu Lecha.\u00a0<\/span><span style=\"font-size: 14px;\">W 1295 roku odby\u0142a si\u0119 po 219-letniej przerwie w katedrze gnie\u017anie\u0144skiej koronacja kr\u00f3la\u00a0Przemys\u0142a II. W 1300 roku koronowa\u0142 si\u0119 w mie\u015bcie\u00a0Wac\u0142aw II\u00a0Czeski.<img loading=\"lazy\" decoding=\"async\" class=\" alignleft\" src=\"https:\/\/lh3.googleusercontent.com\/pw\/AP1GczNpHCHLGQatKK3RWRhaPJa2kgLvRoe1nuCYUSXNfZ2RGt_z5Q4ajxjTghdBpTXTUe1jbjWKFbYReI-bRo6ETzW-NErSqBC0bS8PzD1X3aSMAZ6AOX4NVxgxxtYP06nmeGk6bYZjRs5nr5ywh7eHyY0S=w582-h876-s-no-gm?authuser=1\" width=\"486\" height=\"732\" \/><\/span><\/p>\n<p style=\"text-align: justify;\"><span style=\"font-size: 14px;\">Najwi\u0119kszym zabytkiem jest Katedra Gnie\u017anie\u0144ska wraz ze Wzg\u00f3rzem Lecha. W katedrze znajduj\u0105 si\u0119 Drzwi Gnie\u017anie\u0144skie przedstawiaj\u0105ce \u017cyciorys \u015bw. Wojciecha, Srebrny Relikwiarz tego \u015bwi\u0119tego oraz dwa portale gotyckie. Ponadto nawa g\u0142\u00f3wna katedry otoczona jest czternastoma kaplicami, w kt\u00f3rych pochowano dawnych metropolit\u00f3w gnie\u017anie\u0144skich. W podziemiach katedry mo\u017cna zobaczy\u0107 m.in. najstarszy w Polsce napis nagrobkowy z ok. 1006, odkryte podczas bada\u0144 archeologicznych relikty budowli kamiennej z ko\u0144ca IX wieku, a tak\u017ce fragmenty mur\u00f3w bazyliki Mieszka I. Przy katedrze, na Wzg\u00f3rzu Lecha znajduje si\u0119 Kolegiata \u2013 zesp\u00f3\u0142 \u015bredniowiecznych budynk\u00f3w wraz z Ko\u015bcio\u0142em \u015bw. Jerzego oraz budynkiem Muzeum Archidiecezjalnego, w kt\u00f3rym znajduje si\u0119 m.in. skarbiec katedralny, oraz Archiwum Archidiecezjalne.\u00a0<\/span><\/p>\n<p style=\"text-align: justify;\"><span style=\"font-size: 14px;\">PS. w 1025 by\u0142a w Gnie\u017cnie jeszcze jedna koronacja &#8211; Mieszka II Lamberta. Boles\u0142aw Chrobry zmar\u0142 zaledwie dwa miesi\u0105ce po swojej koronacji i rz\u0105dy obj\u0105\u0142 jego syn. Zwany dawniej nie bez powodu Gnu\u015bnym zaprzepa\u015bci\u0142 dorobek swojego wielkiego ojca\u00a0\u00a0<\/span><\/p>\n<p>&nbsp;<\/p>\n<p><span style=\"font-size: 14px;\">A tak poza tym Gniezno to \u0142adne miasto.\u00a0<\/span><\/p>\n<p>&nbsp;<\/p>\n<p>&nbsp;<\/p>\n<p><img loading=\"lazy\" decoding=\"async\" class=\"alignnone \" src=\"https:\/\/lh3.googleusercontent.com\/pw\/AP1GczNsh8GBCElUr2qcaAmJVahWm-S37lXn_vgaAYHaUZ_B3w98YVuqJMQD43Dj6PpOiyAUKsjjv4AkNDc-W5aQX7SNe8AOf-bAAM-tWo2OFPEIQVpHSMbTcwb8LZkmwgkPJtYk88fhyfghq1eDd6Ua5X9f=w1024-h760-s-no-gm?authuser=1\" width=\"700\" height=\"519\" \/><\/p>\n<p><span style=\"font-size: 14px;\"><strong>Liche\u0144<a href=\"https:\/\/photos.app.goo.gl\/XqbWwJtw8mDg7Nwf7\" target=\"_blank\" rel=\"noopener\"><img loading=\"lazy\" decoding=\"async\" class=\"wp-image-70 alignright\" src=\"http:\/\/go.ianna.pl\/wp-content\/uploads\/2024\/08\/foto.jpg\" alt=\"\" width=\"50\" height=\"37\" \/><\/a><\/strong><\/span><\/p>\n<p style=\"text-align: justify;\"><span style=\"font-size: 14px;\">Sanktuarium Matki Bo\u017cej Bolesnej Kr\u00f3lowej Polski w Licheniu Starym \u2013 o\u015brodek kultu maryjnego. <\/span><span style=\"font-size: 14px;\">Budowana w latach 1993-2004 bazylika jest jedn\u0105 z najwi\u0119kszych \u015bwi\u0105ty\u0144 na \u015bwiecie. Faktycznie wszystko tu jest monumentalnie naj-, z licznymi odniesieniami i symbolik\u0105. Robi wra\u017cenie ogrom, si\u0142a nowo\u015bci i staranno\u015b\u0107 wykonania. Ale generalnie to dla mnie kicz, gigantomania &#8211; architektoniczny\u00a0 koszmarek kapi\u0105cy z\u0142otem. Co prawda jad\u0105c tam spodziewa\u0142em si\u0119 wi\u0119kszej tandety znaj\u0105c estetyk\u0119 polskich ko\u015bcio\u0142\u00f3w i pomys\u0142y pleban\u00f3w, zatem tylko pod tym wzgl\u0119dem nie by\u0142o najgorzej. Mam tylko nadziej\u0119, \u017ce wizytuj\u0105cy &#8211; ok 1,5mln rocznie, znajduj\u0105 tutaj spok\u00f3j duszy i rzymsko-katolickie ukojenie.\u00a0\u00a0<\/span><\/p>\n<p><img loading=\"lazy\" decoding=\"async\" class=\"alignnone \" src=\"https:\/\/lh3.googleusercontent.com\/pw\/AP1GczOfMS_W_IwEqXh9WBEHb8ezqYqcJWa6LxOLyilq5nhJesnkXUxUwLxWzmMrvlYakLT31zgOm3tu4q6GP8sOv6zAI32lPViFEV-uD5m2PS6wj5reRygrr_ZyAonQ9Ct5nvzvddNtZzeIVG7MqkCNaD43=w1024-h718-s-no-gm?authuser=1\" width=\"698\" height=\"489\" \/><\/p>\n<p><img loading=\"lazy\" decoding=\"async\" class=\" alignright\" src=\"https:\/\/lh3.googleusercontent.com\/pw\/AP1GczNkepFgFonuvswF17r2xRomm2xyDn3J_CXvt8AKglJ7aJ8bGDCyze6mwuzS7-T_iPXFrkYoNdsplPGN4Lu7Fml1bRMnpH54GieuN-_Fp6rGnWLteGCykkif1V8f9zgg6ECaqx65YS5D38aHsd3R7mwb=w639-h876-s-no-gm?authuser=1\" width=\"400\" height=\"549\" \/><\/p>\n<p>&nbsp;<\/p>\n<p>&nbsp;<\/p>\n<p style=\"text-align: justify;\"><span style=\"font-size: 14px;\">W 2004 pojawi\u0142y si\u0119 w przestrzeni medialnej informacje o\u00a0 nieprawid\u0142owo\u015bci w wydatkowaniu przez ks. Eugeniusza Makulskiego &#8211; inicjatora i kustosza budowy bazyliki, \u015brodk\u00f3w pochodz\u0105cych z darowizn, oraz o homoseksualnych relacjach z osobistym kierowc\u0105. W <\/span><span style=\"font-size: 14px;\">2019 \u00a0pad\u0142y oskar\u017cenia o kontakty seksualne z osobami ma\u0142oletnimi. Reperkusje dosi\u0119g\u0142y pomnik przedstawiaj\u0105cy ks. Makulskiego kl\u0119cz\u0105cego przed Janem Paw\u0142em II<sup id=\"cite_ref-newsweek_11-0\" class=\"reference\"><\/sup>.\u00a0 Najpierw wizerunek ksi\u0119dza zas\u0142oniono a potem usuni\u0119to ca\u0142o\u015b\u0107. Zast\u0105piono go\u00a0 pomnikiem samego ju\u017c JPII. A sam Makulski rok p\u00f3\u017aniej zmar\u0142 i nie ma sprawy.\u00a0<\/span><\/p>\n<p>&nbsp;<\/p>\n<p>&nbsp;<\/p>\n<p>&nbsp;<\/p>\n<p>&nbsp;<\/p>\n<p>&nbsp;<\/p>\n<p>&nbsp;<\/p>\n<p>&nbsp;<\/p>\n<hr \/>\n<p><span style=\"font-size: 14px;\"><a href=\"https:\/\/goo.gl\/photos\/NRwi5yA9xhVNnaW67\" target=\"_blank\" rel=\"noopener\">Jastarnia_2005<\/a><\/span><\/p>\n<p><span style=\"font-size: 14px;\"><a href=\"https:\/\/goo.gl\/photos\/V6nos1K9iq5k7Cub7\" target=\"_blank\" rel=\"noopener\">Jastarnia_2007<\/a><\/span><\/p>\n<p><span style=\"font-size: 14px;\"><a href=\"https:\/\/goo.gl\/photos\/PMAKwgsp2c5hw1o57\" target=\"_blank\" rel=\"noopener\">Jastarnia 2010<\/a><\/span><\/p>\n<p><span style=\"font-size: 14px;\"><a href=\"https:\/\/goo.gl\/photos\/LTLoMoZJLD8gbcuL8\" target=\"_blank\" rel=\"noopener\">Jastarnia_2012<\/a><\/span><\/p>\n<p><span style=\"font-size: 14px;\"><a href=\"https:\/\/photos.app.goo.gl\/vTMugNZ4hLT12X72A\" target=\"_blank\" rel=\"noopener\">Jastarnia_2020<\/a><\/span><\/p>\n<p><span style=\"font-size: 14px;\"><a href=\"https:\/\/photos.app.goo.gl\/2aeJY3UG3Dh6WYfK8\" target=\"_blank\" rel=\"noopener\">Jastarnia 2021 \/ 22<\/a><\/span><\/p>\n<p><span style=\"font-size: 14px;\"><a href=\"https:\/\/photos.app.goo.gl\/uRhNw9CAPynCE3QF7\" target=\"_blank\" rel=\"noopener\">Jastarnia 2023<\/a><\/span><\/p>\n<p><a href=\"https:\/\/photos.app.goo.gl\/VdsvmgwfwuSWTrHr6\" target=\"_blank\" rel=\"noopener\"><span style=\"font-size: 14px;\">Jastarnia 2024 \/ 25<\/span><\/a><\/p>\n","protected":false},"excerpt":{"rendered":"<p>&#8222;Morze nic nie musisz&#8221; Jastarnia i Hel &nbsp; &nbsp; Miasteczko odwiedzane od wielu lat a od ostatnich czterech ju\u017c regularnie w pierwszy tydzie\u0144 wrze\u015bnia. Bez t\u0142um\u00f3w i tego badziewia wczasowego za to z pi\u0119kn\u0105 pla\u017c\u0105 a z drugiej strony &#8222;krowiego ogona&#8221; z zatok\u0105. Kiedy\u015b\u00a0 wyprawy windsurfingowe i rejsy zatokowe teraz d\u0142ugie spacery pla\u017c\u0105 do Juraty. Trzeba mie\u0107 miejsca do kt\u00f3rych si\u0119 wraca.\u00a0 &nbsp; &nbsp; &nbsp; [&hellip;]<\/p>\n","protected":false},"author":1,"featured_media":2069,"comment_status":"closed","ping_status":"closed","sticky":false,"template":"","format":"standard","meta":{"footnotes":""},"categories":[27],"tags":[],"class_list":["post-2057","post","type-post","status-publish","format-standard","has-post-thumbnail","hentry","category-miejsca"],"_links":{"self":[{"href":"https:\/\/go.ianna.pl\/index.php?rest_route=\/wp\/v2\/posts\/2057","targetHints":{"allow":["GET"]}}],"collection":[{"href":"https:\/\/go.ianna.pl\/index.php?rest_route=\/wp\/v2\/posts"}],"about":[{"href":"https:\/\/go.ianna.pl\/index.php?rest_route=\/wp\/v2\/types\/post"}],"author":[{"embeddable":true,"href":"https:\/\/go.ianna.pl\/index.php?rest_route=\/wp\/v2\/users\/1"}],"replies":[{"embeddable":true,"href":"https:\/\/go.ianna.pl\/index.php?rest_route=%2Fwp%2Fv2%2Fcomments&post=2057"}],"version-history":[{"count":61,"href":"https:\/\/go.ianna.pl\/index.php?rest_route=\/wp\/v2\/posts\/2057\/revisions"}],"predecessor-version":[{"id":2189,"href":"https:\/\/go.ianna.pl\/index.php?rest_route=\/wp\/v2\/posts\/2057\/revisions\/2189"}],"wp:featuredmedia":[{"embeddable":true,"href":"https:\/\/go.ianna.pl\/index.php?rest_route=\/wp\/v2\/media\/2069"}],"wp:attachment":[{"href":"https:\/\/go.ianna.pl\/index.php?rest_route=%2Fwp%2Fv2%2Fmedia&parent=2057"}],"wp:term":[{"taxonomy":"category","embeddable":true,"href":"https:\/\/go.ianna.pl\/index.php?rest_route=%2Fwp%2Fv2%2Fcategories&post=2057"},{"taxonomy":"post_tag","embeddable":true,"href":"https:\/\/go.ianna.pl\/index.php?rest_route=%2Fwp%2Fv2%2Ftags&post=2057"}],"curies":[{"name":"wp","href":"https:\/\/api.w.org\/{rel}","templated":true}]}}