{"id":2214,"date":"2025-12-19T18:28:28","date_gmt":"2025-12-19T18:28:28","guid":{"rendered":"https:\/\/go.ianna.pl\/?p=2214"},"modified":"2026-01-21T09:31:01","modified_gmt":"2026-01-21T09:31:01","slug":"korona-gorcow","status":"publish","type":"post","link":"https:\/\/go.ianna.pl\/?p=2214","title":{"rendered":"Korona Gorc\u00f3w"},"content":{"rendered":"<p><a href=\"https:\/\/mapa-turystyczna.pl\/route\/34u2w\" target=\"_blank\" rel=\"noopener\"><img loading=\"lazy\" decoding=\"async\" class=\"size-medium wp-image-2212 alignright\" src=\"http:\/\/go.ianna.pl\/wp-content\/uploads\/2025\/11\/G_luban-300x248.jpg\" alt=\"\" width=\"300\" height=\"248\" srcset=\"https:\/\/go.ianna.pl\/wp-content\/uploads\/2025\/11\/G_luban-300x248.jpg 300w, https:\/\/go.ianna.pl\/wp-content\/uploads\/2025\/11\/G_luban.jpg 479w\" sizes=\"auto, (max-width: 300px) 100vw, 300px\" \/><\/a><\/p>\n<p>&nbsp;<\/p>\n<p style=\"text-align: justify;\"><span style=\"font-size: 14px;\">Grudzie\u0144 dobry do planowania. Mo\u017ce co\u015b do zdzia\u0142ania w Gorcach? 15 szczyt\u00f3w <a href=\"https:\/\/szlaki.app\/korona\/korona-gorcow\" target=\"_blank\" rel=\"noopener\">korony<\/a> &#8222;na raz&#8221;. Trzeba to dopracowa\u0107.\u00a0<\/span><\/p>\n<p><span style=\"font-size: 14px;\">Trek: 110km \/ +5.000m \/ 5 dni<\/span><\/p>\n<p>&nbsp;<\/p>\n<p>&nbsp;<\/p>\n<p>&nbsp;<\/p>\n<p><span style=\"font-size: 14px;\">np tak:<\/span><\/p>\n<div style=\"max-width: 700px; overflow: hidden; margin: 0 auto; min-width: 300px;\"><iframe style=\"width: 100%; border: 0;\" src=\"https:\/\/mapa-turystyczna.pl\/map\/widget\/route\/h1l0p1\/34u2w.html\" height=\"680\"><\/iframe><a style=\"color: #999; padding: 7px 0; font-size: 13px; font-family: Roboto,Arial,sans-serif; display: inline-block;\" href=\"https:\/\/mapa-turystyczna.pl\/route\/34u2w?utm_source=external_web&amp;utm_medium=widget&amp;utm_campaign=route_widget\" target=\"_blank\" rel=\"noopener\">Trasa: Rabka-Zdr\u00f3j \u2013 Nowy Targ, Kowaniec | mapa-turystyczna.pl<\/a><\/div>\n","protected":false},"excerpt":{"rendered":"<p>&nbsp; Grudzie\u0144 dobry do planowania. Mo\u017ce co\u015b do zdzia\u0142ania w Gorcach? 15 szczyt\u00f3w korony &#8222;na raz&#8221;. Trzeba to dopracowa\u0107.\u00a0 Trek: 110km \/ +5.000m \/ 5 dni &nbsp; &nbsp; &nbsp; np tak: Trasa: Rabka-Zdr\u00f3j \u2013 Nowy Targ, Kowaniec | mapa-turystyczna.pl<\/p>\n","protected":false},"author":1,"featured_media":82,"comment_status":"closed","ping_status":"closed","sticky":false,"template":"","format":"standard","meta":{"footnotes":""},"categories":[17],"tags":[16],"class_list":["post-2214","post","type-post","status-publish","format-standard","has-post-thumbnail","hentry","category-kar","tag-go"],"_links":{"self":[{"href":"https:\/\/go.ianna.pl\/index.php?rest_route=\/wp\/v2\/posts\/2214","targetHints":{"allow":["GET"]}}],"collection":[{"href":"https:\/\/go.ianna.pl\/index.php?rest_route=\/wp\/v2\/posts"}],"about":[{"href":"https:\/\/go.ianna.pl\/index.php?rest_route=\/wp\/v2\/types\/post"}],"author":[{"embeddable":true,"href":"https:\/\/go.ianna.pl\/index.php?rest_route=\/wp\/v2\/users\/1"}],"replies":[{"embeddable":true,"href":"https:\/\/go.ianna.pl\/index.php?rest_route=%2Fwp%2Fv2%2Fcomments&post=2214"}],"version-history":[{"count":13,"href":"https:\/\/go.ianna.pl\/index.php?rest_route=\/wp\/v2\/posts\/2214\/revisions"}],"predecessor-version":[{"id":2457,"href":"https:\/\/go.ianna.pl\/index.php?rest_route=\/wp\/v2\/posts\/2214\/revisions\/2457"}],"wp:featuredmedia":[{"embeddable":true,"href":"https:\/\/go.ianna.pl\/index.php?rest_route=\/wp\/v2\/media\/82"}],"wp:attachment":[{"href":"https:\/\/go.ianna.pl\/index.php?rest_route=%2Fwp%2Fv2%2Fmedia&parent=2214"}],"wp:term":[{"taxonomy":"category","embeddable":true,"href":"https:\/\/go.ianna.pl\/index.php?rest_route=%2Fwp%2Fv2%2Fcategories&post=2214"},{"taxonomy":"post_tag","embeddable":true,"href":"https:\/\/go.ianna.pl\/index.php?rest_route=%2Fwp%2Fv2%2Ftags&post=2214"}],"curies":[{"name":"wp","href":"https:\/\/api.w.org\/{rel}","templated":true}]}}