{"id":228,"date":"2023-12-30T07:51:44","date_gmt":"2023-12-30T07:51:44","guid":{"rendered":"https:\/\/go.ianna.pl\/?p=228"},"modified":"2026-04-24T06:18:23","modified_gmt":"2026-04-24T06:18:23","slug":"beskidy-i-pieniny","status":"publish","type":"post","link":"https:\/\/go.ianna.pl\/?p=228","title":{"rendered":"Beskidy&#038;Pieniny"},"content":{"rendered":"<p><img loading=\"lazy\" decoding=\"async\" class=\"alignnone size-medium\" src=\"https:\/\/lh3.googleusercontent.com\/pw\/AP1GczMk0mKZzSCEOIa4YZI8xYm71upMgpx-1_WA46F0JIZ6Fg5eg2vx2aOfu4U7NEg2unUcNNHvzIi5JUS2A-xwgD9MFzMFRdvWamzwRuXV9VZMZI0ME0emlHdYnmtcPtYkDH1l-EMtrlTbmbsGLssYCEGxiA=w1905-h619-s-no-gm?authuser=0\" width=\"1905\" height=\"619\" \/><\/p>\r\n<p style=\"text-align: justify;\"><span style=\"font-size: 14px;\">Projekt obejmowa\u0142 11 pasm g\u00f3rskich. Mia\u0142 uzupe\u0142ni\u0107 wiedz\u0119 i wyznaczy\u0107 cele turystyczne mniej znane z dotychczasowych w\u0119dr\u00f3wek. W trakcie, przy okazji kompletacji najwy\u017cszych szczyt\u00f3w do\u0142\u0105czy\u0142y Beskidy w S\u0142owacji. Po czterech latach eksploracji co\u015b o Beskidach ju\u017c wiem, znam ich r\u00f3\u017cnorodno\u015b\u0107 i odmienno\u015b\u0107. Absolutnym topem dla mnie pozostaje pasmo Babiej G\u00f3ry ale zaraz za Kapry\u015bnic\u0105 sympati\u0119 zabiera M\u00f3j Beskid Ma\u0142y. I niech tak zostanie.\u00a0<\/span><\/p>\r\n<p><strong><span style=\"font-size: 14px;\">2020<\/span><\/strong><\/p>\r\n<p><a href=\"https:\/\/go.ianna.pl\/?p=273\" target=\"_blank\" rel=\"noopener\"><img loading=\"lazy\" decoding=\"async\" class=\" wp-image-226 alignleft\" src=\"http:\/\/go.ianna.pl\/wp-content\/uploads\/2024\/11\/gib-090453_www-300x250.jpg\" alt=\"\" width=\"250\" height=\"208\" srcset=\"https:\/\/go.ianna.pl\/wp-content\/uploads\/2024\/11\/gib-090453_www-300x250.jpg 300w, https:\/\/go.ianna.pl\/wp-content\/uploads\/2024\/11\/gib-090453_www.jpg 599w\" sizes=\"auto, (max-width: 250px) 100vw, 250px\" \/><\/a><\/p>\r\n<p><a href=\"https:\/\/go.ianna.pl\/?p=380\" target=\"_blank\" rel=\"noopener\"><img loading=\"lazy\" decoding=\"async\" class=\" wp-image-215 alignleft\" src=\"http:\/\/go.ianna.pl\/wp-content\/uploads\/2024\/11\/B_Mk1_www-300x250.jpg\" alt=\"\" width=\"248\" height=\"207\" srcset=\"https:\/\/go.ianna.pl\/wp-content\/uploads\/2024\/11\/B_Mk1_www-300x250.jpg 300w, https:\/\/go.ianna.pl\/wp-content\/uploads\/2024\/11\/B_Mk1_www.jpg 599w\" sizes=\"auto, (max-width: 248px) 100vw, 248px\" \/><\/a><\/p>\r\n<p><a href=\"https:\/\/go.ianna.pl\/?p=281\" target=\"_blank\" rel=\"noopener\"><img loading=\"lazy\" decoding=\"async\" class=\" wp-image-68 alignleft\" src=\"http:\/\/go.ianna.pl\/wp-content\/uploads\/2024\/08\/beskid-zywiecki-300x250.jpg\" alt=\"\" width=\"250\" height=\"208\" srcset=\"https:\/\/go.ianna.pl\/wp-content\/uploads\/2024\/08\/beskid-zywiecki-300x250.jpg 300w, https:\/\/go.ianna.pl\/wp-content\/uploads\/2024\/08\/beskid-zywiecki.jpg 599w\" sizes=\"auto, (max-width: 250px) 100vw, 250px\" \/><\/a><\/p>\r\n<p>&nbsp;<\/p>\r\n<p>&nbsp;<\/p>\r\n<p>&nbsp;<\/p>\r\n<p>&nbsp;<\/p>\r\n<p>&nbsp;<\/p>\r\n<p>&nbsp;<\/p>\r\n<p><strong><span style=\"font-size: 14px;\">2021<\/span><\/strong><\/p>\r\n<p><a href=\"https:\/\/go.ianna.pl\/?p=284\" target=\"_blank\" rel=\"noopener\"><img loading=\"lazy\" decoding=\"async\" class=\" wp-image-217 alignleft\" src=\"http:\/\/go.ianna.pl\/wp-content\/uploads\/2024\/11\/B_Slaski_www-300x250.jpg\" alt=\"\" width=\"250\" height=\"208\" srcset=\"https:\/\/go.ianna.pl\/wp-content\/uploads\/2024\/11\/B_Slaski_www-300x250.jpg 300w, https:\/\/go.ianna.pl\/wp-content\/uploads\/2024\/11\/B_Slaski_www.jpg 599w\" sizes=\"auto, (max-width: 250px) 100vw, 250px\" \/><\/a><\/p>\r\n<p><a href=\"https:\/\/go.ianna.pl\/?p=294\" target=\"_blank\" rel=\"noopener\"><img loading=\"lazy\" decoding=\"async\" class=\" wp-image-223 alignleft\" src=\"http:\/\/go.ianna.pl\/wp-content\/uploads\/2024\/11\/beskid_wyspowy_3-300x250.jpg\" alt=\"\" width=\"250\" height=\"208\" srcset=\"https:\/\/go.ianna.pl\/wp-content\/uploads\/2024\/11\/beskid_wyspowy_3-300x250.jpg 300w, https:\/\/go.ianna.pl\/wp-content\/uploads\/2024\/11\/beskid_wyspowy_3.jpg 599w\" sizes=\"auto, (max-width: 250px) 100vw, 250px\" \/><\/a><\/p>\r\n<p>&nbsp;<\/p>\r\n<p>&nbsp;<\/p>\r\n<p>&nbsp;<\/p>\r\n<p>&nbsp;<\/p>\r\n<p>&nbsp;<\/p>\r\n<p>&nbsp;<\/p>\r\n<p><strong><span style=\"font-size: 14px;\">2022<\/span><\/strong><\/p>\r\n<p><a href=\"https:\/\/go.ianna.pl\/?p=320\" target=\"_blank\" rel=\"noopener\"><img loading=\"lazy\" decoding=\"async\" class=\"wp-image-216 alignleft\" src=\"http:\/\/go.ianna.pl\/wp-content\/uploads\/2024\/11\/B_Sadecki_www-300x250.jpg\" alt=\"\" width=\"252\" height=\"210\" srcset=\"https:\/\/go.ianna.pl\/wp-content\/uploads\/2024\/11\/B_Sadecki_www-300x250.jpg 300w, https:\/\/go.ianna.pl\/wp-content\/uploads\/2024\/11\/B_Sadecki_www.jpg 599w\" sizes=\"auto, (max-width: 252px) 100vw, 252px\" \/><\/a><\/p>\r\n<p><a href=\"https:\/\/go.ianna.pl\/?p=305\" target=\"_blank\" rel=\"noopener\"><img loading=\"lazy\" decoding=\"async\" class=\" wp-image-82 alignleft\" src=\"http:\/\/go.ianna.pl\/wp-content\/uploads\/2024\/09\/IMG_7090_gorce_www-300x250.jpg\" alt=\"\" width=\"250\" height=\"208\" srcset=\"https:\/\/go.ianna.pl\/wp-content\/uploads\/2024\/09\/IMG_7090_gorce_www-300x250.jpg 300w, https:\/\/go.ianna.pl\/wp-content\/uploads\/2024\/09\/IMG_7090_gorce_www.jpg 599w\" sizes=\"auto, (max-width: 250px) 100vw, 250px\" \/><\/a><\/p>\r\n<p><a href=\"https:\/\/go.ianna.pl\/?p=325\" target=\"_blank\" rel=\"noopener\"><img loading=\"lazy\" decoding=\"async\" class=\" wp-image-218 alignleft\" src=\"http:\/\/go.ianna.pl\/wp-content\/uploads\/2024\/11\/pieniny-300x250.jpg\" alt=\"\" width=\"250\" height=\"208\" srcset=\"https:\/\/go.ianna.pl\/wp-content\/uploads\/2024\/11\/pieniny-300x250.jpg 300w, https:\/\/go.ianna.pl\/wp-content\/uploads\/2024\/11\/pieniny.jpg 599w\" sizes=\"auto, (max-width: 250px) 100vw, 250px\" \/><\/a><\/p>\r\n<p>&nbsp;<\/p>\r\n<p>&nbsp;<\/p>\r\n<p>&nbsp;<\/p>\r\n<p>&nbsp;<\/p>\r\n<p>&nbsp;<\/p>\r\n<p>&nbsp;<\/p>\r\n<p><strong><span style=\"font-size: 14px;\">2023<\/span><\/strong><\/p>\r\n<p><a href=\"https:\/\/go.ianna.pl\/?p=335\" target=\"_blank\" rel=\"noopener\"><img loading=\"lazy\" decoding=\"async\" class=\"wp-image-222 alignleft\" src=\"http:\/\/go.ianna.pl\/wp-content\/uploads\/2024\/11\/beskid-slasko-morawski-300x250.jpg\" alt=\"\" width=\"250\" height=\"208\" srcset=\"https:\/\/go.ianna.pl\/wp-content\/uploads\/2024\/11\/beskid-slasko-morawski-300x250.jpg 300w, https:\/\/go.ianna.pl\/wp-content\/uploads\/2024\/11\/beskid-slasko-morawski.jpg 599w\" sizes=\"auto, (max-width: 250px) 100vw, 250px\" \/><\/a><\/p>\r\n<p><a href=\"https:\/\/go.ianna.pl\/?p=155\"><img loading=\"lazy\" decoding=\"async\" class=\"wp-image-159 alignleft\" src=\"http:\/\/go.ianna.pl\/wp-content\/uploads\/2024\/10\/beskid-niski_23-300x250.jpg\" alt=\"\" width=\"250\" height=\"208\" srcset=\"https:\/\/go.ianna.pl\/wp-content\/uploads\/2024\/10\/beskid-niski_23-300x250.jpg 300w, https:\/\/go.ianna.pl\/wp-content\/uploads\/2024\/10\/beskid-niski_23.jpg 599w\" sizes=\"auto, (max-width: 250px) 100vw, 250px\" \/><\/a><\/p>\r\n<p><a href=\"https:\/\/go.ianna.pl\/?p=345\" target=\"_blank\" rel=\"noopener\"><img loading=\"lazy\" decoding=\"async\" class=\"wp-image-224 alignleft\" src=\"http:\/\/go.ianna.pl\/wp-content\/uploads\/2024\/11\/bieszczady_23-300x250.jpg\" alt=\"\" width=\"250\" height=\"208\" srcset=\"https:\/\/go.ianna.pl\/wp-content\/uploads\/2024\/11\/bieszczady_23-300x250.jpg 300w, https:\/\/go.ianna.pl\/wp-content\/uploads\/2024\/11\/bieszczady_23.jpg 599w\" sizes=\"auto, (max-width: 250px) 100vw, 250px\" \/><\/a><\/p>\r\n<p>&nbsp;<\/p>\r\n<p>&nbsp;<\/p>\r\n<p>&nbsp;<\/p>\r\n<p>&nbsp;<\/p>\r\n<p>&nbsp;<\/p>\r\n<p>&nbsp;<\/p>\r\n<hr \/>\r\n<p>&nbsp;<\/p>\r\n<p id=\"korony\" style=\"text-align: center;\"><span style=\"font-size: 20px; font-family: arial, helvetica, sans-serif;\"><strong>Korony Beskid\u00f3w i Pienin<\/strong><\/span><\/p>\r\n<p><span style=\"font-size: 14px;\"><strong>Korona Beskid\u00f3w PL, CZ, SK<\/strong>\u00a0 \u00a0 \u00a0 Polskie Towarzystwo Tatrza\u0144skie wyznacza \u0142\u0105cznie 24 szczyty. Weryfikacja 2023 o\/Bielsko-Bia\u0142a<\/span><\/p>\r\n<p><img loading=\"lazy\" decoding=\"async\" class=\" wp-image-220 alignleft\" src=\"http:\/\/go.ianna.pl\/wp-content\/uploads\/2024\/11\/WKB_PL-300x250.jpg\" alt=\"\" width=\"250\" height=\"208\" srcset=\"https:\/\/go.ianna.pl\/wp-content\/uploads\/2024\/11\/WKB_PL-300x250.jpg 300w, https:\/\/go.ianna.pl\/wp-content\/uploads\/2024\/11\/WKB_PL.jpg 601w\" sizes=\"auto, (max-width: 250px) 100vw, 250px\" \/><\/p>\r\n<p><a href=\"https:\/\/go.ianna.pl\/?p=335\" target=\"_blank\" rel=\"noopener\"><img loading=\"lazy\" decoding=\"async\" class=\" wp-image-142 alignleft\" src=\"http:\/\/go.ianna.pl\/wp-content\/uploads\/2024\/10\/Beskid_SM-300x250.jpg\" alt=\"\" width=\"250\" height=\"208\" srcset=\"https:\/\/go.ianna.pl\/wp-content\/uploads\/2024\/10\/Beskid_SM-300x250.jpg 300w, https:\/\/go.ianna.pl\/wp-content\/uploads\/2024\/10\/Beskid_SM.jpg 601w\" sizes=\"auto, (max-width: 250px) 100vw, 250px\" \/><\/a><\/p>\r\n<p><a href=\"https:\/\/go.ianna.pl\/?p=1483\" target=\"_blank\" rel=\"noopener\"><img loading=\"lazy\" decoding=\"async\" class=\" wp-image-221 alignleft\" src=\"http:\/\/go.ianna.pl\/wp-content\/uploads\/2024\/11\/WKB_SK-300x250.jpg\" alt=\"\" width=\"249\" height=\"208\" srcset=\"https:\/\/go.ianna.pl\/wp-content\/uploads\/2024\/11\/WKB_SK-300x250.jpg 300w, https:\/\/go.ianna.pl\/wp-content\/uploads\/2024\/11\/WKB_SK.jpg 601w\" sizes=\"auto, (max-width: 249px) 100vw, 249px\" \/><\/a><\/p>\r\n<p>&nbsp;<\/p>\r\n<p>&nbsp;<\/p>\r\n<p>&nbsp;<\/p>\r\n<p>&nbsp;<\/p>\r\n<p>&nbsp;<\/p>\r\n<p>&nbsp;<\/p>\r\n<p><a href=\"https:\/\/lh3.googleusercontent.com\/pw\/AP1GczNaDppqFTzYbyfq3mJOmyJsOlSZHmkGlFBibTe_p-Dzfq3m1ZSA4q8tZYTcYNox9Xo7krESconAkUOWyxX3WVfi9jVGCu1ZtiIzJojUODmydk5Mr6NZVfssFLO9sR5pRZPt6NKTnTrKBXx-GKrf-hhv5g=w1305-h923-s-no-gm?authuser=0\"><img loading=\"lazy\" decoding=\"async\" class=\" alignright\" src=\"https:\/\/lh3.googleusercontent.com\/pw\/AP1GczNaDppqFTzYbyfq3mJOmyJsOlSZHmkGlFBibTe_p-Dzfq3m1ZSA4q8tZYTcYNox9Xo7krESconAkUOWyxX3WVfi9jVGCu1ZtiIzJojUODmydk5Mr6NZVfssFLO9sR5pRZPt6NKTnTrKBXx-GKrf-hhv5g=w1305-h923-s-no-gm?authuser=0\" width=\"408\" height=\"289\" \/><\/a><\/p>\r\n<p>&nbsp;<\/p>\r\n<p style=\"text-align: justify;\"><span style=\"font-size: 14px;\"><span style=\"text-align: right;\">Do Wielkiej Korony Beskid\u00f3w pozostaje jeszcze 11 szczyt\u00f3w w Ukrainie. Mo\u017ce chocia\u017c: Pikuj, Sywula, Hoverla, Pop Ivan jeszcze kiedy\u015b?<\/span><\/span><\/p>\r\n<p style=\"padding-left: 40px;\"><img loading=\"lazy\" decoding=\"async\" class=\"alignnone \" src=\"https:\/\/upload.wikimedia.org\/wikipedia\/commons\/1\/1e\/Wkb_ukraina-300x300.jpg\" width=\"160\" height=\"160\" \/><\/p>\r\n<p>&nbsp;<\/p>\r\n<p>_________<\/p>\r\n<p><!-- \/wp:post-content --><!-- \/wp:freeform --><\/p>\r\n<p style=\"padding-left: 120px;\"><!-- wp:table {\"className\":\"is-style-stripes\"} --><\/p>\r\n<figure class=\"wp-block-table is-style-stripes\">\r\n<table class=\"has-fixed-layout\" style=\"height: 1033px;\" width=\"670\">\r\n<tbody>\r\n<tr>\r\n<td>\r\n<p style=\"padding-left: 40px;\"><strong style=\"font-size: 14px;\">Korona Pienin<\/strong><span style=\"font-size: 14px;\">\u00a0 \u00a0 \u00a0 \u00a0 \u00a0 \u00a0 \u00a0 \u00a0 \u00a0 \u00a0<\/span><\/p>\r\n<p style=\"padding-left: 40px;\"><span style=\"font-size: 14px;\"> PTTK Szczawnica\u00a0 \u00a0 \u00a0 \u00a02022\/&#8217;23:<\/span><\/p>\r\n<p style=\"padding-left: 40px;\"><a href=\"https:\/\/go.ianna.pl\/?p=325\" target=\"_blank\" rel=\"noopener\"><img loading=\"lazy\" decoding=\"async\" class=\"size-full wp-image-434 alignleft\" src=\"http:\/\/go.ianna.pl\/wp-content\/uploads\/2024\/11\/png_pieniny.png\" alt=\"\" width=\"180\" height=\"180\" srcset=\"https:\/\/go.ianna.pl\/wp-content\/uploads\/2024\/11\/png_pieniny.png 180w, https:\/\/go.ianna.pl\/wp-content\/uploads\/2024\/11\/png_pieniny-150x150.png 150w\" sizes=\"auto, (max-width: 180px) 100vw, 180px\" \/><\/a><\/p>\r\n<\/td>\r\n<td>\r\n<p style=\"padding-left: 40px;\"><span style=\"font-size: 14px;\"><strong>Ma\u0142a Korona Beskid\u00f3w<\/strong>\u00a0 <\/span><\/p>\r\n<p style=\"padding-left: 40px;\"><span style=\"font-size: 14px;\">PTTK Bielsko-Bia\u0142a\u00a0 \u00a0 \u00a02023\/&#8217;25<\/span><\/p>\r\n<p style=\"padding-left: 40px;\"><a href=\"https:\/\/go.ianna.pl\/?p=1504\" target=\"_blank\" rel=\"noopener\"><img loading=\"lazy\" decoding=\"async\" class=\"wp-image-1654 alignleft\" src=\"http:\/\/go.ianna.pl\/wp-content\/uploads\/2025\/06\/znak_mkb_v3.png\" alt=\"\" width=\"180\" height=\"180\" \/><\/a><\/p>\r\n<p>&nbsp;<\/p>\r\n<\/td>\r\n<\/tr>\r\n<tr>\r\n<td>\r\n<p>&nbsp;<\/p>\r\n<p style=\"padding-left: 40px;\"><strong><span style=\"font-size: 14px;\">Korona Bieszczad\u00f3w<\/span><\/strong><\/p>\r\n<p style=\"padding-left: 40px;\"><span style=\"font-size: 14px;\">PTTK Sanok\u00a0 2019\/ &#8212;<\/span><\/p>\r\n<p style=\"padding-left: 40px;\"><a href=\"https:\/\/go.ianna.pl\/?p=345\" target=\"_blank\" rel=\"noopener\"><img loading=\"lazy\" decoding=\"async\" class=\"alignnone size-full wp-image-1705\" src=\"http:\/\/go.ianna.pl\/wp-content\/uploads\/2025\/06\/png_sanok_180.png\" alt=\"\" width=\"180\" height=\"178\" \/><\/a><\/p>\r\n<\/td>\r\n<td>\r\n<p>&nbsp;<\/p>\r\n<p style=\"padding-left: 40px;\"><strong><span style=\"font-size: 14px;\">Korona Beskidu Niskiego<\/span><\/strong><\/p>\r\n<p style=\"padding-left: 40px;\"><span style=\"font-size: 14px;\">PTTK Jas\u0142o 2023\/ &#8212;<\/span><\/p>\r\n<p style=\"padding-left: 40px;\"><a href=\"https:\/\/go.ianna.pl\/?p=155\" target=\"_blank\" rel=\"noopener\"><img loading=\"lazy\" decoding=\"async\" class=\"size-medium wp-image-1691 alignnone\" src=\"http:\/\/go.ianna.pl\/wp-content\/uploads\/2025\/06\/BN_korona-300x162.png\" alt=\"\" width=\"300\" height=\"162\" srcset=\"https:\/\/go.ianna.pl\/wp-content\/uploads\/2025\/06\/BN_korona-300x162.png 300w, https:\/\/go.ianna.pl\/wp-content\/uploads\/2025\/06\/BN_korona.png 333w\" sizes=\"auto, (max-width: 300px) 100vw, 300px\" \/><\/a><\/p>\r\n<\/td>\r\n<\/tr>\r\n<tr>\r\n<td>\r\n<p>&nbsp;<\/p>\r\n<p style=\"padding-left: 40px;\"><span style=\"font-size: 14px;\"><strong>\u017bywiecka Korona Beskid\u00f3w<\/strong>\u00a0<\/span><\/p>\r\n<p style=\"padding-left: 40px;\"><span style=\"font-size: 14px;\">PTTK \u017bywiec 2024\/&#8217;26<\/span><\/p>\r\n<p style=\"padding-left: 40px;\"><strong><a href=\"https:\/\/go.ianna.pl\/?p=1770\" target=\"_blank\" rel=\"noopener\"><img loading=\"lazy\" decoding=\"async\" class=\"wp-image-1824 alignnone\" src=\"http:\/\/go.ianna.pl\/wp-content\/uploads\/2025\/07\/Zkb_odz.jpg\" alt=\"\" width=\"222\" height=\"149\" \/><\/a><\/strong><\/p>\r\n<\/td>\r\n<td style=\"padding-left: 40px;\">\r\n<p>&nbsp;<\/p>\r\n<p>&nbsp;<\/p>\r\n<p style=\"text-align: left;\"><strong><span style=\"font-size: 14px;\">Korona Gorc\u00f3w<\/span><\/strong><\/p>\r\n<p style=\"text-align: left;\"><span style=\"font-size: 14px;\">projekt \/pb\u00a0\u00a0<\/span><\/p>\r\n<p><a href=\"https:\/\/go.ianna.pl\/?p=2214\" target=\"_blank\" rel=\"noopener\"><img loading=\"lazy\" decoding=\"async\" class=\"wp-image-2212 alignnone\" src=\"http:\/\/go.ianna.pl\/wp-content\/uploads\/2025\/11\/G_luban-300x248.jpg\" alt=\"\" width=\"202\" height=\"167\" srcset=\"https:\/\/go.ianna.pl\/wp-content\/uploads\/2025\/11\/G_luban-300x250.jpg 300w, https:\/\/go.ianna.pl\/wp-content\/uploads\/2025\/11\/G_luban.jpg 479w\" sizes=\"auto, (max-width: 202px) 100vw, 202px\" \/><\/a><\/p>\r\n<p>&nbsp;<\/p>\r\n<\/td>\r\n<\/tr>\r\n<\/tbody>\r\n<\/table>\r\n<\/figure>\r\n<p style=\"padding-left: 120px;\"><!-- \/wp:table -->\r\n\r\n<!-- wp:paragraph --><\/p>\r\n<p>&nbsp;<\/p>\r\n<p style=\"padding-left: 120px;\"><!-- \/wp:paragraph --><\/p>","protected":false},"excerpt":{"rendered":"<p>Projekt obejmowa\u0142 11 pasm g\u00f3rskich. Mia\u0142 uzupe\u0142ni\u0107 wiedz\u0119 i wyznaczy\u0107 cele turystyczne mniej znane z dotychczasowych w\u0119dr\u00f3wek. W trakcie, przy okazji kompletacji najwy\u017cszych szczyt\u00f3w do\u0142\u0105czy\u0142y Beskidy w S\u0142owacji. Po czterech latach eksploracji co\u015b o Beskidach ju\u017c wiem, znam ich r\u00f3\u017cnorodno\u015b\u0107 i odmienno\u015b\u0107. Absolutnym topem dla mnie pozostaje pasmo Babiej G\u00f3ry ale zaraz za Kapry\u015bnic\u0105 sympati\u0119 zabiera M\u00f3j Beskid Ma\u0142y. I niech tak zostanie.\u00a0 2020 &nbsp; [&hellip;]<\/p>\n","protected":false},"author":1,"featured_media":1876,"comment_status":"closed","ping_status":"closed","sticky":false,"template":"","format":"standard","meta":{"footnotes":""},"categories":[17],"tags":[21,20],"class_list":["post-228","post","type-post","status-publish","format-standard","has-post-thumbnail","hentry","category-kar","tag-beskidypieniny","tag-pi"],"_links":{"self":[{"href":"https:\/\/go.ianna.pl\/index.php?rest_route=\/wp\/v2\/posts\/228","targetHints":{"allow":["GET"]}}],"collection":[{"href":"https:\/\/go.ianna.pl\/index.php?rest_route=\/wp\/v2\/posts"}],"about":[{"href":"https:\/\/go.ianna.pl\/index.php?rest_route=\/wp\/v2\/types\/post"}],"author":[{"embeddable":true,"href":"https:\/\/go.ianna.pl\/index.php?rest_route=\/wp\/v2\/users\/1"}],"replies":[{"embeddable":true,"href":"https:\/\/go.ianna.pl\/index.php?rest_route=%2Fwp%2Fv2%2Fcomments&post=228"}],"version-history":[{"count":130,"href":"https:\/\/go.ianna.pl\/index.php?rest_route=\/wp\/v2\/posts\/228\/revisions"}],"predecessor-version":[{"id":2756,"href":"https:\/\/go.ianna.pl\/index.php?rest_route=\/wp\/v2\/posts\/228\/revisions\/2756"}],"wp:featuredmedia":[{"embeddable":true,"href":"https:\/\/go.ianna.pl\/index.php?rest_route=\/wp\/v2\/media\/1876"}],"wp:attachment":[{"href":"https:\/\/go.ianna.pl\/index.php?rest_route=%2Fwp%2Fv2%2Fmedia&parent=228"}],"wp:term":[{"taxonomy":"category","embeddable":true,"href":"https:\/\/go.ianna.pl\/index.php?rest_route=%2Fwp%2Fv2%2Fcategories&post=228"},{"taxonomy":"post_tag","embeddable":true,"href":"https:\/\/go.ianna.pl\/index.php?rest_route=%2Fwp%2Fv2%2Ftags&post=228"}],"curies":[{"name":"wp","href":"https:\/\/api.w.org\/{rel}","templated":true}]}}