{"id":2329,"date":"2026-01-09T22:29:57","date_gmt":"2026-01-09T22:29:57","guid":{"rendered":"https:\/\/go.ianna.pl\/?p=2329"},"modified":"2026-03-12T13:28:22","modified_gmt":"2026-03-12T13:28:22","slug":"rajd-trzech-kroli","status":"publish","type":"post","link":"https:\/\/go.ianna.pl\/?p=2329","title":{"rendered":"Rajd Trzech Kr\u00f3li"},"content":{"rendered":"<p><span style=\"font-size: 14px;\"><strong>\u00a0 \u00a0 \u00a0 \u00a0 \u00a0 Rajd Trzech Kr\u00f3li<\/strong>\u00a0 \u00a0Beskid \u017bywiecki,\u00a0 organizator PTTK Rzesz\u00f3w,\u00a0 <a href=\"https:\/\/photos.app.goo.gl\/6fmk4PeBeWDCsfrm9\" target=\"_blank\" rel=\"noopener\">3-6.01.2026<\/a>.<\/span><\/p>\n<p><span style=\"font-size: 14px;\"><strong>D#1<\/strong>\u00a0 Prze\u0142. Glinne &#8211; Hala Miziowa:\u00a0 \u00a05km \/ +500m<img loading=\"lazy\" decoding=\"async\" class=\" alignright\" src=\"https:\/\/lh3.googleusercontent.com\/pw\/AP1GczMkx3HzP-Prd52SBdixypFTqI36KlgmVm1zqxB8i3iNKwHQUiF2IAOmUzX3SLQHNcbJ8_0tzvmLW8zAEUcXWL6t1K-bgofTuz88wxIeKxRGPqhUajwlcdSAo7klZKJd_lK_p6cNLX166buXR3dgvRz38Q=w1024-h768-s-no-gm?authuser=1\" width=\"300\" height=\"225\" \/><\/span><\/p>\n<p style=\"text-align: justify;\"><span style=\"font-size: 14px;\">Aklimatyzacja do kiepskich warunk\u00f3w \u015bniegowych. Mo\u017cna podchodzi\u0107 na fokach ale zjazdy niemo\u017cliwe. W Korbielowie dzia\u0142aj\u0105 tylko dwa stoki sztucznie na\u015bnie\u017cane.<\/span><\/p>\n<p style=\"text-align: justify;\"><span style=\"font-size: 14px;\"><strong>D#2<\/strong>\u00a0 Hala Miziowa &#8211; Pilsko &#8211; Hala Miziowa &#8211; Trzy Kopce &#8211; Las Z\u0142otnice &#8211; Rysianka:\u00a0 \u00a014km \/ +800m<\/span><\/p>\n<p style=\"text-align: justify;\"><span style=\"font-size: 14px;\">Poranna wyprawa na Pilsko. Jak zazwyczaj: mg\u0142y, polarny wiatr i brak widoczno\u015bci. Ale by\u0142em na nartach &#8211; prawie na szczycie!<\/span><\/p>\n<p><img loading=\"lazy\" decoding=\"async\" class=\"alignleft\" src=\"https:\/\/lh3.googleusercontent.com\/pw\/AP1GczNS83As8XW0_PtBrx4skCJzyDMnlRuFhLdULo8Lr-WXNHKp3NFdfFFu9qL3yTPPnqwKyW6AqPvgDKeeV0A9CafzC2UKj2p1ST37sTPmw-zSRXeFzmRfTr3YMVz7Q49zArlr2pQhJ_w8XlO4rx0b_uis3g=w1024-h700-s-no-gm?authuser=1\" width=\"449\" height=\"307\" \/><\/p>\n<p>&nbsp;<\/p>\n<p>&nbsp;<\/p>\n<p style=\"text-align: justify;\"><span style=\"font-size: 14px;\">Czerwonym szlakiem GSB do Trzech Kopcy i przez Las Z\u0142otnice (szlak niebieski i czarny) do schroniska na Hali Rysianka.<\/span><\/p>\n<p><img loading=\"lazy\" decoding=\"async\" class=\"alignright\" src=\"https:\/\/lh3.googleusercontent.com\/pw\/AP1GczNnyDLZR6Y6jP1ds7lO8hiNlFhzqgyD0Zwwv408SKz_WRrftxQeOTjBAL2Uu9eaX4cRJfx7xIc1mqso2asewJfcqVADz_8sAtzTfNeaqUB5E2zOSpsfaerxWCd-CRNEHCcthVFn5pXcI9Vcc4IXkRSJXg=w1024-h692-s-no-gm?authuser=1\" width=\"300\" height=\"203\" \/><\/p>\n<p>&nbsp;<\/p>\n<p>&nbsp;<\/p>\n<p>&nbsp;<\/p>\n<p>&nbsp;<\/p>\n<p><span style=\"font-size: 14px;\"><strong>D#3\u00a0<\/strong> Rysianka &#8211; Hala Pawlusia &#8211; Hala Lipowska &#8211; Redykalny Wierch &#8211; Hala Boracza\u00a0 9km \/ +200m<\/span><\/p>\n<p>&nbsp;<\/p>\n<p><img loading=\"lazy\" decoding=\"async\" class=\"alignleft\" src=\"https:\/\/lh3.googleusercontent.com\/pw\/AP1GczOFK00ynRvj7-NrSJu2YL8Uq1X5P4kNg78QHE3jfNfkKkG7BUhnm67hwot3Y51iWjuXA9Vyx5mVL17XrX6NEGEedEyEV-jUVq4K0g7gFvYy_veaYwl2DwUBZ7VteJLcnSFP5uwKny_AEnhbt_H5USUyYg=w685-h913-s-no-gm?authuser=1\" width=\"300\" height=\"400\" \/><\/p>\n<p style=\"text-align: justify;\"><span style=\"font-size: 14px;\"><img loading=\"lazy\" decoding=\"async\" class=\" alignright\" src=\"https:\/\/lh3.googleusercontent.com\/pw\/AP1GczO4ffu3KTwTjs_gxSzN7IReuU9RT6T8ZNf0WTGj-NhV4SK0ZU14WkoGoGHdIV50l9aozbN_8WzXzD_gOxYPH9h3RgP9KSx_OmdD0kRdX7g6woespkeiEmMz3AhxWpcVCQAumZ79fK_EIiRjz8274vLjaw=w1024-h768-s-no-gm?authuser=1\" width=\"451\" height=\"338\" \/>Wsch\u00f3d s\u0142o\u0144ca\u00a0 na Rysiance o 7:39 obfotografowany przy temp -17st.C &#8211; no bajka! I bez wiatru!<\/span><\/p>\n<p><img loading=\"lazy\" decoding=\"async\" class=\"alignright\" src=\"https:\/\/lh3.googleusercontent.com\/pw\/AP1GczOeEBwfvMUx0h2p4UiBy2wX6648ZwXpSTtS25URPN9h7U6J95JQJskqj2470DRps6JdojNcWYz7P9R2tip0dneoxLyFkJNylVLoOQw2yRBzwolNb5s2iF3AneDRdD7tcyHtDIWp56bcji-w6EACwR-5uw=w1024-h768-s-no-gm?authuser=1\" width=\"587\" height=\"441\" \/><\/p>\n<p>&nbsp;<\/p>\n<p><span style=\"font-size: 14px;\"><strong>D#4<\/strong>\u00a0 Hala Boracza &#8211; Prus\u00f3w &#8211; Cisiec\u00a0 \u00a08km \/ 200m.<\/span><\/p>\n<p style=\"text-align: justify;\"><span style=\"font-size: 14px;\">Szlak jeszcze nie eksplorowany. Kilka rozleg\u0142ych polan pewnie atrakcyjnych widokowo, ale nie dzisiaj.\u00a0<\/span><\/p>\n<p>_________<\/p>\n<p style=\"text-align: justify;\"><span style=\"font-size: 14px;\">Cztery dni na szlaku 36km \/+1.700m \/ 15h30 aktywnie na nartach. Rajd perfekcyjnie przygotowany a grupa piechur\u00f3w i narciarzy z zapa\u0142em przemierza\u0142a trasy beskidzkie. Warunki \u015bniegowe kiepskie &#8211; zjazdy pokonywa\u0142em na fokach by oszcz\u0119dzi\u0107 \u015blizgi nart. Ale jednocze\u015bnie drzewa w \u015bniegu &#8211; zima jak z obrazk\u00f3w. Humory dopisywa\u0142y, pogoda te\u017c zatem czego chcie\u0107 wi\u0119cej?<\/span><\/p>\n<p><a href=\"https:\/\/lh3.googleusercontent.com\/pw\/AP1GczNMjhPvwx76HdUcIRPLoZwW7QY8X5vGfsbb3Ra2coiYsmh6_hTzDhpJ3E2uYkJn_U5AKpB9iXTPt06lzOFwK9Z5jUW1lWpglCPLT2wZJmXPZfiXVJquZ4fKcducmvWYmVRDm9PJiPD4DDll-_CGk58DDQ=w1024-h463-s-no-gm?authuser=1\" target=\"_blank\" rel=\"noopener\"><img loading=\"lazy\" decoding=\"async\" class=\"alignnone size-medium\" src=\"https:\/\/lh3.googleusercontent.com\/pw\/AP1GczNMjhPvwx76HdUcIRPLoZwW7QY8X5vGfsbb3Ra2coiYsmh6_hTzDhpJ3E2uYkJn_U5AKpB9iXTPt06lzOFwK9Z5jUW1lWpglCPLT2wZJmXPZfiXVJquZ4fKcducmvWYmVRDm9PJiPD4DDll-_CGk58DDQ=w1024-h463-s-no-gm?authuser=1\" width=\"1024\" height=\"463\" \/><\/a><\/p>\n<p><em><span style=\"font-size: 14px;\">fotografie Arek Kopczyk<\/span><\/em><\/p>\n<p><img loading=\"lazy\" decoding=\"async\" class=\"alignnone \" src=\"https:\/\/lh3.googleusercontent.com\/pw\/AP1GczM1HLFfUOk44z2lzqIesgDgLSzS7fGMWqCqyQlseUdqaDMIwm0kjBfysKcza2QsxVDuWAnsuRLAgOUHZTxJ4-WFmb3Up5IgokYXHKFB6KIjXZvBz460-j-hJZaiUEOgzaUYkbmKg13RQinmRR_bhTQRxw=w1024-h513-s-no-gm?authuser=1\" width=\"700\" height=\"351\" \/><\/p>\n<p><img loading=\"lazy\" decoding=\"async\" class=\"alignright\" src=\"https:\/\/lh3.googleusercontent.com\/pw\/AP1GczN8Fsw3IJbCFlcHdvXzYwlz29gWUdg2a4q6vkhbg70p5hExlcVT2pQ-gIq5CrPB-VjahF8u8QTPoBS4EwbGv_6Vddwp-Wj14jek9tKR8HF853DdCVChmEu7PgUFUcZhFxY_ZVBjzt4xp9ibxTPMcBKO8g=w1024-h577-s-no-gm?authuser=1\" width=\"700\" height=\"394\" \/><\/p>\n<p>&nbsp;<\/p>\n<p>&nbsp;<\/p>\n<p>&nbsp;<\/p>\n<p>&nbsp;<\/p>\n<p>&nbsp;<\/p>\n<p>&nbsp;<\/p>\n<p>&nbsp;<\/p>\n<p>&nbsp;<\/p>\n<p>&nbsp;<\/p>\n<p>&nbsp;<\/p>\n<p>&nbsp;<\/p>\n<p><img loading=\"lazy\" decoding=\"async\" class=\"alignnone \" src=\"https:\/\/lh3.googleusercontent.com\/pw\/AP1GczMgu6qgnm8YHFWX7gQb02ZwqJXr2G0kYQ2vW-9CBPBL7zGBhZDGqGUIEG7Np5Q8C7jG2tE59cg3OlMCYeDF5k7YgwLTZGZj5ODUltxsptoww164TsKh50-_LiztrzdRkq3oYdm9m47djDPkvEcQQTtJdQ=w1024-h793-s-no-gm?authuser=1\" width=\"699\" height=\"542\" \/><\/p>\n<p><img loading=\"lazy\" decoding=\"async\" class=\" alignright\" src=\"https:\/\/lh3.googleusercontent.com\/pw\/AP1GczNKw97ttxHSlQ4_N2SS5JBl9PMNWO54b9LBtdybdrv4RGGNliyc2M6dF0dXeiEFsxUygm5DqBi4F68J07dJOz1hWUyOD0s4D4F-V9Qr7yZK48cmRJ9GSMeYci0DtIzUXBjk81GIcUgiyuBUGwVnpow5Wg=w965-h913-s-no-gm?authuser=1\" width=\"702\" height=\"664\" \/><\/p>\n","protected":false},"excerpt":{"rendered":"<p>\u00a0 \u00a0 \u00a0 \u00a0 \u00a0 Rajd Trzech Kr\u00f3li\u00a0 \u00a0Beskid \u017bywiecki,\u00a0 organizator PTTK Rzesz\u00f3w,\u00a0 3-6.01.2026. D#1\u00a0 Prze\u0142. Glinne &#8211; Hala Miziowa:\u00a0 \u00a05km \/ +500m Aklimatyzacja do kiepskich warunk\u00f3w \u015bniegowych. Mo\u017cna podchodzi\u0107 na fokach ale zjazdy niemo\u017cliwe. W Korbielowie dzia\u0142aj\u0105 tylko dwa stoki sztucznie na\u015bnie\u017cane. D#2\u00a0 Hala Miziowa &#8211; Pilsko &#8211; Hala Miziowa &#8211; Trzy Kopce &#8211; Las Z\u0142otnice &#8211; Rysianka:\u00a0 \u00a014km \/ +800m Poranna wyprawa na [&hellip;]<\/p>\n","protected":false},"author":1,"featured_media":121,"comment_status":"closed","ping_status":"closed","sticky":false,"template":"","format":"standard","meta":{"footnotes":""},"categories":[18],"tags":[14],"class_list":["post-2329","post","type-post","status-publish","format-standard","has-post-thumbnail","hentry","category-narty","tag-bz"],"_links":{"self":[{"href":"https:\/\/go.ianna.pl\/index.php?rest_route=\/wp\/v2\/posts\/2329","targetHints":{"allow":["GET"]}}],"collection":[{"href":"https:\/\/go.ianna.pl\/index.php?rest_route=\/wp\/v2\/posts"}],"about":[{"href":"https:\/\/go.ianna.pl\/index.php?rest_route=\/wp\/v2\/types\/post"}],"author":[{"embeddable":true,"href":"https:\/\/go.ianna.pl\/index.php?rest_route=\/wp\/v2\/users\/1"}],"replies":[{"embeddable":true,"href":"https:\/\/go.ianna.pl\/index.php?rest_route=%2Fwp%2Fv2%2Fcomments&post=2329"}],"version-history":[{"count":31,"href":"https:\/\/go.ianna.pl\/index.php?rest_route=\/wp\/v2\/posts\/2329\/revisions"}],"predecessor-version":[{"id":2615,"href":"https:\/\/go.ianna.pl\/index.php?rest_route=\/wp\/v2\/posts\/2329\/revisions\/2615"}],"wp:featuredmedia":[{"embeddable":true,"href":"https:\/\/go.ianna.pl\/index.php?rest_route=\/wp\/v2\/media\/121"}],"wp:attachment":[{"href":"https:\/\/go.ianna.pl\/index.php?rest_route=%2Fwp%2Fv2%2Fmedia&parent=2329"}],"wp:term":[{"taxonomy":"category","embeddable":true,"href":"https:\/\/go.ianna.pl\/index.php?rest_route=%2Fwp%2Fv2%2Fcategories&post=2329"},{"taxonomy":"post_tag","embeddable":true,"href":"https:\/\/go.ianna.pl\/index.php?rest_route=%2Fwp%2Fv2%2Ftags&post=2329"}],"curies":[{"name":"wp","href":"https:\/\/api.w.org\/{rel}","templated":true}]}}