{"id":2510,"date":"2025-12-08T19:02:50","date_gmt":"2025-12-08T19:02:50","guid":{"rendered":"https:\/\/go.ianna.pl\/?p=2510"},"modified":"2026-03-08T15:37:36","modified_gmt":"2026-03-08T15:37:36","slug":"krakoskie-dygresje","status":"publish","type":"post","link":"https:\/\/go.ianna.pl\/?p=2510","title":{"rendered":"Krakoskie dygresje"},"content":{"rendered":"<p>&nbsp;<\/p>\n<p><span style=\"font-size: 14px;\">marzec &#8217;26: <a href=\"https:\/\/photos.app.goo.gl\/XjhcQ3HdubvqdPw56\" target=\"_blank\" rel=\"noopener\"><strong>Galeria Malarstwa Polskiego<\/strong>, Sukiennice<\/a><\/span><\/p>\n<p><img loading=\"lazy\" decoding=\"async\" class=\"alignnone \" src=\"https:\/\/lh3.googleusercontent.com\/pw\/AP1GczMgcz0QNR-h6OdjXP28DZAr-PpllRv-GI4W45Ttk4vy0VRKOvskMt8qjuYf9ViQ49dbb8os1ANnUoivchziT4L8vAbWnRWXVliv4oYn-rOuclQC3ddmR4nffzyoO8_3LEge5nZNiXbxb_iBY1Y3sqMkoQ=w685-h913-s-no-gm?authuser=1\" width=\"400\" height=\"533\" \/><\/p>\n<p><span style=\"font-size: 14px;\">grudzie\u0144 &#8217;25: Muzeum In\u017cynierii i Techniki:\u00a0 \u00a0 \u00a0<strong>\u00a0<a href=\"https:\/\/photos.app.goo.gl\/JucLDEEtTRppzbC87\" target=\"_blank\" rel=\"noopener\">Miasto. Technoczu\u0142o\u015b\u0107<\/a><\/strong><\/span><\/p>\n<p><img loading=\"lazy\" decoding=\"async\" class=\"alignnone \" src=\"https:\/\/lh3.googleusercontent.com\/pw\/AP1GczN0znraGneGy5C3Up167YGz0eGcKpH7W7bl5gFIc8HL4dqcxeofyLXoVxtgO16nccSqQhCqprRie91t2QvOr8ROwrHjlYyHY1FvIphe1tH-gtrLqKDIERyKYmY2RMMmefSmSXva2Mp0Lvxvb1_v6jQpFg=w1024-h768-s-no-gm?authuser=1\" width=\"500\" height=\"375\" \/><\/p>\n<p><span style=\"font-size: 14px;\">pa\u017adziernik &#8217;25 MNK &#8211; <strong><a href=\"https:\/\/photos.app.goo.gl\/cFDrn3Fh2dmS6Y3F7\" target=\"_blank\" rel=\"noopener\">Olga Bozna\u0144ska Kameralnie, J\u00f3zef Che\u0142mo\u0144ski<\/a><\/strong><\/span><\/p>\n<p><img loading=\"lazy\" decoding=\"async\" class=\"alignnone \" src=\"https:\/\/lh3.googleusercontent.com\/pw\/AP1GczO3_zjrFRP-V8DoeVqtLDzh9qae4PWfb8ROTA9pSHvmW2tEW-5TEm81rWYAWPVJw9o9LexsH_PcLA2kg_KnltP2qm_VxkQ2dNqMvEgcwDL9yMmVZv7hBhhGc92Z8C6K_Q_D6CZ7dculErJY6a9eukdajw=w771-h913-s-no-gm?authuser=1\" width=\"347\" height=\"410\" \/><img loading=\"lazy\" decoding=\"async\" class=\"alignnone \" src=\"https:\/\/lh3.googleusercontent.com\/pw\/AP1GczPLhAi0Jjs8RG2KFSeuAIPJENSwACsMUHWVBHM5t9NXVFaodcDPBrTZ_MKrvTYHZKpkf4wZvjgnZW41YvO75CiHwNDGkCXah1UB05Fv8r52OOk7aOofQYoWBgLyoJogrg_hj6vKCjTdOQFpJMHGoHqCzQ=w608-h913-s-no-gm?authuser=1\" width=\"273\" height=\"410\" \/><\/p>\n<p><span style=\"font-size: 14px;\">wrzesie\u0144 &#8217;25: MNK <a href=\"https:\/\/photos.app.goo.gl\/cFDrn3Fh2dmS6Y3F7\" target=\"_blank\" rel=\"noopener\"><strong>Muzeum Ksi\u0105\u017c\u0105t Czartoryskich<\/strong><\/a><\/span><\/p>\n<p><img loading=\"lazy\" decoding=\"async\" class=\"alignnone \" src=\"https:\/\/lh3.googleusercontent.com\/pw\/AP1GczM8cb6xncJcVAejxVsEcD7vRBV-z_8jX5LUg8_XNAw-gJqf2VllzqfiHu9tCyAJapqLrH-v0If5cX4m3oOkP5GZQPfa8XW3vrK8huIQTyICRHNeWv2bNYKCesMlxKDGVecdX7tpleLGdnKWSC_SiUpdpA=w731-h913-s-no-gm?authuser=1\" width=\"400\" height=\"499\" \/><\/p>\n<p>&nbsp;<\/p>\n","protected":false},"excerpt":{"rendered":"<p>&nbsp; marzec &#8217;26: Galeria Malarstwa Polskiego, Sukiennice grudzie\u0144 &#8217;25: Muzeum In\u017cynierii i Techniki:\u00a0 \u00a0 \u00a0\u00a0Miasto. Technoczu\u0142o\u015b\u0107 pa\u017adziernik &#8217;25 MNK &#8211; Olga Bozna\u0144ska Kameralnie, J\u00f3zef Che\u0142mo\u0144ski wrzesie\u0144 &#8217;25: MNK Muzeum Ksi\u0105\u017c\u0105t Czartoryskich &nbsp;<\/p>\n","protected":false},"author":1,"featured_media":2519,"comment_status":"closed","ping_status":"closed","sticky":false,"template":"","format":"standard","meta":{"footnotes":""},"categories":[22],"tags":[],"class_list":["post-2510","post","type-post","status-publish","format-standard","has-post-thumbnail","hentry","category-pg"],"_links":{"self":[{"href":"https:\/\/go.ianna.pl\/index.php?rest_route=\/wp\/v2\/posts\/2510","targetHints":{"allow":["GET"]}}],"collection":[{"href":"https:\/\/go.ianna.pl\/index.php?rest_route=\/wp\/v2\/posts"}],"about":[{"href":"https:\/\/go.ianna.pl\/index.php?rest_route=\/wp\/v2\/types\/post"}],"author":[{"embeddable":true,"href":"https:\/\/go.ianna.pl\/index.php?rest_route=\/wp\/v2\/users\/1"}],"replies":[{"embeddable":true,"href":"https:\/\/go.ianna.pl\/index.php?rest_route=%2Fwp%2Fv2%2Fcomments&post=2510"}],"version-history":[{"count":7,"href":"https:\/\/go.ianna.pl\/index.php?rest_route=\/wp\/v2\/posts\/2510\/revisions"}],"predecessor-version":[{"id":2561,"href":"https:\/\/go.ianna.pl\/index.php?rest_route=\/wp\/v2\/posts\/2510\/revisions\/2561"}],"wp:featuredmedia":[{"embeddable":true,"href":"https:\/\/go.ianna.pl\/index.php?rest_route=\/wp\/v2\/media\/2519"}],"wp:attachment":[{"href":"https:\/\/go.ianna.pl\/index.php?rest_route=%2Fwp%2Fv2%2Fmedia&parent=2510"}],"wp:term":[{"taxonomy":"category","embeddable":true,"href":"https:\/\/go.ianna.pl\/index.php?rest_route=%2Fwp%2Fv2%2Fcategories&post=2510"},{"taxonomy":"post_tag","embeddable":true,"href":"https:\/\/go.ianna.pl\/index.php?rest_route=%2Fwp%2Fv2%2Ftags&post=2510"}],"curies":[{"name":"wp","href":"https:\/\/api.w.org\/{rel}","templated":true}]}}