{"id":2523,"date":"2026-02-27T22:57:46","date_gmt":"2026-02-27T22:57:46","guid":{"rendered":"https:\/\/go.ianna.pl\/?p=2523"},"modified":"2026-04-24T08:52:47","modified_gmt":"2026-04-24T08:52:47","slug":"ski-turbacz-2026","status":"publish","type":"post","link":"https:\/\/go.ianna.pl\/?p=2523","title":{"rendered":"Ski &#8211; Turbacz 2026"},"content":{"rendered":"<p><span style=\"font-size: 14px;\"><strong>T<a href=\"https:\/\/photos.app.goo.gl\/k2GcdQtgPWCwVhNf8\" target=\"_blank\" rel=\"noopener\"><img loading=\"lazy\" decoding=\"async\" class=\"wp-image-70 alignright\" src=\"http:\/\/go.ianna.pl\/wp-content\/uploads\/2024\/08\/foto.jpg\" alt=\"\" width=\"50\" height=\"37\" \/><\/a>urbacz<\/strong>\u00a0 \u00a024-27_02_2026. Cztery dni turowania w Gorcach. Powr\u00f3t po trzech latach do lubianego schroniska, tym razem jako bazy do czterodniowych wycieczek. Chyba ostatni w tym sezonie atak \u015bnie\u017cnej zimy &#8211; plany wykonane!<\/span><\/p>\n<p>&nbsp;<\/p>\n<p style=\"padding-left: 40px;\"><span style=\"font-size: 14px;\"><strong>D#1<\/strong>\u00a0 Rabka\u00a0 &#8211; Maciejowa &#8211; Stare Wierchy -Turbacz schr:\u00a0 15km \/ + 850m.<\/span><\/p>\n<p style=\"padding-left: 40px;\"><span style=\"font-size: 14px;\">Turbacz schr. &#8211; Turbacz szczyt &#8211; Jaworzyna Obidowska &#8211; Turbacz schr: 4km \/ +150m<\/span><\/p>\n<p><img loading=\"lazy\" decoding=\"async\" class=\"alignleft\" src=\"https:\/\/lh3.googleusercontent.com\/pw\/AP1GczP_fEAJSx4w5ZXMz9Wm6-eGitgNipxOyzc3v5GS2JrclI_4i1yQip0O4iLADaWj70e60ME84NxaPIpS8PHfmHtfl8OmGXN5sAuqUsq1hSeVdcj_Kx0arFb_arszRtB1PUky598-XL_FWIlipgJxLlWyPw=w713-h913-s-no-gm?authuser=1\" width=\"360\" height=\"461\" \/><\/p>\n<p><img loading=\"lazy\" decoding=\"async\" class=\"alignright\" src=\"https:\/\/lh3.googleusercontent.com\/pw\/AP1GczPSPgGclqVDZLAXNfC4TKqWzaGgbGmDHrDOUvnif5Mw2snHhamAJMMaFbtTvA8HSP3fVdfCcF4SOU0Nw7ee8oHaALvr1RjBpPH-pAMPu6Vj5_lMB4i8gmaR8g6TX7S3LvicOiIqV45MBS-KNabRpzvcrw=w1024-h768-s-no-gm?authuser=1\" width=\"400\" height=\"300\" \/><\/p>\n<p>&nbsp;<\/p>\n<p>&nbsp;<\/p>\n<p>&nbsp;<\/p>\n<p>&nbsp;<\/p>\n<p>&nbsp;<\/p>\n<p>&nbsp;<\/p>\n<p>&nbsp;<\/p>\n<p>&nbsp;<\/p>\n<p><img loading=\"lazy\" decoding=\"async\" class=\" alignright\" src=\"https:\/\/lh3.googleusercontent.com\/pw\/AP1GczNKGNAUgzoJyR9zwT5paQ6E2tL2303b5hvRRqzcI3AnqyFwFgCm2F8tGfg2hayvZODwryMq2b2wex9KQdF1WUj992IayEKfH8f7SwTUfFf8Z2cct-MMIWyGkCINzmcvE992rGCRpU7IZFvlCtVh5quAjA=w1024-h768-s-no-gm?authuser=1\" width=\"400\" height=\"300\" \/><\/p>\n<p>&nbsp;<\/p>\n<p>&nbsp;<\/p>\n<p>&nbsp;<\/p>\n<p>&nbsp;<\/p>\n<p style=\"text-align: justify;\"><span style=\"font-size: 14px;\">Turowanie schroniskami: Maciejowa, Stare Wierchy, Turbacz. Od Maciejowej pi\u0119kna zima po wcze\u015bniejszych opadach \u015bniegu. Kawa\u0142ek GSB przypomniany. Po kr\u00f3tkim odpoczynku w schronisku pod Turbaczem jeszcze jedna tura na szczyt i polan\u0119 Jaworzyna Obidowska w poszukiwaniu harcerskiej chaty Bene.<\/span><\/p>\n<p><img loading=\"lazy\" decoding=\"async\" class=\"alignleft\" src=\"https:\/\/lh3.googleusercontent.com\/pw\/AP1GczNp4Yqrav_uoHRSRM5Vy0V_506_gO6kZjeB0EVDdhJgJf027kQm1RdR1i4mtQW9ZmQ12fXM9gjmG25cybKACwlu5GJ-NTm6TT7NharRAsI0WoVAt0NOajuulupY2qfdNfLZIqij9fsjFMpcbDoZ5-j1ZQ=w685-h913-s-no-gm?authuser=1\" width=\"290\" height=\"387\" \/><\/p>\n<p>&nbsp;<\/p>\n<p>&nbsp;<\/p>\n<p><img loading=\"lazy\" decoding=\"async\" class=\"alignright\" src=\"https:\/\/lh3.googleusercontent.com\/pw\/AP1GczNO7ytpeVaS_OYYB_r37Kcmj4CvdDV1eohXskTLXxjmFKF8_Ihvr6-WEGQb_5YPTbSRvbJsZ_x9k_FN_ET2_ILhv6BiNxls4LC8iVO3ApvnPKjM9XOOpFjSOOCvizwwLlN3sCnvD-mPZb8ap1VikMQURg=w1024-h768-s-no-gm?authuser=1\" width=\"402\" height=\"302\" \/><\/p>\n<p>&nbsp;<\/p>\n<p>&nbsp;<\/p>\n<p>&nbsp;<\/p>\n<p>&nbsp;<\/p>\n<p>&nbsp;<\/p>\n<p>&nbsp;<\/p>\n<p>&nbsp;<\/p>\n<p>&nbsp;<\/p>\n<p>&nbsp;<\/p>\n<p style=\"padding-left: 40px;\"><span style=\"font-size: 14px;\"><strong>D#2<\/strong> Turbacz schr. &#8211; Rozdziele &#8211; Trasa Olimpijczyk\u00f3w_wariant #2 &#8211; Obidowa: 8km \/ +100m.<\/span><\/p>\n<p style=\"padding-left: 40px;\"><span style=\"font-size: 14px;\">Obidowa &#8211; Trasa Olimpijczyk\u00f3w_wariant #1 &#8211; Turbacz szczyt &#8211; Turbacz schr: 11km \/ +600m.\u00a0<\/span><\/p>\n<p style=\"text-align: justify;\"><span style=\"font-size: 14px;\">Od prze\u0142\u0119czy Rozdziele dobry zjazd do doliny potoku Obidowiec wariantem #2. Trasa przejazdu ratrak\u00f3w, zjazd chwilami ostry ale miejsca a\u017c nadto. W Obidowej\u00a0 wypo\u017cyczalnie sprz\u0119tu biegowego, parkingi. Wst\u0119p na tras\u0119 p\u0142atny. Szlak wariant #1 dolin\u0105 Lepietnicy starannie utrzymany cieszy si\u0119 sporym zainteresowaniem i dobrze!<\/span><\/p>\n<p><img loading=\"lazy\" decoding=\"async\" class=\"alignnone \" src=\"https:\/\/lh3.googleusercontent.com\/pw\/AP1GczPCOZArw5RRmq_4PVq0kPCDtxhTvnZYODo55sil5jMwamMh1gl7fOU7t4L8Plcrk3YPIU41CaVV88hohrUJHTICEx5Zm8y9-YpPDtoM_HNOKFJ7K2ZB4eHaXbYuaD3UVKH5-VEamCBo6FLD4seks2b3UA=w775-h913-s-no-gm?authuser=1\" width=\"283\" height=\"333\" \/><img loading=\"lazy\" decoding=\"async\" class=\"alignnone \" src=\"https:\/\/lh3.googleusercontent.com\/pw\/AP1GczMIP8DViRXT-J7m9X9JeUxSpoTFD3s7IfJCYGXWk7-unuGfwiwLRXAzV-JuKgOArt4yEdFwGMqX8mMgXVjbOsw-U4WmNVf8ru3gr1oH1kFlk6xYmziRHRVY2nTKc5BeFPa65Dc0hkHrn7fnnETf_OQ06Q=w1024-h769-s-no-gm?authuser=1\" width=\"443\" height=\"333\" \/><\/p>\n<p>&nbsp;<\/p>\n<p style=\"padding-left: 40px;\"><span style=\"font-size: 14px;\"><strong>D#3<\/strong>\u00a0 Turbacz schr. &#8211; Koliba na \u0141apsowej Polanie &#8211; Turbacz schr:\u00a0 16km \/ +500m<\/span><\/p>\n<p style=\"padding-left: 40px;\"><span style=\"font-size: 14px;\">Turbacz schr.- Jaworzyna Kamienicka &#8211; Turbacz schr: 8km \/ +200m<\/span><\/p>\n<p style=\"text-align: justify;\"><span style=\"font-size: 14px;\">Pogodowy prezent ju\u017c od kilku dni zapowiadany. Wy\u017c dotar\u0142, co prawda po mro\u017anej nocy nasta\u0142a odwil\u017c ale 10h s\u0142o\u0144ca bezcenne!<\/span><\/p>\n<p><img loading=\"lazy\" decoding=\"async\" class=\"alignnone size-medium\" src=\"https:\/\/lh3.googleusercontent.com\/pw\/AP1GczOVNMYSq1q_2ezD6ebve4lbWEv7yu0hpz8iChrwOaT00jwamA3_wWYlKuG2lt5GCSHPTqN2qdkzILx_gM0R9BUHqR4QeSd7em3CLiddGVGqL-gAFoPM3kXMKykUnLqYI_CN4GpNhhPLxjN11hPAVVYgAw=w1024-h768-s-no-gm?authuser=1\" width=\"1024\" height=\"768\" \/><\/p>\n<p><img loading=\"lazy\" decoding=\"async\" class=\"alignleft\" src=\"https:\/\/lh3.googleusercontent.com\/pw\/AP1GczOgJfawkRnSV_Hjs0yYBc8d04-HSc20bH4T4bBeS9zPq9NhldQJkVWmj7hqlOrsQSf-r3Bt3iPEkikHP0bcUWTmNlW5NQvsFZS_BdNA-3UE5D8LHupmSZkBQ3hmtk5H_9nvDBTU-AEAhnk-UchpSCKEzQ=w685-h913-s-no-gm?authuser=1\" width=\"266\" height=\"355\" \/><\/p>\n<p><img loading=\"lazy\" decoding=\"async\" class=\"alignright\" src=\"https:\/\/lh3.googleusercontent.com\/pw\/AP1GczNDNcgyatiUsx56OkgUf_piko-dFZQAZVxzsXnIfAoJr3ELUOb61LLFwh7njMyUo6PhfO74ldmmDcAjPXfQybFthz8Kz_5c1bvEM-5zBIhrlX2_8tphJ186NmATgzvEBTbtAY9jJlqTyS0aNwqTvouMLA=w1024-h768-s-no-gm?authuser=1\" width=\"473\" height=\"355\" \/><\/p>\n<p>&nbsp;<\/p>\n<p>&nbsp;<\/p>\n<p>&nbsp;<\/p>\n<p>&nbsp;<\/p>\n<p>&nbsp;<\/p>\n<p>&nbsp;<\/p>\n<p>&nbsp;<\/p>\n<p>&nbsp;<\/p>\n<p>&nbsp;<\/p>\n<p>&nbsp;<\/p>\n<p style=\"text-align: justify;\"><span style=\"font-size: 14px;\">A po obiedzie obowi\u0105zkowa focia na tle Tatr. Trzeba by\u0142o uciec od schroniskowego harmideru turowaniem\u00a0 do kapliczki Bulandy na polanie Jaworzyny Kamienickiej z pi\u0119kn\u0105 perspektyw\u0105 na Gorc.<\/span><\/p>\n<p><img loading=\"lazy\" decoding=\"async\" class=\"alignnone \" src=\"https:\/\/lh3.googleusercontent.com\/pw\/AP1GczPmAxbkfbIXUN-M5YBOL9l48Nd6OHm8JwkHHneWNyu1d21gbtAor2GeMUxnV1SOYRX3H9sdTtS1t0GNWX81b_LeP4q1VsWxO3XgNd5rwXCrKI-n_ISy9FqctbWd_EZM09oB1M3GPs5m4Pb1SJEEFeYPYQ=w1024-h768-s-no-gm?authuser=1\" width=\"376\" height=\"282\" \/><img loading=\"lazy\" decoding=\"async\" class=\"alignnone \" src=\"https:\/\/lh3.googleusercontent.com\/pw\/AP1GczO36-1ZDDAEMKVlrP1uOtJiNzUzHDo6DTD6syoI750PTk44NtjvXhBle1_tAxy7uHbM22cV95njycCdfGMjWMKM0k4k9_NaPr02HJYjdPlOdQpfqTwRzMg1WKT4dA4aBq51U1nkP8oQ2QyrXh60_sqltg=w1024-h768-s-no-gm?authuser=1\" width=\"375\" height=\"282\" \/><\/p>\n<p>&nbsp;<\/p>\n<p style=\"padding-left: 40px;\"><span style=\"font-size: 14px;\"><strong>D#4<\/strong>\u00a0 Turbacz schr.- Obidowiec &#8211; Stare Wierchy &#8211; Ku\u0142akowy Wierch &#8211; Rdzawka: 12km \/ +150 m<\/span><\/p>\n<p style=\"text-align: justify;\"><span style=\"font-size: 14px;\">Trzeba wraca\u0107. Troch\u0119 \u017cal opuszcza\u0107 s\u0142oneczny Turbacz i zawsze ch\u0119tnie eksplorowane Gorce. Ale widzimy si\u0119!<\/span><\/p>\n<p><img loading=\"lazy\" decoding=\"async\" class=\"alignleft\" src=\"https:\/\/lh3.googleusercontent.com\/pw\/AP1GczN-2mBrEWs2HvxNgCDses-eLrrS43jrBdt0pXaBeLwfnT3vQ91gaw26eje2x4rDHyQv5A5FD8bKYBzow3UZAi_R1vouRteNDAnzm-0GUeTect__D2eftrwS1Dk7d0HIA1N8exTYO4omJiGKdjiFYOJGMA=w1024-h768-s-no-gm?authuser=1\" width=\"374\" height=\"281\" \/><\/p>\n<p><img loading=\"lazy\" decoding=\"async\" class=\"alignright\" src=\"https:\/\/lh3.googleusercontent.com\/pw\/AP1GczNnbtBLJFjc7vaZvGPkWVhP-t4U73GkFbBzxMzypyxxMvyAnzk2_KFHKJxd5cSIs0Cd9PPu9YBn7evZQ6QIcBukv5fY6UhyyxVBG5zVKEuOAIlMxP9nTXWDiGH_4PQmuJEzZNMFKDG2nzZaKxMabt1D4g=w1024-h768-s-no-gm?authuser=1\" width=\"372\" height=\"279\" \/><\/p>\n<p><img loading=\"lazy\" decoding=\"async\" class=\"alignnone size-medium\" src=\"https:\/\/lh3.googleusercontent.com\/pw\/AP1GczMOI7V7E4E6blU4z_uzJQkOLK5FlD_xr93yYsRBV4fh1dVD_I-rBJzdcloMOqGGj5FEgskceRXwJlQhw3tvU-npX9ecYd8cR0fxWKVJRlyNVxoRlPCMnRzvwjHpVYsfIedLemxyhHfQuibhvlY3nqfkmA=w1024-h569-s-no-gm?authuser=1\" width=\"1024\" height=\"569\" \/><\/p>\n<p style=\"text-align: justify;\"><span style=\"font-size: 14px;\">PS: Liczy\u0142em na zimowe wej\u015bcie na Babi\u0105 ale BgPN nie zdecydowa\u0142 si\u0119 na otwarcie szlaku skiturowego. Ma\u0142o \u015bniegu. Pozosta\u0142o zrobi\u0107 fotk\u0119 i mie\u0107 nadziej\u0119, \u017ce uda si\u0119 w przysz\u0142ym sezonie.<\/span><\/p>\n<p>&nbsp;<\/p>\n<p>&nbsp;<\/p>\n<p><img loading=\"lazy\" decoding=\"async\" class=\"alignnone size-medium\" src=\"https:\/\/lh3.googleusercontent.com\/pw\/AP1GczNBWEj6MbfMgrcGCdSIFDB9RRNmaW0c7FgQjrfBZFAqJzrBN_TRMUpA7ztqA_hPYNVuV3c8co0xQyk4zprQEJ6jF3kwiIuMhZfHENRZMzdH8l8eXmH-se3or92gn6hAye3BwS5OWsG1253B3sZd3eDujQ=w1024-h616-s-no-gm?authuser=1\" width=\"1024\" height=\"616\" \/><\/p>\n<p>&nbsp;<\/p>\n","protected":false},"excerpt":{"rendered":"<p>Turbacz\u00a0 \u00a024-27_02_2026. Cztery dni turowania w Gorcach. Powr\u00f3t po trzech latach do lubianego schroniska, tym razem jako bazy do czterodniowych wycieczek. Chyba ostatni w tym sezonie atak \u015bnie\u017cnej zimy &#8211; plany wykonane! &nbsp; D#1\u00a0 Rabka\u00a0 &#8211; Maciejowa &#8211; Stare Wierchy -Turbacz schr:\u00a0 15km \/ + 850m. Turbacz schr. &#8211; Turbacz szczyt &#8211; Jaworzyna Obidowska &#8211; Turbacz schr: 4km \/ +150m &nbsp; &nbsp; &nbsp; &nbsp; &nbsp; [&hellip;]<\/p>\n","protected":false},"author":1,"featured_media":121,"comment_status":"closed","ping_status":"closed","sticky":false,"template":"","format":"standard","meta":{"footnotes":""},"categories":[18],"tags":[16],"class_list":["post-2523","post","type-post","status-publish","format-standard","has-post-thumbnail","hentry","category-narty","tag-go"],"_links":{"self":[{"href":"https:\/\/go.ianna.pl\/index.php?rest_route=\/wp\/v2\/posts\/2523","targetHints":{"allow":["GET"]}}],"collection":[{"href":"https:\/\/go.ianna.pl\/index.php?rest_route=\/wp\/v2\/posts"}],"about":[{"href":"https:\/\/go.ianna.pl\/index.php?rest_route=\/wp\/v2\/types\/post"}],"author":[{"embeddable":true,"href":"https:\/\/go.ianna.pl\/index.php?rest_route=\/wp\/v2\/users\/1"}],"replies":[{"embeddable":true,"href":"https:\/\/go.ianna.pl\/index.php?rest_route=%2Fwp%2Fv2%2Fcomments&post=2523"}],"version-history":[{"count":28,"href":"https:\/\/go.ianna.pl\/index.php?rest_route=\/wp\/v2\/posts\/2523\/revisions"}],"predecessor-version":[{"id":2758,"href":"https:\/\/go.ianna.pl\/index.php?rest_route=\/wp\/v2\/posts\/2523\/revisions\/2758"}],"wp:featuredmedia":[{"embeddable":true,"href":"https:\/\/go.ianna.pl\/index.php?rest_route=\/wp\/v2\/media\/121"}],"wp:attachment":[{"href":"https:\/\/go.ianna.pl\/index.php?rest_route=%2Fwp%2Fv2%2Fmedia&parent=2523"}],"wp:term":[{"taxonomy":"category","embeddable":true,"href":"https:\/\/go.ianna.pl\/index.php?rest_route=%2Fwp%2Fv2%2Fcategories&post=2523"},{"taxonomy":"post_tag","embeddable":true,"href":"https:\/\/go.ianna.pl\/index.php?rest_route=%2Fwp%2Fv2%2Ftags&post=2523"}],"curies":[{"name":"wp","href":"https:\/\/api.w.org\/{rel}","templated":true}]}}