{"id":2567,"date":"2026-03-17T05:21:56","date_gmt":"2026-03-17T05:21:56","guid":{"rendered":"https:\/\/go.ianna.pl\/?p=2567"},"modified":"2026-03-26T07:32:00","modified_gmt":"2026-03-26T07:32:00","slug":"ski-tatry-2026","status":"publish","type":"post","link":"https:\/\/go.ianna.pl\/?p=2567","title":{"rendered":"Ski &#8211; Tatry 2026"},"content":{"rendered":"<p style=\"text-align: justify;\"><span style=\"font-size: 14px;\"><strong>Kasprowy, Kopa Kondracka<\/strong>\u00a0 14-17_03_2026. Ostatnia wizyta w Tatrach w 2019 &#8211; czas by\u0142 najwy\u017cszy sprawdzi\u0107 co nowego i czy kondycyjnie jeszcze jest o czym\u015b my\u015ble\u0107. Tatry stoj\u0105 jak sta\u0142y, Ku\u017anice przebudowane i odnowione schronisko na Hali Kondratowej. A kondycja? No c\u00f3\u017c, braki tej\u017ce s\u0105 w Tatrach bole\u015bnie weryfikowane ale przy takiej pogodzie i wyd\u0142u\u017conym czasie w\u0119dr\u00f3wki daj\u0119 jeszcze rad\u0119. Si\u0142 starcza\u0142o na popo\u0142udniowe spacery po Zakopanem. D\u0142ugo tu nie przyjad\u0119.<\/span><\/p>\n<p style=\"text-align: justify; padding-left: 40px;\"><span style=\"font-size: 14px;\"><strong>D#1<\/strong> Ku\u017anice &#8211; Dol.Jaworzynka &#8211; Murowaniec &#8211; Kasprowy Wierch &#8211; zjazd Kot\u0142em Goryczkowym do Ku\u017anic:\u00a0 8km \/ + 1000m.<\/span><\/p>\n<p><img loading=\"lazy\" decoding=\"async\" class=\"alignleft\" src=\"https:\/\/lh3.googleusercontent.com\/pw\/AP1GczOa7NhwEUkwbQMwL3itO71UPlQ5J20PMUIxpswMiCf37Swjrk0YAlRdcxKqHaE6kiHXgA57t7SGoMPGVqg_vRG4pT0IB3fg4FTjH9iHDDQyAw6PiUEKKUGGpZN29BDxMSIUE1oAVBQyn2LuNsP3Bv6h7Q=w1024-h768-s-no-gm?authuser=1\" width=\"359\" height=\"269\" \/><\/p>\n<p><img loading=\"lazy\" decoding=\"async\" class=\" alignright\" src=\"https:\/\/lh3.googleusercontent.com\/pw\/AP1GczPoKp22d04qzhcmkBJG-Vj3g-1Fh5WbeXf9vYNJ6u_uMzhvrW6eEax-pmsZYGfz6Y8yBGe6rIiVcJ7Ahd7xIGyCDSz_aDOIX7vM80NTu5ogGXD8Bi3eSwtJQCipiaMcfKoNUjtkFAePoRXt0VVkaLQ2jQ=w1024-h601-s-no-gm?authuser=1\" width=\"400\" height=\"235\" \/><\/p>\n<p style=\"text-align: justify;\"><span style=\"font-size: 14px;\">Sezon nieub\u0142aganie zmierza ku ko\u0144cowi. Szlak podej\u015bciowy miejscami \u0142ysy ale ju\u017c w Kotle G\u0105sienicowym warunki znakomite. Po herbacie w Murowa\u0144cu tura na szczyt i dobry zjazd prawie do samych Ku\u017anic. Trzeba si\u0119 \u015bpieszy\u0107 bo po po\u0142udniu \u015bniegowa bryja.<\/span><\/p>\n<p style=\"text-align: justify; padding-left: 40px;\"><span style=\"font-size: 14px;\"><strong>D#2<\/strong>\u00a0 Ku\u017anice &#8211; schr. na Kondratowej &#8211; Kopa Kondracka &#8211; zjazd do Ku\u017anic: 7km \/ + 1000m.<\/span><\/p>\n<p><img loading=\"lazy\" decoding=\"async\" class=\"alignleft\" src=\"https:\/\/lh3.googleusercontent.com\/pw\/AP1GczN3GNKBjvD99UI8_vWH8_APGUFPMLNbaL4in1tGRfXbkJ3cn-vr74T604MQtfEQiUtSO4hwlobIt8Om58ZQ03djf5JcHvr2KF3ulEsw4kxsyNNWU2sL6vf4J4HfPT0AU5AupvL2IPOnVL6VKLTyAjf7SA=w1024-h698-s-no-gm?authuser=1\" width=\"394\" height=\"269\" \/><\/p>\n<p><img loading=\"lazy\" decoding=\"async\" class=\" alignright\" src=\"https:\/\/lh3.googleusercontent.com\/pw\/AP1GczPXPQlO9osjqMBhFbs1QK-dck3nVjyW9--YXWPRkCIllPHUQ1fibUhNkHI9_ORPXMIsrYCBVIv0CQ5dq9C5-j58dFgM9ufUKym0UBC83vrljTkqMGYMV-4WPcTTpgPLFUP3nXZebqW4fz_HlBOlwURSYg=w1024-h730-s-no-gm?authuser=1\" width=\"378\" height=\"269\" \/><\/p>\n<p style=\"text-align: justify;\"><span style=\"font-size: 14px;\">Wycieczka troch\u0119 te\u017c z ciekawo\u015bci odnowionego schroniska na Hali Kondratowej. Bry\u0142a na szcz\u0119\u015bcie pozosta\u0142a, ca\u0142o\u015b\u0107 pachnie nowo\u015bci\u0105! S\u0142oneczko dogrzewa, herbatka zimowa wprawia w b\u0142ogi nastr\u00f3j. Urocze miejsce! Ale trzeba rusza\u0107. Na prze\u0142\u0119czy wieje ciep\u0142y wiatr &#8211;\u00a0 jutro w prognozach halny.<\/span><\/p>\n<p style=\"text-align: justify; padding-left: 40px;\"><span style=\"font-size: 14px;\"><strong>D#3<\/strong>\u00a0 Ku\u017anice &#8211; nartostrad\u0105 w Kotle Goryczkowym &#8211; Kasprowy &#8211; zjazd Kot\u0142em Goryczkowym do Ku\u017anic: 6km \/ + 900m.<\/span><\/p>\n<p><span style=\"font-size: 14px;\">Halny &#8211; kolejka w Kotle Goryczkowym nieczynna. Ca\u0142y stok dla mi\u0142o\u015bnik\u00f3w krok\u00f3w posuwistych!<\/span><\/p>\n<p><img loading=\"lazy\" decoding=\"async\" class=\"alignleft\" src=\"https:\/\/lh3.googleusercontent.com\/pw\/AP1GczOq8GD7z7GZ5NdfyBkHCyhxF1wgzKezFUBnrLrRYcZH0g2FqrM9q0fB-Lzs3zfrSoBUk6UKSBFPTEzUUX1rE1Z6wW-GqNzCKJCNx-r0kfDxSqGfBoKTOreG_S_FcbVUNIQsqw2eUdXHTRGcuaPQBSW55w=w1024-h769-s-no-gm?authuser=1\" width=\"390\" height=\"293\" \/><\/p>\n<p><img loading=\"lazy\" decoding=\"async\" class=\"alignright\" src=\"https:\/\/lh3.googleusercontent.com\/pw\/AP1GczOM2jaEh9b6p68fJ2Q_aMi5beIWSrnta4Z7qHr1IYMDv3ZPwE30AYN3xHaNvZQgNPWNPvMp1l9XYftF8sV5ORnwViHV8i4F71EWJpT6r-TGcawLdvF7MZmLWJKbBp4OLQIeUew0oeXGUWTGkcwTZ7ZHeg=w1024-h792-s-no-gm?authuser=1\" width=\"379\" height=\"293\" \/><\/p>\n<p>&nbsp;<\/p>\n<p>&nbsp;<\/p>\n<p>&nbsp;<\/p>\n<p style=\"text-align: justify; padding-left: 40px;\"><span style=\"font-size: 14px;\"><strong>D#4<\/strong>\u00a0 Murowaniec &#8211; Czarny Staw G\u0105sienicowy: 2km \/ + 200m.<\/span><\/p>\n<p><img loading=\"lazy\" decoding=\"async\" class=\"alignright\" src=\"https:\/\/lh3.googleusercontent.com\/pw\/AP1GczPkHGzDxxbPF-dZoY5xASYknDybfAdo16d2UsNyIKxp_yvJ7IVRnQkh4QX9s87adKxztZyiDeKUsV0_5ECe5wNUgdbbKlkQAXhxnBz3bPoE8uyCBOMo_pHfUazqoNqHkrcIS9CguyBXHitigaslTG-Kfg=w1024-h694-s-no-gm?authuser=1\" width=\"389\" height=\"264\" \/><\/p>\n<p style=\"text-align: justify;\"><span style=\"font-size: 14px;\">Kasprowy kolejk\u0105 linow\u0105 zdobyty. Turka z Murowa\u0144ca ma\u0142o ambitna ale dzisiaj w planach dzie\u0144 narciarstwa zjazdowego. Co prawda tylko w Kotle G\u0105sienicowym ale zawsze to klimaty alpejskie (prawie).<\/span><\/p>\n<p style=\"text-align: justify;\"><span style=\"font-size: 14px;\">PS. Pojawiaj\u0105 si\u0119 g\u0142osy za demonta\u017cem kolejki w Kotle Goryczkowym. Wymagaj\u0105cy ju\u017c remontu generalnego wyci\u0105g z braku \u015bniegu nie by\u0142 czynny w sezonie &#8217;24-&#8217;25 a w sezonie &#8217;25-&#8217;26 w sumie 10 dni!\u00a0 Lepiej nie b\u0119dzie.<\/span><\/p>\n<p><img loading=\"lazy\" decoding=\"async\" class=\"alignnone \" src=\"http:\/\/go.ianna.pl\/wp-content\/uploads\/2026\/03\/Tatry26_mapa.jpg\" width=\"601\" height=\"424\" \/><\/p>\n<p style=\"text-align: justify;\"><span style=\"font-size: 14px;\">Po\u017cegnanie sezonu skiturowego. By\u0142o ambitnie: trzy wypady czterodniowe uda\u0142o si\u0119 zmie\u015bci\u0107 w lichym w \u015bnieg sezonie.\u00a0 Widzimy si\u0119 w przysz\u0142ym, oby na pocz\u0105tku grudnia!<\/span><\/p>\n","protected":false},"excerpt":{"rendered":"<p>Kasprowy, Kopa Kondracka\u00a0 14-17_03_2026. Ostatnia wizyta w Tatrach w 2019 &#8211; czas by\u0142 najwy\u017cszy sprawdzi\u0107 co nowego i czy kondycyjnie jeszcze jest o czym\u015b my\u015ble\u0107. Tatry stoj\u0105 jak sta\u0142y, Ku\u017anice przebudowane i odnowione schronisko na Hali Kondratowej. A kondycja? No c\u00f3\u017c, braki tej\u017ce s\u0105 w Tatrach bole\u015bnie weryfikowane ale przy takiej pogodzie i wyd\u0142u\u017conym czasie w\u0119dr\u00f3wki daj\u0119 jeszcze rad\u0119. Si\u0142 starcza\u0142o na popo\u0142udniowe spacery po [&hellip;]<\/p>\n","protected":false},"author":1,"featured_media":121,"comment_status":"closed","ping_status":"closed","sticky":false,"template":"","format":"standard","meta":{"footnotes":""},"categories":[18,23],"tags":[],"class_list":["post-2567","post","type-post","status-publish","format-standard","has-post-thumbnail","hentry","category-narty","category-tatra"],"_links":{"self":[{"href":"https:\/\/go.ianna.pl\/index.php?rest_route=\/wp\/v2\/posts\/2567","targetHints":{"allow":["GET"]}}],"collection":[{"href":"https:\/\/go.ianna.pl\/index.php?rest_route=\/wp\/v2\/posts"}],"about":[{"href":"https:\/\/go.ianna.pl\/index.php?rest_route=\/wp\/v2\/types\/post"}],"author":[{"embeddable":true,"href":"https:\/\/go.ianna.pl\/index.php?rest_route=\/wp\/v2\/users\/1"}],"replies":[{"embeddable":true,"href":"https:\/\/go.ianna.pl\/index.php?rest_route=%2Fwp%2Fv2%2Fcomments&post=2567"}],"version-history":[{"count":42,"href":"https:\/\/go.ianna.pl\/index.php?rest_route=\/wp\/v2\/posts\/2567\/revisions"}],"predecessor-version":[{"id":2653,"href":"https:\/\/go.ianna.pl\/index.php?rest_route=\/wp\/v2\/posts\/2567\/revisions\/2653"}],"wp:featuredmedia":[{"embeddable":true,"href":"https:\/\/go.ianna.pl\/index.php?rest_route=\/wp\/v2\/media\/121"}],"wp:attachment":[{"href":"https:\/\/go.ianna.pl\/index.php?rest_route=%2Fwp%2Fv2%2Fmedia&parent=2567"}],"wp:term":[{"taxonomy":"category","embeddable":true,"href":"https:\/\/go.ianna.pl\/index.php?rest_route=%2Fwp%2Fv2%2Fcategories&post=2567"},{"taxonomy":"post_tag","embeddable":true,"href":"https:\/\/go.ianna.pl\/index.php?rest_route=%2Fwp%2Fv2%2Ftags&post=2567"}],"curies":[{"name":"wp","href":"https:\/\/api.w.org\/{rel}","templated":true}]}}