{"id":273,"date":"2020-12-01T19:32:33","date_gmt":"2020-12-01T19:32:33","guid":{"rendered":"https:\/\/go.ianna.pl\/?p=273"},"modified":"2025-02-07T08:41:04","modified_gmt":"2025-02-07T08:41:04","slug":"beskid-maly-2020","status":"publish","type":"post","link":"https:\/\/go.ianna.pl\/?p=273","title":{"rendered":"Beskid Ma\u0142y 2020"},"content":{"rendered":"<p><img loading=\"lazy\" decoding=\"async\" class=\"alignnone size-medium\" src=\"https:\/\/lh3.googleusercontent.com\/pw\/AP1GczMFnrG6VVRtobmWLcI5388IdT2OZ45H3K-3E35-uAm9lVAf-dT6_WVfQu36z8mvo96rCAJ5iT-hEX2aa8fyiIN5rxCiS55TtPhHwGbZaXTtCD0SiQAFcgpCJ6joIQsEykWFA6L8rqFQuniX3bKnvzaLfw=w1917-h855-s-no-gm?authuser=0\" width=\"1917\" height=\"855\" \/><\/p>\n<p style=\"text-align: justify;\"><span style=\"font-size: 14px;\"><em><b>Beskid Ma\u0142y<\/b> to dziecko pi\u0119kne, mi\u0142e, powabne i zajmuj\u0105ce, w dobra przyrodzone uposa\u017cone, uwagi, poznania i mi\u0142o\u015bci godne, kt\u00f3rego jedynym defektem, \u015bci\u0105gaj\u0105cym na\u0144 niech\u0119\u0107 nies\u0142uszn\u0105, jest to, \u017ce jest ni\u017csze wzrostem od innej braci beskidzkiej<\/em> &#8211; pisa\u0142 Kazimierz Sosnowski.\u00a0 A ja widz\u0119 go z okna!<\/span><\/p>\n<p style=\"text-align: justify;\"><span style=\"font-size: 14px;\">Nie taki ten Beskid politowania godny: ma dwa w\u0142asne jeziora Mi\u0119dzybrodzkie i Mucharskie a z \u017bywieckiego co najmniej p\u00f3\u0142nocn\u0105 lini\u0119 brzegow\u0105. Nowoczesny o\u015brodek narciarski Czarny Gro\u0144. O\u015brodek szybowcowy, paralotniarski i narciarski &#8211; \u017bar. Najpi\u0119kniejszy fragment Ma\u0142ego Szlaku Beskidzkiego: Potr\u00f3jna &#8211; Leskowiec. Widokow\u0105 tras\u0119, &#8222;cesark\u0119&#8221; z 1784r.\u00a0 Andrych\u00f3w &#8211; Kocierz &#8211; \u017bywiec. Liczne, dobrze oznakowane szlaki turystyczne z centrami wok\u00f3\u0142 schronisk na Leskowcu i Magurce a nawet ska\u0142ki wspinaczkowe (\u0141ysina).\u00a0 A wszystko w obszarze 35km x 15km i najwy\u017cszym szczycie poni\u017cej 1000m (Czupel 930m).\u00a0 A poza tym w\u0119druj\u0119 tam i je\u017cd\u017c\u0119 na nartach od zawsze wi\u0119c\u00a0 \u00a0dla mnie primus inter pares Beskid\u00f3w PL,CZ,SK.<\/span><\/p>\n<p><span style=\"font-size: 14px;\"><a href=\"https:\/\/photos.app.goo.gl\/mvVrXvWRhkSQaV1r6\" target=\"_blank\" rel=\"noopener\">2020_07_23<\/a> Czupel<\/span><\/p>\n<p><span style=\"font-size: 14px;\"><a href=\"https:\/\/photos.app.goo.gl\/urELgEEXtzxUfUXQ8\" target=\"_blank\" rel=\"noopener\">2020_07_05<\/a> G\u00f3ra Jaroszowicka<\/span><\/p>\n<p><span style=\"font-size: 14px;\"><a href=\"https:\/\/photos.app.goo.gl\/GjFnH3wKJXtMZUiX9\">2020_07_04<\/a> Por\u0105bka, \u0141ysina<\/span><\/p>\n<p><span style=\"font-size: 14px;\"><a href=\"https:\/\/photos.app.goo.gl\/kghjS2hQhCg93v1J8\" target=\"_blank\" rel=\"noopener\">2020_06_07<\/a> Chobot<\/span><\/p>\n<p><span style=\"font-size: 14px;\"><a href=\"https:\/\/photos.app.goo.gl\/StrJ64M1MiANHrfk9\" target=\"_blank\" rel=\"noopener\">2020_05_17<\/a> \u017burawnica<\/span><\/p>\n<p><span style=\"font-size: 14px;\"><a href=\"https:\/\/photos.app.goo.gl\/V4vU3DmcK3c4he887\" target=\"_blank\" rel=\"noopener\">2020_05_08<\/a> \u017bar<\/span><\/p>\n<p><span style=\"font-size: 14px;\"><a href=\"https:\/\/photos.app.goo.gl\/kzvYxtjgRjiUbB487\" target=\"_blank\" rel=\"noopener\">2020_03_15<\/a>\u00a0 Gibasy<\/span><\/p>\n<p><span style=\"font-size: 14px;\">Skiturowo na Leskowcu, stycze\u0144 2019. Dawno takiej zimy nie by\u0142o w moim Beskidzie Ma\u0142ym<\/span><\/p>\n<p><img loading=\"lazy\" decoding=\"async\" class=\"alignnone size-medium\" src=\"https:\/\/lh3.googleusercontent.com\/pw\/AP1GczNNo3eWwj-QrqG05Q3LGtIOiZ-m2cHnm2fW-yrwKstTKEzz0Bqhitmj3XgKCls4DudO2QP8G6azhBN44HABcNbumRWJeWdLiAfiOXENa18gnJVJxtZ8qp6PFi3TB4znTuTiNv_s-02nbNuoYZ2NPPvGmA=w751-h585-s-no-gm?authuser=0\" width=\"751\" height=\"585\" \/><\/p>\n","protected":false},"excerpt":{"rendered":"<p>Beskid Ma\u0142y to dziecko pi\u0119kne, mi\u0142e, powabne i zajmuj\u0105ce, w dobra przyrodzone uposa\u017cone, uwagi, poznania i mi\u0142o\u015bci godne, kt\u00f3rego jedynym defektem, \u015bci\u0105gaj\u0105cym na\u0144 niech\u0119\u0107 nies\u0142uszn\u0105, jest to, \u017ce jest ni\u017csze wzrostem od innej braci beskidzkiej &#8211; pisa\u0142 Kazimierz Sosnowski.\u00a0 A ja widz\u0119 go z okna! Nie taki ten Beskid politowania godny: ma dwa w\u0142asne jeziora Mi\u0119dzybrodzkie i Mucharskie a z \u017bywieckiego co najmniej p\u00f3\u0142nocn\u0105 lini\u0119 [&hellip;]<\/p>\n","protected":false},"author":1,"featured_media":226,"comment_status":"closed","ping_status":"closed","sticky":false,"template":"","format":"standard","meta":{"footnotes":""},"categories":[17],"tags":[21,8],"class_list":["post-273","post","type-post","status-publish","format-standard","has-post-thumbnail","hentry","category-kar","tag-beskidypieniny","tag-bml"],"_links":{"self":[{"href":"https:\/\/go.ianna.pl\/index.php?rest_route=\/wp\/v2\/posts\/273","targetHints":{"allow":["GET"]}}],"collection":[{"href":"https:\/\/go.ianna.pl\/index.php?rest_route=\/wp\/v2\/posts"}],"about":[{"href":"https:\/\/go.ianna.pl\/index.php?rest_route=\/wp\/v2\/types\/post"}],"author":[{"embeddable":true,"href":"https:\/\/go.ianna.pl\/index.php?rest_route=\/wp\/v2\/users\/1"}],"replies":[{"embeddable":true,"href":"https:\/\/go.ianna.pl\/index.php?rest_route=%2Fwp%2Fv2%2Fcomments&post=273"}],"version-history":[{"count":10,"href":"https:\/\/go.ianna.pl\/index.php?rest_route=\/wp\/v2\/posts\/273\/revisions"}],"predecessor-version":[{"id":969,"href":"https:\/\/go.ianna.pl\/index.php?rest_route=\/wp\/v2\/posts\/273\/revisions\/969"}],"wp:featuredmedia":[{"embeddable":true,"href":"https:\/\/go.ianna.pl\/index.php?rest_route=\/wp\/v2\/media\/226"}],"wp:attachment":[{"href":"https:\/\/go.ianna.pl\/index.php?rest_route=%2Fwp%2Fv2%2Fmedia&parent=273"}],"wp:term":[{"taxonomy":"category","embeddable":true,"href":"https:\/\/go.ianna.pl\/index.php?rest_route=%2Fwp%2Fv2%2Fcategories&post=273"},{"taxonomy":"post_tag","embeddable":true,"href":"https:\/\/go.ianna.pl\/index.php?rest_route=%2Fwp%2Fv2%2Ftags&post=273"}],"curies":[{"name":"wp","href":"https:\/\/api.w.org\/{rel}","templated":true}]}}