{"id":281,"date":"2020-12-03T21:49:22","date_gmt":"2020-12-03T21:49:22","guid":{"rendered":"https:\/\/go.ianna.pl\/?p=281"},"modified":"2025-02-07T08:52:20","modified_gmt":"2025-02-07T08:52:20","slug":"beskid-zywiecki-2020","status":"publish","type":"post","link":"https:\/\/go.ianna.pl\/?p=281","title":{"rendered":"Beskid \u017bywiecki 2020"},"content":{"rendered":"<p><img loading=\"lazy\" decoding=\"async\" class=\"alignnone size-medium\" src=\"https:\/\/lh3.googleusercontent.com\/pw\/AP1GczP1ZMZLi8QByYI6O8tdSFn-kfUybFyCDip376LI_ISDMonHj7kjGGxiyBhFCvd6Vh4Iu1wR86b1CfVsM5o5Euv1SqXyz0kDQBU-hfbR1lM1WAWlD524nnlCZt6UncUnkMb3QhDMAurleXCYsQatC_DVQw=w1400-h894-s-no-gm?authuser=0\" width=\"1400\" height=\"894\" \/><\/p>\n<p><img loading=\"lazy\" decoding=\"async\" class=\"alignnone size-medium\" src=\"https:\/\/lh3.googleusercontent.com\/pw\/AP1GczM213v59A4yB6JDIyyz0rm8rGXGGsOIz2tC7Meve6u6__7CK_IMdMypEUGZINb1--6sbbc_kLxyCDsRaj0643UgJyrQ0H4zg2tlF_z3tQiWKBR_XENRgpgC5YWZsmuCgwFRLbk4f3pi2CzQiSHuh5BddA=w1400-h914-s-no-gm?authuser=0\" width=\"1400\" height=\"914\" \/><\/p>\n<p>&nbsp;<\/p>\n<p><span style=\"font-size: 14px;\"><a href=\"https:\/\/photos.app.goo.gl\/Y4fXTPwajyk1Lgae8\" target=\"_blank\" rel=\"noopener\">2022_01_07<\/a> Ja\u0142owiec<\/span><\/p>\n<p><span style=\"font-size: 14px;\"><a href=\"https:\/\/photos.app.goo.gl\/4kBjKcAwGa8os2hG8\" target=\"_blank\" rel=\"noopener\">2020_12_28<\/a> Sucha Beskidzka<\/span><\/p>\n<p><span style=\"font-size: 14px;\"><a href=\"https:\/\/photos.app.goo.gl\/u5GsVgQ7wXZfENRB7\" target=\"_blank\" rel=\"noopener\">2020_12_29<\/a> Mu\u0144co\u0142, Rycerzowa<\/span><\/p>\n<p><span style=\"font-size: 14px;\"><a href=\"https:\/\/photos.app.goo.gl\/aiE98R455fKhJLCq5\" target=\"_blank\" rel=\"noopener\">2020_12_27<\/a> \u017bywiec<\/span><\/p>\n<p><span style=\"font-size: 14px;\"><a href=\"https:\/\/photos.app.goo.gl\/njPbf7WvyfEq5nTG6\" target=\"_blank\" rel=\"noopener\">2020_11_03<\/a> Zwardo\u0144<\/span><\/p>\n<p><span style=\"font-size: 14px;\"><a href=\"https:\/\/photos.app.goo.gl\/yawX11nyQqbL9XbK8\" target=\"_blank\" rel=\"noopener\">2020_10_25<\/a> Zawoja<\/span><\/p>\n<p><span style=\"font-size: 14px;\"><a href=\"https:\/\/photos.app.goo.gl\/9ShSMSbrX94PcGj88\" target=\"_blank\" rel=\"noopener\">2020_08_06<\/a> M\u0119dralowa<\/span><\/p>\n<p style=\"text-align: justify;\"><span style=\"font-size: 14px;\">Na rozpisywanie si\u0119 o walorach tego pasma trzeba by naprawd\u0119 sporo atramentu. Wystarczy tylko, \u017ce ma Kapry\u015bnic\u0119, kr\u00f3low\u0105 Beskid\u00f3w &#8211; Babi\u0105 G\u00f3r\u0119 (1.725m). Masyw wielokrotnie zdobywany, przemierzany wszelkimi szlakami (te\u017c skiturowymi) o ka\u017cdej porze roku i dnia, zachwyca za ka\u017cdym razem! Nr 2 to kopu\u0142a Pilska o podobnych walorach. Pasmo Ja\u0142owca, Policy, Worek Racza\u0144ski to miejsca znacz\u0105cej urody turystycznej. Z miejscowo\u015bci: \u017bywiec historyczna stolica regionu, Zawoja &#8211; centrum turystyczne, siedziba dyrekcji i muzeum BgPN, Sucha Beskidzka. I nawet troch\u0119 zapyzia\u0142y Zwardo\u0144 ma swoje walory. A najlepsze, \u017ce jest jeszcze troch\u0119 szlak\u00f3w do przej\u015bcia!<\/span><\/p>\n<p><span style=\"font-size: 14px;\">Pierwsze skitury na Babiej, marzec 2015<\/span><\/p>\n<p><img loading=\"lazy\" decoding=\"async\" class=\"alignnone size-medium\" src=\"https:\/\/lh3.googleusercontent.com\/pw\/AP1GczMjlVqJeBKaTcHfBcRazCj6MhU1y6JecDIQIxnNJTw3qruit9PACWqBkF9iE-Kq04nAq9q0YhgEOno8RRfSvIHBSbXUhPUsJ1q0UIbxedLWd2AUw8MlAPyHIWp5fKAMz9zPICh3LmKGFpFDPzCY_xfVxQ=w1170-h878-s-no-gm?authuser=0\" width=\"1170\" height=\"878\" \/><\/p>\n<p>&nbsp;<\/p>\n<p>&nbsp;<\/p>\n<p>&nbsp;<\/p>\n<p>&nbsp;<\/p>\n","protected":false},"excerpt":{"rendered":"<p>&nbsp; 2022_01_07 Ja\u0142owiec 2020_12_28 Sucha Beskidzka 2020_12_29 Mu\u0144co\u0142, Rycerzowa 2020_12_27 \u017bywiec 2020_11_03 Zwardo\u0144 2020_10_25 Zawoja 2020_08_06 M\u0119dralowa Na rozpisywanie si\u0119 o walorach tego pasma trzeba by naprawd\u0119 sporo atramentu. Wystarczy tylko, \u017ce ma Kapry\u015bnic\u0119, kr\u00f3low\u0105 Beskid\u00f3w &#8211; Babi\u0105 G\u00f3r\u0119 (1.725m). Masyw wielokrotnie zdobywany, przemierzany wszelkimi szlakami (te\u017c skiturowymi) o ka\u017cdej porze roku i dnia, zachwyca za ka\u017cdym razem! Nr 2 to kopu\u0142a Pilska o podobnych [&hellip;]<\/p>\n","protected":false},"author":1,"featured_media":68,"comment_status":"closed","ping_status":"closed","sticky":false,"template":"","format":"standard","meta":{"footnotes":""},"categories":[17],"tags":[21,14],"class_list":["post-281","post","type-post","status-publish","format-standard","has-post-thumbnail","hentry","category-kar","tag-beskidypieniny","tag-bz"],"_links":{"self":[{"href":"https:\/\/go.ianna.pl\/index.php?rest_route=\/wp\/v2\/posts\/281","targetHints":{"allow":["GET"]}}],"collection":[{"href":"https:\/\/go.ianna.pl\/index.php?rest_route=\/wp\/v2\/posts"}],"about":[{"href":"https:\/\/go.ianna.pl\/index.php?rest_route=\/wp\/v2\/types\/post"}],"author":[{"embeddable":true,"href":"https:\/\/go.ianna.pl\/index.php?rest_route=\/wp\/v2\/users\/1"}],"replies":[{"embeddable":true,"href":"https:\/\/go.ianna.pl\/index.php?rest_route=%2Fwp%2Fv2%2Fcomments&post=281"}],"version-history":[{"count":5,"href":"https:\/\/go.ianna.pl\/index.php?rest_route=\/wp\/v2\/posts\/281\/revisions"}],"predecessor-version":[{"id":972,"href":"https:\/\/go.ianna.pl\/index.php?rest_route=\/wp\/v2\/posts\/281\/revisions\/972"}],"wp:featuredmedia":[{"embeddable":true,"href":"https:\/\/go.ianna.pl\/index.php?rest_route=\/wp\/v2\/media\/68"}],"wp:attachment":[{"href":"https:\/\/go.ianna.pl\/index.php?rest_route=%2Fwp%2Fv2%2Fmedia&parent=281"}],"wp:term":[{"taxonomy":"category","embeddable":true,"href":"https:\/\/go.ianna.pl\/index.php?rest_route=%2Fwp%2Fv2%2Fcategories&post=281"},{"taxonomy":"post_tag","embeddable":true,"href":"https:\/\/go.ianna.pl\/index.php?rest_route=%2Fwp%2Fv2%2Ftags&post=281"}],"curies":[{"name":"wp","href":"https:\/\/api.w.org\/{rel}","templated":true}]}}