{"id":284,"date":"2021-12-01T22:11:00","date_gmt":"2021-12-01T22:11:00","guid":{"rendered":"https:\/\/go.ianna.pl\/?p=284"},"modified":"2025-02-07T08:47:12","modified_gmt":"2025-02-07T08:47:12","slug":"beskid-slaski-2021","status":"publish","type":"post","link":"https:\/\/go.ianna.pl\/?p=284","title":{"rendered":"Beskid \u015al\u0105ski 2021"},"content":{"rendered":"<p><img loading=\"lazy\" decoding=\"async\" class=\"alignnone size-medium\" src=\"https:\/\/lh3.googleusercontent.com\/pw\/AP1GczMr5pN5QAdwXYkXVU4p4puLZlohe0ghGN-Ih0z2t37bZAAkU4yeBJY6YLnWHrLdFIfIc_zcI-a6UaAYHZ-Hr07oLt3HuaHygPvU7ET9uYE66Cs0gBw3cLGxgovYQJv_FtowieINrPwRPG-qCGoSnIyiUw=w1154-h843-s-no-gm?authuser=0\" width=\"1154\" height=\"843\" \/><\/p>\n<p><a href=\"https:\/\/photos.app.goo.gl\/gnvxzGN46AMqSzkHA\" target=\"_blank\" rel=\"noopener\"><span style=\"font-size: 14px;\">2021_11_21<\/span><\/a><span style=\"font-size: 14px;\"> Klimczok<\/span><\/p>\n<p><span style=\"font-size: 14px;\"><a href=\"https:\/\/photos.app.goo.gl\/KL89n6WwND6DM7DS9\" target=\"_blank\" rel=\"noopener\">2021_11_07<\/a> Kotarz<\/span><\/p>\n<p><span style=\"font-size: 14px;\"><a href=\"https:\/\/photos.app.goo.gl\/XHFXHS7GsSK5F6qe8\" target=\"_blank\" rel=\"noopener\">2021_11_05<\/a> Or\u0142owa<\/span><\/p>\n<p><span style=\"font-size: 14px;\"><a href=\"https:\/\/photos.app.goo.gl\/nJEEtr2Dyvc3Xdx28\" target=\"_blank\" rel=\"noopener\">2021_10_17<\/a> Wis\u0142a, Ustro\u0144, Brenna<\/span><\/p>\n<p><span style=\"font-size: 14px;\"><a href=\"https:\/\/photos.app.goo.gl\/ESKaSUTGShPP6tZeA\" target=\"_blank\" rel=\"noopener\">2021_10_10<\/a> Koniak\u00f3w<\/span><\/p>\n<p><span style=\"font-size: 14px;\"><a href=\"https:\/\/photos.app.goo.gl\/xjCBkSkrwYuVdCqY7\" target=\"_blank\" rel=\"noopener\">2021_07_30<\/a> Skrzyczne<\/span><\/p>\n<p><span style=\"font-size: 14px;\"><a href=\"https:\/\/photos.app.goo.gl\/W172Kw4WfZmQHFjg7\" target=\"_blank\" rel=\"noopener\">2021_04_16<\/a> Barania G\u00f3ra<\/span><\/p>\n<p style=\"text-align: justify;\"><span style=\"font-size: 14px;\">Beskid \u015al\u0105ski jest\u00a0 naj: najlepiej zagospodarowany, najbardziej oblegany z najlepszymi o\u015brodkami narciarskimi. Z racji blisko\u015bci aglomeracji \u015al\u0105ska\u00a0 ch\u0119tnie inwestowa\u0142y tu molochy przemys\u0142owe w infrastruktur\u0119 sanatoryjn\u0105 i wczasow\u0105. Miejscowo\u015bci Wis\u0142a, Ustro\u0144, Szczyrk, Brenna, Koniak\u00f3w czy Istebna s\u0105 rozpoznawalne dla ka\u017cdego. Tu rozpoczyna si\u0119 G\u0142\u00f3wny Szlak Beskidzki a centra turystyczne Szyndzielni, Klimczoka, B\u0142atniej, Skrzycznego, Baraniej G\u00f3ry czy Czantorii znane s\u0105 ka\u017cdemu g\u00f3ro\u0142azowi ale te\u017c tury\u015bcie okazyjnemu bo na wiele z nich mo\u017cna wjecha\u0107 kolejk\u0105 linow\u0105.\u00a0 Pr\u00f3\u017cno tu szuka\u0107 ciszy i majestatu g\u00f3r &#8211; spotkasz raczej jak\u0105\u015b po\u015bpieszno\u015b\u0107 i ci\u0105g\u0142\u0105 obecno\u015b\u0107 innych. Taki ten Beskid jest.\u00a0 <\/span><\/p>\n<p style=\"text-align: justify;\"><span style=\"font-size: 14px;\">Skrzyczne, luty 2022. Skiturowo, zjazdowo. O\u015brodek zacny byle teraz zimy dopisywa\u0142y.<\/span><\/p>\n<p style=\"text-align: justify;\"><span style=\"font-size: 14px;\"><img loading=\"lazy\" decoding=\"async\" class=\"alignnone size-medium\" src=\"https:\/\/lh3.googleusercontent.com\/pw\/AP1GczNMvbFpoKmM7OVRycwxVwBUYA7dC_y1O8KSREpWMyyiOMGyoW7-EpWLAyaEOWTQhuGD4_VpmVBgoxOUT1RjERWQAzeKX56yklBFAbw8r-kfRoqh0X2j5D2F0T-z44Kc8vajsJkwiUYgFylockX4npDl8w=w1170-h878-s-no-gm?authuser=0\" width=\"1170\" height=\"878\" \/>\u00a0\u00a0<\/span><\/p>\n","protected":false},"excerpt":{"rendered":"<p>2021_11_21 Klimczok 2021_11_07 Kotarz 2021_11_05 Or\u0142owa 2021_10_17 Wis\u0142a, Ustro\u0144, Brenna 2021_10_10 Koniak\u00f3w 2021_07_30 Skrzyczne 2021_04_16 Barania G\u00f3ra Beskid \u015al\u0105ski jest\u00a0 naj: najlepiej zagospodarowany, najbardziej oblegany z najlepszymi o\u015brodkami narciarskimi. Z racji blisko\u015bci aglomeracji \u015al\u0105ska\u00a0 ch\u0119tnie inwestowa\u0142y tu molochy przemys\u0142owe w infrastruktur\u0119 sanatoryjn\u0105 i wczasow\u0105. Miejscowo\u015bci Wis\u0142a, Ustro\u0144, Szczyrk, Brenna, Koniak\u00f3w czy Istebna s\u0105 rozpoznawalne dla ka\u017cdego. Tu rozpoczyna si\u0119 G\u0142\u00f3wny Szlak Beskidzki a centra turystyczne [&hellip;]<\/p>\n","protected":false},"author":1,"featured_media":217,"comment_status":"closed","ping_status":"closed","sticky":false,"template":"","format":"standard","meta":{"footnotes":""},"categories":[17],"tags":[21,12],"class_list":["post-284","post","type-post","status-publish","format-standard","has-post-thumbnail","hentry","category-kar","tag-beskidypieniny","tag-bsl"],"_links":{"self":[{"href":"https:\/\/go.ianna.pl\/index.php?rest_route=\/wp\/v2\/posts\/284","targetHints":{"allow":["GET"]}}],"collection":[{"href":"https:\/\/go.ianna.pl\/index.php?rest_route=\/wp\/v2\/posts"}],"about":[{"href":"https:\/\/go.ianna.pl\/index.php?rest_route=\/wp\/v2\/types\/post"}],"author":[{"embeddable":true,"href":"https:\/\/go.ianna.pl\/index.php?rest_route=\/wp\/v2\/users\/1"}],"replies":[{"embeddable":true,"href":"https:\/\/go.ianna.pl\/index.php?rest_route=%2Fwp%2Fv2%2Fcomments&post=284"}],"version-history":[{"count":7,"href":"https:\/\/go.ianna.pl\/index.php?rest_route=\/wp\/v2\/posts\/284\/revisions"}],"predecessor-version":[{"id":971,"href":"https:\/\/go.ianna.pl\/index.php?rest_route=\/wp\/v2\/posts\/284\/revisions\/971"}],"wp:featuredmedia":[{"embeddable":true,"href":"https:\/\/go.ianna.pl\/index.php?rest_route=\/wp\/v2\/media\/217"}],"wp:attachment":[{"href":"https:\/\/go.ianna.pl\/index.php?rest_route=%2Fwp%2Fv2%2Fmedia&parent=284"}],"wp:term":[{"taxonomy":"category","embeddable":true,"href":"https:\/\/go.ianna.pl\/index.php?rest_route=%2Fwp%2Fv2%2Fcategories&post=284"},{"taxonomy":"post_tag","embeddable":true,"href":"https:\/\/go.ianna.pl\/index.php?rest_route=%2Fwp%2Fv2%2Ftags&post=284"}],"curies":[{"name":"wp","href":"https:\/\/api.w.org\/{rel}","templated":true}]}}