{"id":294,"date":"2021-12-02T18:21:42","date_gmt":"2021-12-02T18:21:42","guid":{"rendered":"https:\/\/go.ianna.pl\/?p=294"},"modified":"2025-02-07T08:43:07","modified_gmt":"2025-02-07T08:43:07","slug":"beskid-wyspowy","status":"publish","type":"post","link":"https:\/\/go.ianna.pl\/?p=294","title":{"rendered":"Beskid Wyspowy 2021"},"content":{"rendered":"<p><img loading=\"lazy\" decoding=\"async\" class=\"alignnone size-medium\" src=\"https:\/\/lh3.googleusercontent.com\/pw\/AP1GczOEqzqDanq8UfcmbyfOFTo6XZM1d2ajJkgVtWZmzIQ78cTqXM3Jl8gX5R_N1GGJgAy1yJ9qPSF4QFnWuTbGzVRrJSGvR9KBTjRQgyaD3Q4NzBHncUM0nBwwNQw1wv5MogHUoSt3THDH08o6ml2IO1ljeg=w1559-h889-s-no-gm?authuser=0\" width=\"1559\" height=\"889\" \/><\/p>\n<p>&nbsp;<\/p>\n<p><span style=\"font-size: 14px;\"><a href=\"https:\/\/photos.app.goo.gl\/jDKjQKZVz9LZ2ZTL9\" target=\"_blank\" rel=\"noopener\">2021_11_28<\/a> \u0141opie\u0144, Mody\u0144<\/span><\/p>\n<p><span style=\"font-size: 14px;\"><a href=\"https:\/\/photos.app.goo.gl\/VwPNnPEp6tBn8KKj6\" target=\"_blank\" rel=\"noopener\">2021_03_07<\/a> Szczyrzyc<\/span><\/p>\n<p><span style=\"font-size: 14px;\"><a href=\"https:\/\/photos.app.goo.gl\/WsvDJoxP615x3T8n9\" target=\"_blank\" rel=\"noopener\">2021_02_21<\/a> Sa\u0142asz<\/span><\/p>\n<p><span style=\"font-size: 14px;\"><a href=\"https:\/\/photos.app.goo.gl\/eH1apGZ3mKNQT9k3A\" target=\"_blank\" rel=\"noopener\">2021_02_09<\/a> \u015anie\u017cnica<\/span><\/p>\n<p style=\"text-align: justify;\"><span style=\"font-size: 14px;\">Beskid Wyspowy wymy\u015bli\u0142 Kazimierz Sosnowski (nazw\u0119, nie g\u00f3rki). I rzeczywi\u015bcie szczyty niekiedy wy\u0142aniaj\u0105 si\u0119 z porannych mgie\u0142 niczym wyspy na bia\u0142ym morzu &#8211; polecam widoki z \u0106wilina. Nie ma tu topowych o\u015brodk\u00f3w raczej dominuje lokalno\u015b\u0107 ale warto wy\u0142owi\u0107 te szczeg\u00f3\u0142y. Mogielica (1.170m), najwy\u017cszy szczyt z 23km tras\u0105 narciarsko- rowerow\u0105, \u015anie\u017cnica z dobrym o\u015brodkiem narciarskim <em>Kasina Ski&amp;Bike Park. <\/em><\/span><span style=\"font-size: 14px;\">Kr\u0119c\u0105 tam swoje k\u00f3\u0142ka te\u017c paralotniarze. <\/span><span style=\"font-size: 14px;\">Dawny dworzec kolejowy w Kasinie s\u0142u\u017cy\u0142 jako scenografia do<\/span><em style=\"font-size: 14px;\"> Listy Schindlera<\/em><span style=\"font-size: 14px;\">. <\/span><span style=\"font-size: 14px;\">Lubo\u0144 Wielki z charakterystyczn\u0105 bry\u0142\u0105 schroniska to koniec MSB. G\u00f3ra ma te\u017c swoj\u0105 per\u0107: Per\u0107 Borkowskiego na szlaku z Rabki Zaryte.\u00a0 W Limanowej nic do niczego nie pasuje: zwalisty ko\u015bci\u00f3\u0142 do lekkich kamienic z podcieniami, Marsza\u0142ek na kasztance w\u015br\u00f3d solarium i w\u0142\u0105czonych niskich cen powszechnej szyldozy, monumentalny krzy\u017c milenijny z po\u0142o\u017conym po s\u0105siedzku przyzwoitym stokiem narciarskim.\u00a0 Za to jest ciekawy architektonicznie budynek Muzeum Regionalnego Ziemi Limanowskiej z wart\u0105 obejrzenia ekspozycj\u0105. Podobnie Mszana Dolna, upstrzone reklamami elewacje dom\u00f3w przy ulicy przelotowej i ca\u0142kiem sympatyczny peryferyjny rynek. Te\u017c wyspy w morzu estetycznej bylejako\u015bci. Dlatego wol\u0119 chodzi\u0107 po g\u00f3rach.<\/span><\/p>\n<p><span style=\"font-size: 14px;\">Mogielica, stycze\u0144 2019.<\/span><\/p>\n<p><img loading=\"lazy\" decoding=\"async\" class=\"alignnone size-medium\" src=\"https:\/\/lh3.googleusercontent.com\/pw\/AP1GczNkvpBNVZEJ56JfnE1K69sSuHlfRmD9Qtngg3VA-BLBpzWYbYGnrI3ZHy_FEG0Y1qLIwvXG0T0hHunJ7lXyQkRf55yXg_fBiBbo_qOm20_zEDBd-ZgKixbLQDE4Lz3hdTHPKxRde5kfH8ZRR_8J3wIM0g=w780-h585-s-no-gm?authuser=0\" width=\"780\" height=\"585\" \/><\/p>\n","protected":false},"excerpt":{"rendered":"<p>&nbsp; 2021_11_28 \u0141opie\u0144, Mody\u0144 2021_03_07 Szczyrzyc 2021_02_21 Sa\u0142asz 2021_02_09 \u015anie\u017cnica Beskid Wyspowy wymy\u015bli\u0142 Kazimierz Sosnowski (nazw\u0119, nie g\u00f3rki). I rzeczywi\u015bcie szczyty niekiedy wy\u0142aniaj\u0105 si\u0119 z porannych mgie\u0142 niczym wyspy na bia\u0142ym morzu &#8211; polecam widoki z \u0106wilina. Nie ma tu topowych o\u015brodk\u00f3w raczej dominuje lokalno\u015b\u0107 ale warto wy\u0142owi\u0107 te szczeg\u00f3\u0142y. Mogielica (1.170m), najwy\u017cszy szczyt z 23km tras\u0105 narciarsko- rowerow\u0105, \u015anie\u017cnica z dobrym o\u015brodkiem narciarskim Kasina [&hellip;]<\/p>\n","protected":false},"author":1,"featured_media":223,"comment_status":"closed","ping_status":"closed","sticky":false,"template":"","format":"standard","meta":{"footnotes":""},"categories":[17],"tags":[21,11],"class_list":["post-294","post","type-post","status-publish","format-standard","has-post-thumbnail","hentry","category-kar","tag-beskidypieniny","tag-bw"],"_links":{"self":[{"href":"https:\/\/go.ianna.pl\/index.php?rest_route=\/wp\/v2\/posts\/294","targetHints":{"allow":["GET"]}}],"collection":[{"href":"https:\/\/go.ianna.pl\/index.php?rest_route=\/wp\/v2\/posts"}],"about":[{"href":"https:\/\/go.ianna.pl\/index.php?rest_route=\/wp\/v2\/types\/post"}],"author":[{"embeddable":true,"href":"https:\/\/go.ianna.pl\/index.php?rest_route=\/wp\/v2\/users\/1"}],"replies":[{"embeddable":true,"href":"https:\/\/go.ianna.pl\/index.php?rest_route=%2Fwp%2Fv2%2Fcomments&post=294"}],"version-history":[{"count":10,"href":"https:\/\/go.ianna.pl\/index.php?rest_route=\/wp\/v2\/posts\/294\/revisions"}],"predecessor-version":[{"id":970,"href":"https:\/\/go.ianna.pl\/index.php?rest_route=\/wp\/v2\/posts\/294\/revisions\/970"}],"wp:featuredmedia":[{"embeddable":true,"href":"https:\/\/go.ianna.pl\/index.php?rest_route=\/wp\/v2\/media\/223"}],"wp:attachment":[{"href":"https:\/\/go.ianna.pl\/index.php?rest_route=%2Fwp%2Fv2%2Fmedia&parent=294"}],"wp:term":[{"taxonomy":"category","embeddable":true,"href":"https:\/\/go.ianna.pl\/index.php?rest_route=%2Fwp%2Fv2%2Fcategories&post=294"},{"taxonomy":"post_tag","embeddable":true,"href":"https:\/\/go.ianna.pl\/index.php?rest_route=%2Fwp%2Fv2%2Ftags&post=294"}],"curies":[{"name":"wp","href":"https:\/\/api.w.org\/{rel}","templated":true}]}}