{"id":305,"date":"2022-12-01T19:02:00","date_gmt":"2022-12-01T19:02:00","guid":{"rendered":"https:\/\/go.ianna.pl\/?p=305"},"modified":"2025-04-29T08:37:37","modified_gmt":"2025-04-29T08:37:37","slug":"gorce","status":"publish","type":"post","link":"https:\/\/go.ianna.pl\/?p=305","title":{"rendered":"Gorce 2022"},"content":{"rendered":"<p><img loading=\"lazy\" decoding=\"async\" class=\"alignnone size-medium\" src=\"https:\/\/lh3.googleusercontent.com\/pw\/AP1GczOeZ6it1Z37bJoLmcDazNg07BcXpo61GzVZH8CtozLBVsdM1WOsQxJmdVVJhO8T64__d6m-EIqM4HtSKvl_0CCA1BirdWcejS32lQdLbUkqFk0P7p_3ExsX83N6dr7rb9XRS4c5D_wvz1Xt-eDKZc0rtw=w1172-h772-s-no-gm?authuser=0\" width=\"1172\" height=\"772\" \/><\/p>\n<p><span style=\"font-size: 14px;\"><a href=\"https:\/\/photos.app.goo.gl\/quxPe29Gq1n9jeg16\" target=\"_blank\" rel=\"noopener\">2022_09_25<\/a> Gorc<\/span><\/p>\n<p><span style=\"font-size: 14px;\"><a href=\"https:\/\/photos.app.goo.gl\/SzQ3z4MbrGad7oRg8\" target=\"_blank\" rel=\"noopener\">2022_09_25<\/a> Jank\u00f3wki, \u017bubrowisko<\/span><\/p>\n<p><span style=\"font-size: 14px;\"><a href=\"https:\/\/photos.app.goo.gl\/TC5yCaXHhDzo5E1Q9\" target=\"_blank\" rel=\"noopener\">2022_09_02<\/a> Magurki<\/span><\/p>\n<p><span style=\"font-size: 14px;\"><a href=\"https:\/\/photos.app.goo.gl\/YnuxNLjneUncyjXp7\" target=\"_blank\" rel=\"noopener\">2022_09_02<\/a> Luba\u0144<\/span><\/p>\n<p><span style=\"font-size: 14px;\"><a href=\"https:\/\/photos.app.goo.gl\/DYJKna7hnEWV8LZq8\" target=\"_blank\" rel=\"noopener\">2022_08_15<\/a> Jasien, Gorc Troszacki<\/span><\/p>\n<p><span style=\"font-size: 14px;\"><a href=\"https:\/\/photos.app.goo.gl\/HogoUXRHvysKRkzZA\" target=\"_blank\" rel=\"noopener\">2022_03_06<\/a> \u0141opuszna<\/span><\/p>\n<p><span style=\"font-size: 14px;\"><a href=\"https:\/\/photos.app.goo.gl\/fnRTjj2XBJwhyn1D9\" target=\"_blank\" rel=\"noopener\">2022_01_02<\/a> Rabka<\/span><\/p>\n<p style=\"text-align: justify;\"><span style=\"font-size: 14px;\">Gorce maj\u0105 Turbacz (1.310m) i to ju\u017c by wystarczy\u0142o za wszystkie atrakcje. Szlaki podej\u015bciowe z Rabki,\u00a0 Rdzawki, Obidowej (trasa narciarstwa \u015bladowego &#8222;\u015aladami Olimpijczyk\u00f3w&#8221;), Klikuszowej, z \u0141opusznej skrupulatnie przerobione. Sympatia bezwarunkowa!\u00a0 A pozostaje jeszcze cz\u0119\u015b\u0107 wschodnia przedzielona dolin\u0105 Ochotnicy: po\u0142udnie Luba\u0144 i p\u00f3\u0142nocne Gorc, Kud\u0142o\u0144.\u00a0 Szlaki piesze co rusz natrafiaj\u0105 na dawne pasterskie polany i hale. Gdzie nie gdzie zachowa\u0142y si\u0119 \u015blady intensywnej gospodarki pasterskiej obecnie zachowanej w formie wypas\u00f3w kulturowych.\u00a0 \u00a0Naturaln\u0105 granic\u0105 z dalej na wsch\u00f3d po\u0142o\u017conym Beskidem Wyspowym jest dolina Kamienicy z wij\u0105c\u0105 si\u0119 wzd\u0142u\u017c malownicz\u0105 drog\u0105 nr 968. Trzeba koniecznie zatrzyma\u0107 si\u0119 w Szczawie dla tutejszych \u017ar\u00f3de\u0142 wody mineralnej.\u00a0 Gorce s\u0105 super!\u00a0<\/span><\/p>\n<p><span style=\"font-size: 14px;\">Polana Jaworzyna Kamieniecka, stycze\u0144 2023.<\/span><\/p>\n<p><img loading=\"lazy\" decoding=\"async\" class=\"alignnone wp-image-977 size-large\" src=\"http:\/\/go.ianna.pl\/wp-content\/uploads\/2025\/02\/tur_01-1024x768.jpg\" alt=\"\" width=\"1024\" height=\"768\" srcset=\"https:\/\/go.ianna.pl\/wp-content\/uploads\/2025\/02\/tur_01-1024x768.jpg 1024w, https:\/\/go.ianna.pl\/wp-content\/uploads\/2025\/02\/tur_01-300x225.jpg 300w, https:\/\/go.ianna.pl\/wp-content\/uploads\/2025\/02\/tur_01-768x576.jpg 768w, https:\/\/go.ianna.pl\/wp-content\/uploads\/2025\/02\/tur_01.jpg 1170w\" sizes=\"auto, (max-width: 1024px) 100vw, 1024px\" \/><\/p>\n<p><span style=\"font-size: 14px;\">Turbacz, stycze\u0144 2018<\/span><\/p>\n<p><img loading=\"lazy\" decoding=\"async\" class=\"alignnone wp-image-978 size-large\" src=\"http:\/\/go.ianna.pl\/wp-content\/uploads\/2025\/02\/tur_02-1024x768.jpg\" alt=\"\" width=\"1024\" height=\"768\" srcset=\"https:\/\/go.ianna.pl\/wp-content\/uploads\/2025\/02\/tur_02-1024x768.jpg 1024w, https:\/\/go.ianna.pl\/wp-content\/uploads\/2025\/02\/tur_02-300x225.jpg 300w, https:\/\/go.ianna.pl\/wp-content\/uploads\/2025\/02\/tur_02-768x576.jpg 768w, https:\/\/go.ianna.pl\/wp-content\/uploads\/2025\/02\/tur_02.jpg 1170w\" sizes=\"auto, (max-width: 1024px) 100vw, 1024px\" \/><\/p>\n<p><span style=\"font-size: 14px;\">Ciekawostka: gmina Ochotnica w wie\u017ce zasobna!<\/span><\/p>\n<p><img loading=\"lazy\" decoding=\"async\" class=\"alignnone size-medium\" src=\"https:\/\/lh3.googleusercontent.com\/pw\/AP1GczPQ5JJ-R9LB4pvm9mAlCNAclz9kIO9y7YTz-O8w4euI5sNDi-F3Lw-2uIfEQrtcWgXXVGxrLfkfkxM0nbWRj60UEBA9vEvGo2G7A_CVyWebwI2n4xw6sIJ2xGFr_Lrd_jw4Q0BYAK1MDT9G97WNe-1idQ=w1000-h733-s-no-gm?authuser=0\" width=\"1000\" height=\"733\" \/><\/p>\n","protected":false},"excerpt":{"rendered":"<p>2022_09_25 Gorc 2022_09_25 Jank\u00f3wki, \u017bubrowisko 2022_09_02 Magurki 2022_09_02 Luba\u0144 2022_08_15 Jasien, Gorc Troszacki 2022_03_06 \u0141opuszna 2022_01_02 Rabka Gorce maj\u0105 Turbacz (1.310m) i to ju\u017c by wystarczy\u0142o za wszystkie atrakcje. Szlaki podej\u015bciowe z Rabki,\u00a0 Rdzawki, Obidowej (trasa narciarstwa \u015bladowego &#8222;\u015aladami Olimpijczyk\u00f3w&#8221;), Klikuszowej, z \u0141opusznej skrupulatnie przerobione. Sympatia bezwarunkowa!\u00a0 A pozostaje jeszcze cz\u0119\u015b\u0107 wschodnia przedzielona dolin\u0105 Ochotnicy: po\u0142udnie Luba\u0144 i p\u00f3\u0142nocne Gorc, Kud\u0142o\u0144.\u00a0 Szlaki piesze co rusz [&hellip;]<\/p>\n","protected":false},"author":1,"featured_media":82,"comment_status":"closed","ping_status":"closed","sticky":false,"template":"","format":"standard","meta":{"footnotes":""},"categories":[17],"tags":[21,16],"class_list":["post-305","post","type-post","status-publish","format-standard","has-post-thumbnail","hentry","category-kar","tag-beskidypieniny","tag-go"],"_links":{"self":[{"href":"https:\/\/go.ianna.pl\/index.php?rest_route=\/wp\/v2\/posts\/305","targetHints":{"allow":["GET"]}}],"collection":[{"href":"https:\/\/go.ianna.pl\/index.php?rest_route=\/wp\/v2\/posts"}],"about":[{"href":"https:\/\/go.ianna.pl\/index.php?rest_route=\/wp\/v2\/types\/post"}],"author":[{"embeddable":true,"href":"https:\/\/go.ianna.pl\/index.php?rest_route=\/wp\/v2\/users\/1"}],"replies":[{"embeddable":true,"href":"https:\/\/go.ianna.pl\/index.php?rest_route=%2Fwp%2Fv2%2Fcomments&post=305"}],"version-history":[{"count":9,"href":"https:\/\/go.ianna.pl\/index.php?rest_route=\/wp\/v2\/posts\/305\/revisions"}],"predecessor-version":[{"id":1363,"href":"https:\/\/go.ianna.pl\/index.php?rest_route=\/wp\/v2\/posts\/305\/revisions\/1363"}],"wp:featuredmedia":[{"embeddable":true,"href":"https:\/\/go.ianna.pl\/index.php?rest_route=\/wp\/v2\/media\/82"}],"wp:attachment":[{"href":"https:\/\/go.ianna.pl\/index.php?rest_route=%2Fwp%2Fv2%2Fmedia&parent=305"}],"wp:term":[{"taxonomy":"category","embeddable":true,"href":"https:\/\/go.ianna.pl\/index.php?rest_route=%2Fwp%2Fv2%2Fcategories&post=305"},{"taxonomy":"post_tag","embeddable":true,"href":"https:\/\/go.ianna.pl\/index.php?rest_route=%2Fwp%2Fv2%2Ftags&post=305"}],"curies":[{"name":"wp","href":"https:\/\/api.w.org\/{rel}","templated":true}]}}