{"id":320,"date":"2022-12-01T08:32:13","date_gmt":"2022-12-01T08:32:13","guid":{"rendered":"https:\/\/go.ianna.pl\/?p=320"},"modified":"2025-08-25T09:58:39","modified_gmt":"2025-08-25T09:58:39","slug":"beskid-sadecki-2022","status":"publish","type":"post","link":"https:\/\/go.ianna.pl\/?p=320","title":{"rendered":"Beskid S\u0105decki 2022"},"content":{"rendered":"<p><img loading=\"lazy\" decoding=\"async\" class=\"alignnone size-medium\" src=\"https:\/\/lh3.googleusercontent.com\/pw\/AP1GczO-m5IRj1HS06032hqnIKcJ_H6TRqGVsZ5q3faUUqltZBQkrdsYpNlUOZSUgSBwKIa8IIu1ZTcKGIW0mTK5CotABwxmiuY_wYDbvz76ByICLEVroThBzdUXU9kGmR5jj8R4L2tgHSyVm7jiDffXZTqzbw=w1293-h609-s-no-gm?authuser=0\" width=\"1293\" height=\"609\" \/><\/p>\n<p><span style=\"font-size: 14px;\"><a href=\"https:\/\/photos.app.goo.gl\/d4rTGryGsrxAfpjdA\" target=\"_blank\" rel=\"noopener\">2022_05_14<\/a> Hala \u0141abowska<\/span><\/p>\n<p><span style=\"font-size: 14px;\"><a href=\"https:\/\/photos.app.goo.gl\/RTGMh4syfN6u2bY9A\" target=\"_blank\" rel=\"noopener\">2022_05_13<\/a> Wielki Rogacz<\/span><\/p>\n<p><span style=\"font-size: 14px;\"><a href=\"https:\/\/photos.app.goo.gl\/zZrzpNrApBFKdBh1A\" target=\"_blank\" rel=\"noopener\">2022_05_12<\/a> Piwniczna<\/span><\/p>\n<p><span style=\"font-size: 14px;\"><a href=\"https:\/\/photos.app.goo.gl\/JizAaRMmPx6EmZ8U9\" target=\"_blank\" rel=\"noopener\">2022_05_08<\/a> Koziarz<\/span><\/p>\n<p><span style=\"font-size: 14px;\"><a href=\"https:\/\/photos.app.goo.gl\/MozqvCw2D18hqNf76\" target=\"_blank\" rel=\"noopener\">2022_03_20<\/a> Muszyna<\/span><\/p>\n<p><span style=\"font-size: 14px;\"><a href=\"https:\/\/photos.app.goo.gl\/Q4UTftNGdTkRYfYP8\" target=\"_blank\" rel=\"noopener\">2022_03_12<\/a> Stary S\u0105cz<\/span><\/p>\n<p style=\"text-align: justify;\"><span style=\"font-size: 14px;\">Beskid S\u0105decki jest podzielony dolin\u0105 Popradu na dwie cz\u0119\u015bci: Pasmo Radziejowej\u00a0 i Pasmo Jaworzyny Krynickiej. \u015awietnie zagospodarowany region a GSB wiedzie przez jego najwi\u0119ksze atrakcje turystyczne. Pere\u0142k\u0105 miejsk\u0105 jest oczywi\u015bcie Krynica Zdr\u00f3j\u00a0 z odnowionymi willami w centrum i ca\u0142ym baga\u017cem historycznym. Tylko Patrii Jana Kiepury szkoda. Dalej Muszyna z ciekawym rynkiem, ogrodami tematycznymi i niedawno oddanym po renowacji zamkiem. I wreszcie Piwniczna Zdr\u00f3j dobry punkt wypadowy na Hal\u0119 \u0141abowsk\u0105 i do Suchej Doliny. Rodzinne miasteczko Danuty Szaflarskiej. No i jest tam zlokalizowana wytw\u00f3rnia\u00a0 jednej z lepszych w\u00f3d mineralnych &#8211; Piwniczanki. \u017begiest\u00f3w wychodzi z niebytu (d\u0142ugo!). Cho\u0107 najlepsze czasy mia\u0142 w II RP. Za to Stary S\u0105cz zaskarbi\u0142 sympati\u0119 za rynek, ciekaw\u0105 histori\u0119, inicjatywy kulturalne, znanych: Ada Sari i J\u00f3zef Tischner i kawiarni\u0119 Marysie\u0144ka.\u00a0 No i jak tu nie lubi\u0107 Beskidu S\u0105deckiego?\u00a0\u00a0<\/span><\/p>\n<p><span style=\"font-size: 14px;\">2025 &#8211; Radziejowa skiturowo<\/span><\/p>\n<p><img loading=\"lazy\" decoding=\"async\" class=\"alignnone size-medium\" src=\"https:\/\/lh3.googleusercontent.com\/pw\/AP1GczNYC4UW-x7CjJzHqybKx5z_F5OPq88HjFPQOrrdOOP0Hkf9Yk1e7alw2r9AFYEkb5cX0_ckbUY9ic5uUCvUBZsVZAKlIPCRaaEfJzX6Jr4ECQtX1nTKqhbwrZ06CIt1_OXp7v4SldrsXLYHvUCtVjraxg=w1000-h750-s-no-gm?authuser=0\" width=\"1000\" height=\"750\" \/><\/p>\n","protected":false},"excerpt":{"rendered":"<p>2022_05_14 Hala \u0141abowska 2022_05_13 Wielki Rogacz 2022_05_12 Piwniczna 2022_05_08 Koziarz 2022_03_20 Muszyna 2022_03_12 Stary S\u0105cz Beskid S\u0105decki jest podzielony dolin\u0105 Popradu na dwie cz\u0119\u015bci: Pasmo Radziejowej\u00a0 i Pasmo Jaworzyny Krynickiej. \u015awietnie zagospodarowany region a GSB wiedzie przez jego najwi\u0119ksze atrakcje turystyczne. Pere\u0142k\u0105 miejsk\u0105 jest oczywi\u015bcie Krynica Zdr\u00f3j\u00a0 z odnowionymi willami w centrum i ca\u0142ym baga\u017cem historycznym. Tylko Patrii Jana Kiepury szkoda. Dalej Muszyna z ciekawym [&hellip;]<\/p>\n","protected":false},"author":1,"featured_media":216,"comment_status":"closed","ping_status":"closed","sticky":false,"template":"","format":"standard","meta":{"footnotes":""},"categories":[17],"tags":[21,10],"class_list":["post-320","post","type-post","status-publish","format-standard","has-post-thumbnail","hentry","category-kar","tag-beskidypieniny","tag-bsd"],"_links":{"self":[{"href":"https:\/\/go.ianna.pl\/index.php?rest_route=\/wp\/v2\/posts\/320","targetHints":{"allow":["GET"]}}],"collection":[{"href":"https:\/\/go.ianna.pl\/index.php?rest_route=\/wp\/v2\/posts"}],"about":[{"href":"https:\/\/go.ianna.pl\/index.php?rest_route=\/wp\/v2\/types\/post"}],"author":[{"embeddable":true,"href":"https:\/\/go.ianna.pl\/index.php?rest_route=\/wp\/v2\/users\/1"}],"replies":[{"embeddable":true,"href":"https:\/\/go.ianna.pl\/index.php?rest_route=%2Fwp%2Fv2%2Fcomments&post=320"}],"version-history":[{"count":7,"href":"https:\/\/go.ianna.pl\/index.php?rest_route=\/wp\/v2\/posts\/320\/revisions"}],"predecessor-version":[{"id":2041,"href":"https:\/\/go.ianna.pl\/index.php?rest_route=\/wp\/v2\/posts\/320\/revisions\/2041"}],"wp:featuredmedia":[{"embeddable":true,"href":"https:\/\/go.ianna.pl\/index.php?rest_route=\/wp\/v2\/media\/216"}],"wp:attachment":[{"href":"https:\/\/go.ianna.pl\/index.php?rest_route=%2Fwp%2Fv2%2Fmedia&parent=320"}],"wp:term":[{"taxonomy":"category","embeddable":true,"href":"https:\/\/go.ianna.pl\/index.php?rest_route=%2Fwp%2Fv2%2Fcategories&post=320"},{"taxonomy":"post_tag","embeddable":true,"href":"https:\/\/go.ianna.pl\/index.php?rest_route=%2Fwp%2Fv2%2Ftags&post=320"}],"curies":[{"name":"wp","href":"https:\/\/api.w.org\/{rel}","templated":true}]}}