{"id":325,"date":"2022-12-04T08:51:02","date_gmt":"2022-12-04T08:51:02","guid":{"rendered":"https:\/\/go.ianna.pl\/?p=325"},"modified":"2025-02-07T12:08:01","modified_gmt":"2025-02-07T12:08:01","slug":"pieniny-2022","status":"publish","type":"post","link":"https:\/\/go.ianna.pl\/?p=325","title":{"rendered":"Pieniny 2022"},"content":{"rendered":"<p><img loading=\"lazy\" decoding=\"async\" class=\"alignnone size-medium\" src=\"https:\/\/lh3.googleusercontent.com\/pw\/AP1GczOh4-o6QnrrGJ3Z75O2iS-kj2SfcrsXCxcbrTGQHzTHqJOVqZ33zrnUNeDnIiDEEBN1fG1srYycYTniW_Ksw59ychgZ143HwtN_1yR2-y_uTdTPkPuU3j6jpO-PcNbRnjoamAamF2LsYIMUngxIGZfXGw=w1835-h759-s-no-gm?authuser=0\" width=\"1835\" height=\"759\" \/><\/p>\n<p><span style=\"font-size: 14px;\">Nie brakowa\u0142o te\u017c wycieczek po Polskim Spiszu.<\/span><\/p>\n<p><span style=\"font-size: 14px;\"><a href=\"https:\/\/photos.app.goo.gl\/KWUa2vGbXTbgZodA6\" target=\"_blank\" rel=\"noopener\">2022_07_03<\/a> Szczawnica<img loading=\"lazy\" decoding=\"async\" class=\" wp-image-434 alignright\" src=\"http:\/\/go.ianna.pl\/wp-content\/uploads\/2024\/11\/png_pieniny.png\" alt=\"\" width=\"150\" height=\"150\" srcset=\"https:\/\/go.ianna.pl\/wp-content\/uploads\/2024\/11\/png_pieniny.png 180w, https:\/\/go.ianna.pl\/wp-content\/uploads\/2024\/11\/png_pieniny-150x150.png 150w\" sizes=\"auto, (max-width: 150px) 100vw, 150px\" \/><\/span><\/p>\n<p><span style=\"font-size: 14px;\"><a href=\"https:\/\/photos.app.goo.gl\/KriLwnDbjWStagnb9\" target=\"_blank\" rel=\"noopener\">2022_07_02<\/a> Sokolica<\/span><\/p>\n<p><span style=\"font-size: 14px;\"><a href=\"https:\/\/photos.app.goo.gl\/9BEo7tbM9rmH5zvj6\" target=\"_blank\" rel=\"noopener\">2020_07_01<\/a> Szafranowka<\/span><\/p>\n<p><span style=\"font-size: 14px;\"><a href=\"https:\/\/photos.app.goo.gl\/pAs2smKeMyj4it8X9\" target=\"_blank\" rel=\"noopener\">2022_06_29<\/a> \u017bar<\/span><\/p>\n<p><span style=\"font-size: 14px;\"><a href=\"https:\/\/photos.app.goo.gl\/e8g7vamiXtPGbBYs5\" target=\"_blank\" rel=\"noopener\">2022_05_29<\/a> Wysoka, Litawcowa<\/span><\/p>\n<p><span style=\"font-size: 14px;\"><a href=\"https:\/\/photos.app.goo.gl\/CJQEKUNXQjiXFxR36\" target=\"_blank\" rel=\"noopener\">2022_05_07<\/a> Szlachtowa, Kro\u015bcienko<\/span><\/p>\n<p><span style=\"font-size: 14px;\"><a href=\"https:\/\/photos.app.goo.gl\/59YDbE8sVPE3AejF8\" target=\"_blank\" rel=\"noopener\">2022_05_01<\/a> Jurg\u00f3w<\/span><\/p>\n<p><span style=\"font-size: 14px;\"><a href=\"https:\/\/photos.app.goo.gl\/qZvJPf5LPuGgyENQ6\" target=\"_blank\" rel=\"noopener\">2022_03_06<\/a> Czorsztyn, Spisz<\/span><\/p>\n<p style=\"text-align: justify;\"><span style=\"font-size: 14px;\">Pieniny od pieni\u0105cych si\u0119 w\u00f3d czy od pionowych \u015bcian prze\u0142omu Dunajca? Ciekawe pasmo z trzema r\u00f3\u017cnymi cz\u0119\u015bciami:<\/span><\/p>\n<ol>\n<li><span style=\"font-size: 14px;\">Pieniny W\u0142a\u015bciwe czyli w turyst\u00f3w zasobne okolice Trzech Koron (z jedynym dost\u0119pnym szczytem Okr\u0105glic\u0105 982m. W tej cz\u0119\u015bci wyr\u00f3\u017cnia si\u0119 jeszcze Pieninki z ikoniczna sosn\u0105 na szczycie Sokolicy.<\/span><\/li>\n<li><span style=\"font-size: 14px;\">Ma\u0142e Pieniny, paradoksalnie z najwy\u017cszym szczytem ca\u0142ego \u0142a\u0144cucha &#8211; Wysok\u0105 1.050m. Id\u0105c szlakiem grzbietowym warto przej\u015b\u0107 przez pi\u0119kny widokowo Wysoki Wierch.<\/span><\/li>\n<li><span style=\"font-size: 14px;\">Pieniny Spiskie\u00a0 najwy\u017cszy szczyt \u017bar 883m. Troch\u0119 nie z tej bajki ale te\u017c ciekawe.<\/span><\/li>\n<\/ol>\n<p style=\"text-align: justify;\"><span style=\"font-size: 14px;\">Turystycznie pasmo przypisywane do Beskid\u00f3w cho\u0107 z geomorfologicznej budowy to osobny \u0142a\u0144cuch Karpat. Centrum regionu Szczawnica, Kro\u015bcienko, Muzeum Pieni\u0144skie w Szlachtowej, Jaworki z cenion\u0105 Muzyczn\u0105 Owczarni\u0105 to tylko niekt\u00f3re miejsca koniecznie do zobaczenia. Pozostaje jeszcze Polski Spisz dla widok\u00f3w rozleg\u0142ych z Tatrami w tle.<\/span><\/p>\n<p><img loading=\"lazy\" decoding=\"async\" class=\"alignnone size-medium\" src=\"https:\/\/lh3.googleusercontent.com\/pw\/AP1GczNf9hLpKH6AX6mcSRyLKVsuEdVfj0GnPlq4nl5G1eIpIizTTfWmPe9G5w9XqlO3Tez6rFoLAkEaIexZne2xGHsQ6lFdC2Ptdz02kaGngpijX_s1QpvJOBi0kAGXMMBt8bt9Lge9zQBNbIm5fhyNnn4P2g=w1499-h923-s-no-gm?authuser=0\" width=\"1499\" height=\"923\" \/><\/p>\n<p><span style=\"font-size: 14px;\">Stycze\u0144 2025.\u00a0 Pod Durbaszk\u0105.<\/span><\/p>\n<p><img loading=\"lazy\" decoding=\"async\" class=\"alignnone size-medium\" src=\"https:\/\/lh3.googleusercontent.com\/pw\/AP1GczPL3ftm6INeIHwnDfDZNygdqoyuMyrIhwBBSjUdmcNny0Dps-1gk8o047uSEMPeCUjHHOEYpAO6al3T5Kob-8wk975avKMGkIOXh4myTLF77Fep6pJ3xbE91QaCvN32jTpp1PKn1mAI4pmH5mAcaWRWpA=w1000-h538-s-no-gm?authuser=0\" width=\"1000\" height=\"538\" \/><\/p>\n<p>&nbsp;<\/p>\n<p>&nbsp;<\/p>\n","protected":false},"excerpt":{"rendered":"<p>Nie brakowa\u0142o te\u017c wycieczek po Polskim Spiszu. 2022_07_03 Szczawnica 2022_07_02 Sokolica 2020_07_01 Szafranowka 2022_06_29 \u017bar 2022_05_29 Wysoka, Litawcowa 2022_05_07 Szlachtowa, Kro\u015bcienko 2022_05_01 Jurg\u00f3w 2022_03_06 Czorsztyn, Spisz Pieniny od pieni\u0105cych si\u0119 w\u00f3d czy od pionowych \u015bcian prze\u0142omu Dunajca? Ciekawe pasmo z trzema r\u00f3\u017cnymi cz\u0119\u015bciami: Pieniny W\u0142a\u015bciwe czyli w turyst\u00f3w zasobne okolice Trzech Koron (z jedynym dost\u0119pnym szczytem Okr\u0105glic\u0105 982m. W tej cz\u0119\u015bci wyr\u00f3\u017cnia si\u0119 jeszcze Pieninki [&hellip;]<\/p>\n","protected":false},"author":1,"featured_media":218,"comment_status":"closed","ping_status":"closed","sticky":false,"template":"","format":"standard","meta":{"footnotes":""},"categories":[17],"tags":[21,20],"class_list":["post-325","post","type-post","status-publish","format-standard","has-post-thumbnail","hentry","category-kar","tag-beskidypieniny","tag-pi"],"_links":{"self":[{"href":"https:\/\/go.ianna.pl\/index.php?rest_route=\/wp\/v2\/posts\/325","targetHints":{"allow":["GET"]}}],"collection":[{"href":"https:\/\/go.ianna.pl\/index.php?rest_route=\/wp\/v2\/posts"}],"about":[{"href":"https:\/\/go.ianna.pl\/index.php?rest_route=\/wp\/v2\/types\/post"}],"author":[{"embeddable":true,"href":"https:\/\/go.ianna.pl\/index.php?rest_route=\/wp\/v2\/users\/1"}],"replies":[{"embeddable":true,"href":"https:\/\/go.ianna.pl\/index.php?rest_route=%2Fwp%2Fv2%2Fcomments&post=325"}],"version-history":[{"count":11,"href":"https:\/\/go.ianna.pl\/index.php?rest_route=\/wp\/v2\/posts\/325\/revisions"}],"predecessor-version":[{"id":980,"href":"https:\/\/go.ianna.pl\/index.php?rest_route=\/wp\/v2\/posts\/325\/revisions\/980"}],"wp:featuredmedia":[{"embeddable":true,"href":"https:\/\/go.ianna.pl\/index.php?rest_route=\/wp\/v2\/media\/218"}],"wp:attachment":[{"href":"https:\/\/go.ianna.pl\/index.php?rest_route=%2Fwp%2Fv2%2Fmedia&parent=325"}],"wp:term":[{"taxonomy":"category","embeddable":true,"href":"https:\/\/go.ianna.pl\/index.php?rest_route=%2Fwp%2Fv2%2Fcategories&post=325"},{"taxonomy":"post_tag","embeddable":true,"href":"https:\/\/go.ianna.pl\/index.php?rest_route=%2Fwp%2Fv2%2Ftags&post=325"}],"curies":[{"name":"wp","href":"https:\/\/api.w.org\/{rel}","templated":true}]}}