{"id":335,"date":"2023-12-01T12:43:54","date_gmt":"2023-12-01T12:43:54","guid":{"rendered":"https:\/\/go.ianna.pl\/?p=335"},"modified":"2025-02-07T11:38:09","modified_gmt":"2025-02-07T11:38:09","slug":"beskid-slasko-morawski","status":"publish","type":"post","link":"https:\/\/go.ianna.pl\/?p=335","title":{"rendered":"Beskid \u015al\u0105sko &#8211; Morawski 2023"},"content":{"rendered":"<p><img loading=\"lazy\" decoding=\"async\" class=\"alignnone size-medium\" src=\"https:\/\/lh3.googleusercontent.com\/pw\/AP1GczMqm1feD8BQ1tw0AK99Dc4I7CCs5ZZx3wkRBfIZFL3p_pSMrIOAIrAa_L3B-GbgRQYPcJQO2CAiTRXkquLzW5nZEbXeiLRFyKq1V_yHf0P_hU0WJLPR20o6bwN2qvr3cBqfiFPSy6PHOEDdA8UyhI75VQ=w1575-h900-s-no-gm?authuser=0\" width=\"1575\" height=\"900\" \/><\/p>\n<p><span style=\"font-size: 14px;\"><a href=\"https:\/\/photos.app.goo.gl\/uKLXwAJzPqRXsMCn9\" target=\"_blank\" rel=\"noopener\">2022_10<\/a>\u00a0 \u00a0 Herczawa, Jab\u0142onk\u00f3w<\/span><\/p>\n<p><span style=\"font-size: 14px;\"><a href=\"https:\/\/photos.app.goo.gl\/aSF2kChkNFR4dEeG9\" target=\"_blank\" rel=\"noopener\">2023_01<\/a>\u00a0 \u00a0 Skansen Ro\u017cn\u00f3w, Prze\u0142\u0119cz Pustevny: Libu\u0161\u00edn, Mam\u011bnka, Stezka Vala\u0161ka<\/span><\/p>\n<p><img loading=\"lazy\" decoding=\"async\" class=\" wp-image-142 alignright\" style=\"font-size: 14px;\" src=\"http:\/\/go.ianna.pl\/wp-content\/uploads\/2024\/10\/Beskid_SM-300x250.jpg\" sizes=\"auto, (max-width: 306px) 100vw, 306px\" srcset=\"https:\/\/go.ianna.pl\/wp-content\/uploads\/2024\/10\/Beskid_SM-300x250.jpg 300w, https:\/\/go.ianna.pl\/wp-content\/uploads\/2024\/10\/Beskid_SM.jpg 601w\" alt=\"\" width=\"241\" height=\"201\" \/><\/p>\n<p><span style=\"font-size: 14px;\"><strong>Korona Beskid\u00f3w Czeskich<\/strong><\/span><\/p>\n<p><span style=\"font-size: 14px;\"><a href=\"https:\/\/goo.gl\/photos\/3VqKdphfv46chiWSA\" target=\"_blank\" rel=\"noopener\">2014_11<\/a>\u00a0 \u00a0 Lysa Hora, 1325m.<\/span><\/p>\n<p><span style=\"font-size: 14px;\"><a href=\"https:\/\/photos.app.goo.gl\/S6VPe5kwPy9NgrDq7\" target=\"_blank\" rel=\"noopener\">2022_10<\/a>\u00a0 \u00a0 Smrek, Bobek<\/span><\/p>\n<p><span style=\"font-size: 14px;\"><a href=\"https:\/\/photos.app.goo.gl\/o9tqM2VEAnwgyhmaA\" target=\"_blank\" rel=\"noopener\">2023_01<\/a>\u00a0 \u00a0 Velky Polom<\/span><\/p>\n<p><span style=\"font-size: 14px;\"><a href=\"https:\/\/photos.app.goo.gl\/QDniaNbR6mNGBxk6A\" target=\"_blank\" rel=\"noopener\">2023_02<\/a>\u00a0 \u00a0 Ropica<\/span><\/p>\n<p><span style=\"font-size: 14px;\"><a href=\"https:\/\/photos.app.goo.gl\/4fMHXhznjeSV8htS7\" target=\"_blank\" rel=\"noopener\">2023_03<\/a>\u00a0 \u00a0 Wielki Jawornik<\/span><\/p>\n<p style=\"text-align: justify;\"><span style=\"font-size: 14px;\"><em lang=\"cs\">Moravskoslezsk\u00e9 Beskydy &#8211;<\/em>\u00a0ustalona urz\u0119dowo nazwa polska <i>Beskid Morawsko-\u015al\u0105ski. <\/i>Do 1968 cz\u0119\u015b\u0107 Beskidu \u015al\u0105skiego. Dla mnie w pami\u0119ci pozostanie wyprawa skiturowa na Ropic\u0119. Co ciekawe bardzo mocno widoczne s\u0105 tu \u015blady ludowej kultury wo\u0142oskiej zar\u00f3wno materialnej (skansen w Ro\u017cnowie &#8211; koniecznie), jak w nazwach (Vala\u0161sk\u00e9 Klobouky), imprezach kulturalnych czy to\u017csamo\u015bci\u00a0 (Emil Zatopek)<\/span>.<\/p>\n<p><span style=\"font-size: 14px;\">Jaworowy, Ropica, marzec 2023.<\/span><\/p>\n<p><img loading=\"lazy\" decoding=\"async\" class=\"alignnone size-medium\" src=\"https:\/\/lh3.googleusercontent.com\/pw\/AP1GczN4KGUN03RsHVSPYZq-zH0Si7UBa4anJjSamv38fHRniB2y9iX5DVvayfmeZAREj9znAB9QdOfHxf3RlhbCt1PWI3A495KuAyUmnLfcH2pwYuDMGD1OuOXXMpMqdLzDqJxDOQvY1GChOsXsge1uL0Bang=w659-h878-s-no-gm?authuser=0\" width=\"659\" height=\"878\" \/><\/p>\n<p>&nbsp;<\/p>\n<p>&nbsp;<\/p>\n<p>&nbsp;<\/p>\n","protected":false},"excerpt":{"rendered":"<p>2022_10\u00a0 \u00a0 Herczawa, Jab\u0142onk\u00f3w 2023_01\u00a0 \u00a0 Skansen Ro\u017cn\u00f3w, Prze\u0142\u0119cz Pustevny: Libu\u0161\u00edn, Mam\u011bnka, Stezka Vala\u0161ka Korona Beskid\u00f3w Czeskich 2014_11\u00a0 \u00a0 Lysa Hora, 1325m. 2022_10\u00a0 \u00a0 Smrek, Bobek 2023_01\u00a0 \u00a0 Velky Polom 2023_02\u00a0 \u00a0 Ropica 2023_03\u00a0 \u00a0 Wielki Jawornik Moravskoslezsk\u00e9 Beskydy &#8211;\u00a0ustalona urz\u0119dowo nazwa polska Beskid Morawsko-\u015al\u0105ski. Do 1968 cz\u0119\u015b\u0107 Beskidu \u015al\u0105skiego. Dla mnie w pami\u0119ci pozostanie wyprawa skiturowa na Ropic\u0119. Co ciekawe bardzo mocno widoczne s\u0105 [&hellip;]<\/p>\n","protected":false},"author":1,"featured_media":222,"comment_status":"closed","ping_status":"closed","sticky":false,"template":"","format":"standard","meta":{"footnotes":""},"categories":[17],"tags":[21,13],"class_list":["post-335","post","type-post","status-publish","format-standard","has-post-thumbnail","hentry","category-kar","tag-beskidypieniny","tag-bsm"],"_links":{"self":[{"href":"https:\/\/go.ianna.pl\/index.php?rest_route=\/wp\/v2\/posts\/335","targetHints":{"allow":["GET"]}}],"collection":[{"href":"https:\/\/go.ianna.pl\/index.php?rest_route=\/wp\/v2\/posts"}],"about":[{"href":"https:\/\/go.ianna.pl\/index.php?rest_route=\/wp\/v2\/types\/post"}],"author":[{"embeddable":true,"href":"https:\/\/go.ianna.pl\/index.php?rest_route=\/wp\/v2\/users\/1"}],"replies":[{"embeddable":true,"href":"https:\/\/go.ianna.pl\/index.php?rest_route=%2Fwp%2Fv2%2Fcomments&post=335"}],"version-history":[{"count":9,"href":"https:\/\/go.ianna.pl\/index.php?rest_route=\/wp\/v2\/posts\/335\/revisions"}],"predecessor-version":[{"id":975,"href":"https:\/\/go.ianna.pl\/index.php?rest_route=\/wp\/v2\/posts\/335\/revisions\/975"}],"wp:featuredmedia":[{"embeddable":true,"href":"https:\/\/go.ianna.pl\/index.php?rest_route=\/wp\/v2\/media\/222"}],"wp:attachment":[{"href":"https:\/\/go.ianna.pl\/index.php?rest_route=%2Fwp%2Fv2%2Fmedia&parent=335"}],"wp:term":[{"taxonomy":"category","embeddable":true,"href":"https:\/\/go.ianna.pl\/index.php?rest_route=%2Fwp%2Fv2%2Fcategories&post=335"},{"taxonomy":"post_tag","embeddable":true,"href":"https:\/\/go.ianna.pl\/index.php?rest_route=%2Fwp%2Fv2%2Ftags&post=335"}],"curies":[{"name":"wp","href":"https:\/\/api.w.org\/{rel}","templated":true}]}}