{"id":386,"date":"2024-10-12T17:21:54","date_gmt":"2024-10-12T17:21:54","guid":{"rendered":"https:\/\/go.ianna.pl\/?p=386"},"modified":"2025-05-13T11:17:22","modified_gmt":"2025-05-13T11:17:22","slug":"wysowa-2024","status":"publish","type":"post","link":"https:\/\/go.ianna.pl\/?p=386","title":{"rendered":"Wysowa &#8211; Zdr\u00f3j 2024"},"content":{"rendered":"<p><span style=\"font-size: 14px;\"><a href=\"https:\/\/photos.app.goo.gl\/wPeim9XAKxeVtVbd7\" target=\"_blank\" rel=\"noopener\">2024_10_11<\/a>\u00a0Jas\u0142o, Karpacka Troja, Owczary, Ha\u0144czowa, Wysowa<\/span><\/p>\n<p style=\"text-align: justify;\"><span style=\"font-size: 14px;\"><strong>Jas\u0142o<\/strong> &#8211; obchodzi 80-lecie wysiedlenia mieszka\u0144c\u00f3w i barbarzy\u0144skiego zburzenia miasta. Hitlerowcy we wrze\u015bniu 1944r. nakazali opuszczenie Jas\u0142a i do stycznia 1945 grabili i wysadzali w powietrze dom po domu. W gruzach leg\u0142o 97% zabudowa\u0144.\u00a0<\/span><\/p>\n<p><img loading=\"lazy\" decoding=\"async\" class=\"alignnone size-medium\" src=\"https:\/\/lh3.googleusercontent.com\/pw\/AP1GczMIcvk27raJxlRAUcREtxmTEz5gBL-i2ejcYMY7rl0szr69o90a_sYuoosbm6GhazHKs7wUfbowXkba_xZLprGC6SBUvZ2ISiNk1lLV7K9wbPYpPG15MuXEVStHLsbP0xgr8nfbmB1-reLv5ETc6PpF=w1000-h636-s-no-gm?authuser=0\" width=\"1000\" height=\"636\" \/><\/p>\n<p style=\"text-align: justify;\"><span style=\"font-size: 14px;\"><strong>Skansen Archeologiczny Karpacka Troja<\/strong> w Trzcinicy\u00a0 w miejscu grodziska \u201eWa\u0142y Kr\u00f3lewskie\u201d. Jedno z najstarszych i najlepiej zachowanych grodzisk s\u0142owia\u0144skich!\u00a0<\/span><\/p>\n<p><img loading=\"lazy\" decoding=\"async\" class=\"alignnone size-medium\" src=\"https:\/\/lh3.googleusercontent.com\/pw\/AP1GczN2snGYmfiqbhTLGMPh67RtoddVTpKTzh2llDW-zUZUcq4XflBWhEojduvxEbZ1Oi_3ZaudNb-PcKE1GBRNwwOH7t4xs9tn_rDh4sglZoCIC6WWnaC5q1LVZcZfWZFBJgI21VMHGI7UNnYMhHhMbL3O=w1000-h548-s-no-gm?authuser=0\" width=\"1000\" height=\"548\" \/><\/p>\n<p><span style=\"font-size: 14px;\"><strong>Owczary<\/strong> \u2013 zabytkowa cerkiew greckokatolicka pw. Opieki Bogarodzicy z listy \u015awiatowego Dziedzictwa UNESCO, koniecznie!\u00a0 <\/span><\/p>\n<p><img loading=\"lazy\" decoding=\"async\" class=\"alignnone size-medium\" src=\"https:\/\/lh3.googleusercontent.com\/pw\/AP1GczOtPyimHvYbjGMIzB9JUWE1rqRyRRgR0DfnTJSa5astWeIjGvsokN84anIaQe7mutUb45UtDboJCiuoxTN2DptJrTaVr0wh6t12YTnT5AxPLLhTUQxCQPX3k7xdoXjaYSamziOi_Y7lBwR2YgArDQZO=w1000-h667-s-no-gm?authuser=0\" width=\"1000\" height=\"667\" \/><\/p>\n<p><span style=\"font-size: 14px;\"><strong>Ha\u0144czowa<\/strong> \u2013 \u00a0prawos\u0142awna cerkiew parafialna z XIX w. <\/span><\/p>\n<p><img loading=\"lazy\" decoding=\"async\" class=\"alignnone size-medium\" src=\"https:\/\/lh3.googleusercontent.com\/pw\/AP1GczP9pOBdkU4cDoF19pTTjP8rKPUW0YMMcIi6NOUSdLQFkTs0vbQzIg0nMWwAcMYJmgb4-SpVAC3XhOuNsiXIYsLYk3gnXXDJ_VVjZ0QJ6WKTqj4j95iTTlc2KZwZF2tFucXwQz0fzfe7t5nwy5ieHz6y=w1000-h667-s-no-gm?authuser=0\" width=\"1000\" height=\"667\" \/><\/p>\n<p><span style=\"font-size: 14px;\"><strong>Wysowa<\/strong> \u2013 Stary Dom Zdrojowy dalej trzyma najwy\u017cszy kulinarny poziom!<\/span><\/p>\n<p><img loading=\"lazy\" decoding=\"async\" class=\"alignnone size-medium\" src=\"https:\/\/lh3.googleusercontent.com\/pw\/AP1GczO9xrZHuE20YWLI9aoKzLNdQ7VeLvQUSjyQlI_T1HPStUEfoz57et77f1igdKt7rLxZxLPBaDgOG9DT07_MHLL9rRUztAB9d_DiyU0qt1Sr9FAaUkAT3CjgwxDsoFZiSoCIoDwqmUAYQw7gbDTIjIUw=w1000-h750-s-no-gm?authuser=0\" width=\"1000\" height=\"750\" \/><\/p>\n<p><span style=\"font-size: 14px;\"><a href=\"https:\/\/photos.app.goo.gl\/DAsXhCMF48bhss1y9\" target=\"_blank\" rel=\"noopener\">2024_10_12<\/a>\u00a0\u00a0<strong>Kozie \u017bebro<\/strong>\u00a0z Wysowej,\u00a0<strong>Ostry Wierch, Lackowa<\/strong>\u00a0z Ropek<\/span><\/p>\n<p style=\"text-align: justify;\"><span style=\"font-size: 14px;\">Kozie \u017bebro: rozgrzewka przed \u015bniadaniem, Szczyt na trasie GSB.\u00a0 \u00a0 Ostry Wierch i Lackowa \u2013 dwa najwy\u017csze szczyty BN w jeden dzie\u0144. Ale\u015b ty mi zaimponowa\u0142!\u00a0 \u00a0 \u00a0 \u00a0Hike: 13km \/ +1.000m \/ 4h30<\/span><\/p>\n<p><img loading=\"lazy\" decoding=\"async\" class=\"alignleft\" src=\"https:\/\/lh3.googleusercontent.com\/pw\/AP1GczMyut_H7QPZLtaXS67LiLxcUcdyV36hCW0RZmZorMSnmeUmGC-aEqTo94pMRGTfwdp95DgYGamO4-FHZVFD1p0n_KtH_miu3zUxlGssUfhA_WM8Y1cWYFAdzJCB0R3yeYukzRIM4YBmm8sWpSb-m1Ul=w1000-h750-s-no-gm?authuser=1\" width=\"333\" height=\"250\" \/><\/p>\n<p><img loading=\"lazy\" decoding=\"async\" class=\" alignright\" src=\"https:\/\/lh3.googleusercontent.com\/pw\/AP1GczOZbiT5zw4UzsfxRlHVune6rwJbjNayo6NpEdbBzP6lyqtNcnJcKQgCeKI5S-AJg0e90fRU6DuGJC-scdlwd2NcSCY9qNw0FCu-HJ8cr2m2NcVba8GJQQM_gxsUO-s0yZPdA4kdgh-tzNHvQbUjlwis=w1000-h750-s-no-gm?authuser=1\" width=\"335\" height=\"251\" \/><\/p>\n<p>&nbsp;<\/p>\n<p>&nbsp;<\/p>\n<p>&nbsp;<\/p>\n<p>&nbsp;<\/p>\n<p>&nbsp;<\/p>\n<p>&nbsp;<\/p>\n<p>&nbsp;<\/p>\n<p><img loading=\"lazy\" decoding=\"async\" class=\"alignleft\" src=\"https:\/\/lh3.googleusercontent.com\/pw\/AP1GczN3TXaWbZfrwKU1FUAgPW8ehFpzGIv1rhU4F4wmrh8u9x-0GVUY4YR2xGmNPjhiCWk3qGNKD03_jsAnjFHRoL12aCo5TJDDCD7q0gUGHNZ2u6ckbYiomiba12hpCqPNZkjVDUV-QYAYNISru9f_CqeE=w1000-h756-s-no-gm?authuser=1\" width=\"331\" height=\"250\" \/><\/p>\n<p><img loading=\"lazy\" decoding=\"async\" class=\"alignright\" src=\"https:\/\/lh3.googleusercontent.com\/pw\/AP1GczM_XOr-lNtopgtEcUqI43KGTLSPVc99AyLoXCZzO4WkmSHpw38J6T4vzG-NWNJc9-Fzdz7GKof5ugoRi-4IOs_vo7AVL4r5gSOuPh-zhAI9M64ibpMZXYyZm12QRudY-rgMo6-dXgP0V6GGIuW0wCMn=w1000-h750-s-no-gm?authuser=1\" width=\"333\" height=\"250\" \/><\/p>\n<p>&nbsp;<\/p>\n<p>&nbsp;<\/p>\n<p>&nbsp;<\/p>\n<p>&nbsp;<\/p>\n<p>&nbsp;<\/p>\n","protected":false},"excerpt":{"rendered":"<p>2024_10_11\u00a0Jas\u0142o, Karpacka Troja, Owczary, Ha\u0144czowa, Wysowa Jas\u0142o &#8211; obchodzi 80-lecie wysiedlenia mieszka\u0144c\u00f3w i barbarzy\u0144skiego zburzenia miasta. Hitlerowcy we wrze\u015bniu 1944r. nakazali opuszczenie Jas\u0142a i do stycznia 1945 grabili i wysadzali w powietrze dom po domu. W gruzach leg\u0142o 97% zabudowa\u0144.\u00a0 Skansen Archeologiczny Karpacka Troja w Trzcinicy\u00a0 w miejscu grodziska \u201eWa\u0142y Kr\u00f3lewskie\u201d. Jedno z najstarszych i najlepiej zachowanych grodzisk s\u0142owia\u0144skich!\u00a0 Owczary \u2013 zabytkowa cerkiew greckokatolicka pw. [&hellip;]<\/p>\n","protected":false},"author":1,"featured_media":159,"comment_status":"closed","ping_status":"closed","sticky":false,"template":"","format":"standard","meta":{"footnotes":""},"categories":[17],"tags":[9],"class_list":["post-386","post","type-post","status-publish","format-standard","has-post-thumbnail","hentry","category-kar","tag-bn"],"_links":{"self":[{"href":"https:\/\/go.ianna.pl\/index.php?rest_route=\/wp\/v2\/posts\/386","targetHints":{"allow":["GET"]}}],"collection":[{"href":"https:\/\/go.ianna.pl\/index.php?rest_route=\/wp\/v2\/posts"}],"about":[{"href":"https:\/\/go.ianna.pl\/index.php?rest_route=\/wp\/v2\/types\/post"}],"author":[{"embeddable":true,"href":"https:\/\/go.ianna.pl\/index.php?rest_route=\/wp\/v2\/users\/1"}],"replies":[{"embeddable":true,"href":"https:\/\/go.ianna.pl\/index.php?rest_route=%2Fwp%2Fv2%2Fcomments&post=386"}],"version-history":[{"count":9,"href":"https:\/\/go.ianna.pl\/index.php?rest_route=\/wp\/v2\/posts\/386\/revisions"}],"predecessor-version":[{"id":1430,"href":"https:\/\/go.ianna.pl\/index.php?rest_route=\/wp\/v2\/posts\/386\/revisions\/1430"}],"wp:featuredmedia":[{"embeddable":true,"href":"https:\/\/go.ianna.pl\/index.php?rest_route=\/wp\/v2\/media\/159"}],"wp:attachment":[{"href":"https:\/\/go.ianna.pl\/index.php?rest_route=%2Fwp%2Fv2%2Fmedia&parent=386"}],"wp:term":[{"taxonomy":"category","embeddable":true,"href":"https:\/\/go.ianna.pl\/index.php?rest_route=%2Fwp%2Fv2%2Fcategories&post=386"},{"taxonomy":"post_tag","embeddable":true,"href":"https:\/\/go.ianna.pl\/index.php?rest_route=%2Fwp%2Fv2%2Ftags&post=386"}],"curies":[{"name":"wp","href":"https:\/\/api.w.org\/{rel}","templated":true}]}}