{"id":40,"date":"2024-11-10T16:57:05","date_gmt":"2024-11-10T16:57:05","guid":{"rendered":"https:\/\/go.ianna.pl\/?p=40"},"modified":"2025-01-02T13:25:24","modified_gmt":"2025-01-02T13:25:24","slug":"grapy-zawoi","status":"publish","type":"post","link":"https:\/\/go.ianna.pl\/?p=40","title":{"rendered":"Grapy Zawoi"},"content":{"rendered":"<p style=\"padding-left: 40px; text-align: justify;\"><span style=\"font-family: arial, helvetica, sans-serif; font-size: 16px;\"><em><span style=\"font-size: 14px;\">Grapa czyli stromy grzbiet wzg\u00f3rza. Par\u0119 takich szlak\u00f3w nad Zawoj\u0105 jest z mi\u0142ymi dla oka perspektywami na Babi\u0105. Dobry pretekst by odnowi\u0107 znajomo\u015b\u0107 z miejscami lubianymi, sprawdzi\u0107 co nowego na szlaku.\u00a0<\/span><\/em> <a href=\"https:\/\/photos.app.goo.gl\/1AwYaa416LPHvJcG8\" target=\"_blank\" rel=\"noopener\"><img loading=\"lazy\" decoding=\"async\" class=\"wp-image-70 alignright\" src=\"http:\/\/go.ianna.pl\/wp-content\/uploads\/2024\/08\/foto.jpg\" alt=\"\" width=\"50\" height=\"37\" \/><\/a><\/span><\/p>\n<hr \/>\n<p><span style=\"font-family: arial, helvetica, sans-serif; font-size: 14px;\"><strong>2024_07_15<\/strong>\u00a0 Czato\u017ca, od Fickowych Rozstaj\u00f3w\u00a0 kawa\u0142kiem GSB na Modralov\u0105, Hala Kami\u0144skiego, Hala Barankowa, Czato\u017ca.<\/span><\/p>\n<p style=\"text-align: justify;\"><span style=\"font-family: arial, helvetica, sans-serif; font-size: 14px;\">Na Czato\u017cy piwniczki stoj\u0105 jak sta\u0142y. Nieco z boku \u017c\u00f3\u0142tego szlaku znajduje si\u0119 rekonstrukcja <strong>Grubej Jod\u0142y<\/strong> &#8211; rosn\u0105cej tu kiedy\u015b na wysoko\u015b\u0107 60m. 600 letnie drzewo zosta\u0142o powalone przez wiatr w 1914 roku. By\u0142a znan\u0105 atrakcj\u0105 rodz\u0105cej si\u0119 w XIX w. babiog\u00f3rskiej turystyki. Obecnie kamienna\u00a0 rekonstrukcja\u00a0 pnia obrazuje rzeczywiste rozmiary &#8211; prawie 7m obwodu! Przy okazji nieco poza tematem: &#8222;d<em>rzewo, zw\u0142aszcza wiecznie zielone \u015bwierki i jod\u0142y s\u0105 symbolem \u017cycia i \u015bwiata. Korzenie drzewa odnosz\u0105 si\u0119 do\u00a0 ciemnych i zimnych za\u015bwiat\u00f3w, pie\u0144 drzewa to codzienno\u015b\u0107, nasze \u017cycie, natomiast korona drzewa symbolizuje niebo&#8221;.\u00a0 <\/em>I jak tu nie lubi\u0107 g\u00f3rskich w\u0119dr\u00f3wek?\u00a0<\/span><\/p>\n<p><img loading=\"lazy\" decoding=\"async\" class=\"alignnone size-medium\" src=\"https:\/\/lh3.googleusercontent.com\/pw\/AP1GczN_OM31eyvx8dtpysbRk6fzmNwZkfwuXaprAp-R8A2IYumpvIpkJZOtiJeVEAZ9c1F8hHbMyTROfMquo6J10saQhl5Ku388JO64U9-MsD-QNz9vHXJEQfuAoGUtsB69QtNgwh7VMn70pqezqjjF3azXHA=w1000-h750-s-no-gm?authuser=0\" width=\"1000\" height=\"750\" \/><\/p>\n<p style=\"text-align: justify;\"><span style=\"font-family: arial, helvetica, sans-serif; font-size: 14px;\"><strong>Modralova<\/strong> ( nie: M\u0119dralowa &#8211; kt\u00f3ra jest najwy\u017cszym szczytem pasma od prze\u0142\u0119czy Glinne do prze\u0142\u0119czy Ja\u0142owieckiej). Modralov\u0105 upodobali sobie S\u0142owacy jako najdalej na p\u00f3\u0142noc wysuni\u0119ty punkt swojego kraju. Zaraz za szczytem otwiera si\u0119 perspektywa ulubionej <strong>Hali Kami\u0144skiego<\/strong>. Dla mnie jedno z pi\u0119kniejszych miejsc w Beskidzie \u017bywieckim!\u00a0<\/span><\/p>\n<p><img loading=\"lazy\" decoding=\"async\" class=\"alignnone size-medium\" src=\"https:\/\/lh3.googleusercontent.com\/pw\/AP1GczN1QN1Q7HO-HWpZYWAqaTbyLoI8SKpprla_R0wcr0vNXEa4Au1fKkPsMiBbC4DIYaPeIbppc78_153xmBfsCk_TepXh64xjbGIu8pZZxdnG3d_YCEA-MrAZtwyM00OrmGdMHdoApUeAdQtCdKPDHG8kGQ=w1000-h750-s-no-gm?authuser=0\" width=\"1000\" height=\"750\" \/><\/p>\n<p style=\"text-align: justify;\"><span style=\"font-size: 14px;\"><span style=\"font-family: arial, helvetica, sans-serif;\"><strong>Hala Barankowa <\/strong>\u00a0&#8211; <\/span><span style=\"font-family: arial, helvetica, sans-serif;\">do dzi\u015b odbywa si\u0119 tutaj tradycyjny wypas owiec. Jest i baca, i <\/span><span style=\"font-family: arial, helvetica, sans-serif;\">pasterski sza\u0142as i komercyjna sprzeda\u017c ser\u00f3w. Dobrych!<\/span><\/span><\/p>\n<p><img loading=\"lazy\" decoding=\"async\" class=\"alignleft\" src=\"https:\/\/lh3.googleusercontent.com\/pw\/AP1GczMYlA7TSOETYohBXvFBrSnxWWc1kaefUGdRbIAVDH0GY5GCwtveY68IK81kwk14iLSYo-OcNrqH8_UH--R-bbkXC4a5GRVtkRTr4rU7rL0juQHXb9N6LHa8b5dKSF0S8fwBgYRjZB023rVkWupL8qIpyw=w1000-h609-s-no-gm?authuser=0\" width=\"380\" height=\"231\" \/><\/p>\n<p><img loading=\"lazy\" decoding=\"async\" class=\"alignright\" src=\"https:\/\/lh3.googleusercontent.com\/pw\/AP1GczPgHlQTZ6alQPV2GwHrZHGpePIOmhBkfqnVSCujz3k8n95J9drRKBCLF6NZSWIWF1uCZ_Yr4kPOyU1pGpd0fIIYHcV4ZgqzSb-C2WzOYylio9VxCk_RYIaRFgndLK6KKh8iFFb9h19YIrWGcFY1D7S2vg=w1130-h890-s-no-gm?authuser=0\" width=\"294\" height=\"231\" \/><\/p>\n<p>&nbsp;<\/p>\n<p>&nbsp;<\/p>\n<p>&nbsp;<\/p>\n<p>&nbsp;<\/p>\n<p>&nbsp;<\/p>\n<p>&nbsp;<\/p>\n<p>&nbsp;<\/p>\n<hr \/>\n<p><span style=\"font-family: arial, helvetica, sans-serif; font-size: 14px;\"><strong>2024_08_11.<\/strong>\u00a0 \u00a0Zawoja Podry\u017cowane, Polana Cyrchel, Polana Norczak, Policzne, Mosorny Gro\u0144, Podry\u017cowane.<\/span><\/p>\n<p style=\"text-align: justify;\"><span style=\"font-family: arial, helvetica, sans-serif; font-size: 14px;\">Czarnym i niebieskim\u00a0 szlakiem z przysi\u00f3\u0142ka Podry\u017cowane do Policznego. Przez dwie polany: Cyrhel, prawie ca\u0142kowicie zaro\u015bni\u0119ta i <strong>Norczak<\/strong> pi\u0119kne miejsce z widokami na Mosorny Gro\u0144. Kiedy\u015b polany g\u00f3rskie z mozo\u0142em wydzierane z karpackiej puszczy s\u0142u\u017cy\u0142y g\u0142\u00f3wnie do wypasu. Zanik gospodarki pasterskiej i regularnego koszenia powoduje zarastanie lasem. Przyroda odbiera co by\u0142o kiedy\u015b jej!\u00a0<\/span><\/p>\n<p><img loading=\"lazy\" decoding=\"async\" class=\"alignnone size-medium\" src=\"https:\/\/lh3.googleusercontent.com\/pw\/AP1GczOMOkGo9WXVafpRj3jmFLmhe7tDv9M4gaaYTnqJAB9jakX8PTed47gKQFNqbykEtQJlHj5bL1chsJwOPxKc1tCvlTRvfO8hJHe2AYL9w8jQiZSt1Fs5i8xemC-mUUH8Bio56IAKpD_Tfiq8WbLdauzXsw=w1000-h750-s-no-gm?authuser=0\" width=\"1000\" height=\"750\" \/><\/p>\n<p style=\"text-align: justify;\"><span style=\"font-size: 14px;\"><span style=\"font-family: arial, helvetica, sans-serif;\"><strong>Mosorny Gro\u0144<\/strong>\u00a0 &#8211; to szczyt g\u00f3ruj\u0105cy nad okolic\u0105 od kt\u00f3rego bierze nazw\u0119 kolejka linowa a zim\u0105 \u015bwietnie przygotowany, p\u00f3\u0142tora kilometrowy stok narciarski. Latem zacne trasy dla downhillowc\u00f3w. <\/span><span style=\"font-family: arial, helvetica, sans-serif;\">\u00a0Na szczycie nowa wie\u017ca widokowa z panoram\u0105 Babiej G\u00f3ry i przy dobrej widoczno\u015bci nawet Tatr. Tu\u017c obok kolejna karczma &#8211; dla tych znu\u017conych przyd\u0142ug\u0105 jazd\u0105 kolejk\u0105 linow\u0105. Klimatyczne miejsce.\u00a0 \u00a0 \u00a0A zbyrcok? \u0141atwizna: metalowy dzwonek pasterski!<\/span><\/span><\/p>\n<p><img loading=\"lazy\" decoding=\"async\" class=\"alignnone size-medium\" src=\"https:\/\/lh3.googleusercontent.com\/pw\/AP1GczMlWr1wntLOgO3IZM5i3Sx3eQk5UNdOOuXzEq-9hX-cUwLL01x0q3_0ogGgYgi1YBCPcOLaTbUOS9ERtuaLVERYCbT5q4db21LXzihCxEsbqC68YD53002iVWrnpresXDujNl1TDaK8nbXLC585dCF3SA=w1000-h750-s-no-gm?authuser=0\" width=\"1000\" height=\"750\" \/><\/p>\n<p style=\"text-align: justify;\"><span style=\"font-size: 14px;\"><span style=\"font-family: arial, helvetica, sans-serif;\"><strong>Mosorczyk, <\/strong>wodospad: znana i urokliwa atrakcja Zawoi. Z ponad 8 m wysoko\u015bci przelewa si\u0119 krystaliczna woda\u00a0 <\/span><span style=\"font-family: arial, helvetica, sans-serif;\">Mosornego Potoku. Dobre miejsce na kr\u00f3tki spacer z pobliskiego parkingu lub miejsce na odpoczynek na szklaku np na Polic\u0119. <\/span><\/span><\/p>\n<p><img loading=\"lazy\" decoding=\"async\" class=\"alignleft\" src=\"https:\/\/lh3.googleusercontent.com\/pw\/AP1GczNiMPucYM1qIWqpIS281lJwmr8PKnuXlrE_mJCpb_Wz8P7GHtrrhe5rEqsJohqxf1e7H6V-_1Re1nawLsZDvWJx5jRPLpCsuHPnJe0MbWUFXTZVWigPOJEIk7ll6I2HTZIxDKxW8M1vR0C3JL3rkbUPyQ=w668-h890-s-no-gm?authuser=0\" width=\"300\" height=\"399\" \/><\/p>\n<p><a href=\"https:\/\/lh3.googleusercontent.com\/pw\/AP1GczPW4v4ysW7GI13SLfRwhcDVjp0WGPq0Ctsq8xgs5G0EXaw_WgWc5HuJp-ZaDpfHUi892K3OXjMLyFSEGKME_pRI0DW89i3JqMT0CykB37sl4j-tBCrMqRHD5x5cGBpTGGP5Z7e6OMLyLyMk7nwWjIAFqg=w831-h921-s-no-gm?authuser=0\"><img loading=\"lazy\" decoding=\"async\" class=\"alignright\" src=\"https:\/\/lh3.googleusercontent.com\/pw\/AP1GczPW4v4ysW7GI13SLfRwhcDVjp0WGPq0Ctsq8xgs5G0EXaw_WgWc5HuJp-ZaDpfHUi892K3OXjMLyFSEGKME_pRI0DW89i3JqMT0CykB37sl4j-tBCrMqRHD5x5cGBpTGGP5Z7e6OMLyLyMk7nwWjIAFqg=w803-h890-s-no-gm?authuser=0\" width=\"360\" height=\"399\" \/><\/a><\/p>\n<p>&nbsp;<\/p>\n<p>&nbsp;<\/p>\n<p>&nbsp;<\/p>\n<p>&nbsp;<\/p>\n<p>&nbsp;<\/p>\n<p>&nbsp;<\/p>\n<p>&nbsp;<\/p>\n<p>&nbsp;<\/p>\n<p>&nbsp;<\/p>\n<p>&nbsp;<\/p>\n<p>&nbsp;<\/p>\n<p style=\"text-align: justify;\"><span style=\"font-size: 14px;\"><span style=\"font-family: arial, helvetica, sans-serif;\"><strong>Pstr\u0105g Zawojski<\/strong>\u00a0w drodze powrotnej z parkingu przy wodospadzie. P<\/span><span style=\"font-family: arial, helvetica, sans-serif;\">str\u0105g w wersji sma\u017conej, w\u0119dzonej i innych wprost z w\u0142asnej hodowli\u00a0 (i w\u0119dzarni te\u017c!). No koniecznie!<\/span><\/span><\/p>\n<hr \/>\n<p><span style=\"font-family: arial, helvetica, sans-serif; font-size: 14px;\"><strong>2024_11_10<\/strong>\u00a0 \u00a0 Policzne, Krowiarki, Per\u0107 Przyrodnik\u00f3w, Sokolica, Bro\u017cki, Mosorny Gro\u0144.\u00a0 \u00a0<span style=\"font-family: arial, helvetica, sans-serif; font-size: 16px;\"><a href=\"https:\/\/photos.app.goo.gl\/Q8eso3rojiZh2kCd7\" target=\"_blank\" rel=\"noopener\"><img loading=\"lazy\" decoding=\"async\" class=\"wp-image-70 alignright\" src=\"http:\/\/go.ianna.pl\/wp-content\/uploads\/2024\/08\/foto.jpg\" alt=\"\" width=\"50\" height=\"37\" \/><\/a><\/span><\/span><\/p>\n<p style=\"text-align: justify;\"><span style=\"font-size: 14px;\"><strong>Per\u0107 Przyrodnik\u00f3w<\/strong>, nazwa szlaku \u0142\u0105cz\u0105cego G\u00f3rny P\u0142aj z Sokolic\u0105 niedawno przeze mnie zauwa\u017cona bo szlak zielony by\u0142 od zawsze. Mo\u017ce dlatego, \u017ce podej\u015bcie godne i trudno\u015b\u0107 nawi\u0105zuje (do\u015b\u0107 swobodnie) do charakterystyki Perci Akademik\u00f3w.\u00a0 \u00a0 \u00a0 \u00a0 <a href=\"https:\/\/goo.gl\/photos\/9EJLopx2MKfrc3LE9\" target=\"_blank\" rel=\"noopener\">2016_05_22<\/a> Per\u0107 A.<\/span><\/p>\n<p><img loading=\"lazy\" decoding=\"async\" class=\"alignleft\" src=\"https:\/\/lh3.googleusercontent.com\/pw\/AP1GczMTf1xfBpHIgWZ8fOdy4vyhh2WO3Xmih30ZOfG1MA6BhezfuAzctdEQcgzaUFbebhI0YFu3FbMnIB61tQoBtOD15j5edVwU0eBOcOoReqaJROYubQDvlzEykFiQ95zKsR8oCSzXUSu_FSiytg_n6S-i=w692-h923-s-no-gm?authuser=1\" width=\"353\" height=\"471\" \/><\/p>\n<p><img loading=\"lazy\" decoding=\"async\" class=\" alignright\" src=\"https:\/\/lh3.googleusercontent.com\/pw\/AP1GczMxLVFlMkFoAVDMwMIEQ_SgwutMNx9NI9-cdGMXMSiruGaVWxnO3J_kVBLAzKaQevIlfZYDHvTx7P_HPRmaaI5SzEkJxu3I_8OHNNXsOZSvRf89A8wYBF-txtF5Gap70BaCSnokux8Lf6nWJZ6cCk9g=w692-h923-s-no-gm?authuser=1\" width=\"352\" height=\"470\" \/><\/p>\n<p>&nbsp;<\/p>\n<p>&nbsp;<\/p>\n<p>&nbsp;<\/p>\n<p>&nbsp;<\/p>\n<p>&nbsp;<\/p>\n<p>&nbsp;<\/p>\n<p>&nbsp;<\/p>\n<p>&nbsp;<\/p>\n<p>&nbsp;<\/p>\n<p>&nbsp;<\/p>\n<p>&nbsp;<\/p>\n<p>&nbsp;<\/p>\n<p>&nbsp;<\/p>\n<p style=\"text-align: justify;\"><span style=\"font-size: 14px;\">Widok z Sokolicy: morze mgie\u0142 to efekt utrzymuj\u0105cego si\u0119 ju\u017c od kilku dni &#8222;zgni\u0142ego wy\u017cu&#8221; nad Polsk\u0105. W poszukiwaniu jesiennego s\u0142o\u0144ca\u00a0 rzesze turyst\u00f3w wybra\u0142y czerwony szlak na Babi\u0105 z Krowiarek.<\/span><\/p>\n<p><img loading=\"lazy\" decoding=\"async\" class=\"alignnone size-medium\" src=\"https:\/\/lh3.googleusercontent.com\/pw\/AP1GczMuko31V_TJE27fd_2lZlyY8WxsuYMB3J0-ZkPST-n79pBmjk7NJlibeoNT52VocBCSq7bMiFujsfH5469FVxbqCg1fozIZqUNF01d2NEyX7yXUoQzZF4o8RxnD84n86r-5DTFemqZt6cv8qN7jazSf=w1000-h570-s-no-gm?authuser=1\" width=\"1000\" height=\"570\" \/><\/p>\n<p style=\"text-align: justify;\"><span style=\"font-size: 14px;\">Pla\u017cing na Mosornym Groniu z widokiem na Babi\u0105.\u00a0 Za to na stoku armatki \u015bnie\u017cne ustawione i podpi\u0119te. Czekamy! Oby nie za d\u0142ugo.<\/span><\/p>\n<p><img loading=\"lazy\" decoding=\"async\" class=\"alignleft\" src=\"https:\/\/lh3.googleusercontent.com\/pw\/AP1GczPMpExYpv-nUu1pUTg3Us5ZxFmgm7j69fCWNpy4WrDRmFrqdzKREclj8EEecYbpwRPY8_EMm4k_FhZehgySyYcnis9_AYMn0ZOFwo0b9gtFRPaWanlRIt-zYakMt-S6nkk5vLPtpFUvo2NULooLhtIB=w1000-h595-s-no-gm?authuser=1\" width=\"420\" height=\"250\" \/><\/p>\n<p><img loading=\"lazy\" decoding=\"async\" class=\"alignright\" src=\"https:\/\/lh3.googleusercontent.com\/pw\/AP1GczOqbKE0E2KX5n3gZgqzkDMcrV2AmeCth83Cek6LHwXlozcdqyd-y6NGwsM22dNRCV99DIVWVntyDL8o-WG7LGPgRW2OiHfUZQs1N3c3QFl8zV31jF7xHL6gUZ6AHm3UuRF1SnEKXUXECj2u3Tdx-Eje=w1000-h750-s-no-gm?authuser=1\" width=\"333\" height=\"250\" \/><\/p>\n<p>&nbsp;<\/p>\n<p>&nbsp;<\/p>\n<p>&nbsp;<\/p>\n<p>&nbsp;<\/p>\n<p>&nbsp;<\/p>\n<p>&nbsp;<\/p>\n<p>&nbsp;<\/p>\n<p><a href=\"https:\/\/lh3.googleusercontent.com\/pw\/AP1GczNlEc3Bl7EY2iiwROa087cCpEg_CSOpO9Z06hpgDvKti3hw4e-kaGH4eCAqV3-rZTq0_lqd5E0i4wDvYXJJMtZyPeqqeLdtZstO_gH_ieHVphNqo1x3wFY7gC9xYWAL47x7AE214uYXCSqz9CYLqV1T=w881-h923-s-no-gm?authuser=0\"><img loading=\"lazy\" decoding=\"async\" class=\" alignright\" src=\"https:\/\/lh3.googleusercontent.com\/pw\/AP1GczNlEc3Bl7EY2iiwROa087cCpEg_CSOpO9Z06hpgDvKti3hw4e-kaGH4eCAqV3-rZTq0_lqd5E0i4wDvYXJJMtZyPeqqeLdtZstO_gH_ieHVphNqo1x3wFY7gC9xYWAL47x7AE214uYXCSqz9CYLqV1T=w881-h923-s-no-gm?authuser=0\" width=\"196\" height=\"205\" \/><\/a><\/p>\n<p style=\"text-align: justify;\"><span style=\"font-size: 14px;\"><span style=\"font-family: arial, helvetica, sans-serif;\"><strong>Policzne<\/strong>, kapliczka zb\u00f3jnicka z pocz\u0105tku XVIII wieku.\u00a0 Zgrabna bry\u0142a z charakterystyczn\u0105 cebulast\u0105 bani\u0105. Stoi w otoczeniu starych lip \u2013 pomnik\u00f3w przyrody. Wed\u0142ug tradycji jej fundatorami byli zb\u00f3jnicy, kt\u00f3rzy wznie\u015bli j\u0105 jako przeb\u0142agalne wotum za swoje grzechy. Podanie nie bez podstaw: <\/span><span style=\"font-family: arial, helvetica, sans-serif;\">w tych rejonach dzia\u0142a\u0142y znane zb\u00f3jnickie kompanie \u2013 m.in. J\u00f3zefa Baczy\u0144skiego. A obok jedna z lepszych restauracji w Zawoi &#8211; Karczma Zb\u00f3jnicka.<\/span><\/span><\/p>\n<p><img loading=\"lazy\" decoding=\"async\" class=\"alignleft\" src=\"https:\/\/lh3.googleusercontent.com\/pw\/AP1GczNMLCuZ6EplNVKzoDAD_yiUtqhWmMTs9k5F8h99GcWjHuMpgLIIr5-4bq05LUUbR8yFA45t_tGqidQpNYNp0gg0353E_F57rImNAT2OLGKlppvvi0ZTJtrB8t9V83NW6Mqd3jmmb1DDszu64BiHRncO=w725-h923-s-no-gm?authuser=1\" width=\"320\" height=\"408\" \/><\/p>\n<p>&nbsp;<\/p>\n<p>&nbsp;<\/p>\n<p>&nbsp;<\/p>\n<p><img loading=\"lazy\" decoding=\"async\" class=\" alignright\" src=\"https:\/\/lh3.googleusercontent.com\/pw\/AP1GczMBdfl1eLF-7DgJJHKLUKxUZMsvj2UkDN8QVxZNXsGpXrkGRHAxY0X-Tb0UqoMGvAM3L9viqmHFLChTQMtmclOWHYif08DX4DeE1u7_vocf0zObI7AH06giCsRemtqU9ly2-Xtyh_3zPQmM8B6Fv2ax=w1000-h684-s-no-gm?authuser=1\" width=\"418\" height=\"286\" \/><\/p>\n<p>&nbsp;<\/p>\n<p>&nbsp;<\/p>\n<p>&nbsp;<\/p>\n<p>&nbsp;<\/p>\n<p>&nbsp;<\/p>\n<p>&nbsp;<\/p>\n<p>&nbsp;<\/p>\n<p>&nbsp;<\/p>\n<hr \/>\n<p><span style=\"font-size: 14px;\">\u00a0 \u00a0 \u00a0 \u00a0 \u00a0 \u00a0 \u00a0<strong>Miejsca i ludzie<\/strong><\/span><\/p>\n<p style=\"text-align: justify;\"><span style=\"font-family: arial, helvetica, sans-serif; font-size: 14px;\"><strong>Korona Ziemi<\/strong>\u00a0 <\/span><span style=\"font-family: arial, helvetica, sans-serif; font-size: 14px;\">kiedy\u015b, <\/span><a href=\"https:\/\/goo.gl\/photos\/wXeYN6qn7SH2fZLLA\" target=\"_blank\" rel=\"noopener\"><span style=\"font-family: arial, helvetica, sans-serif; font-size: 14px;\">2015_04_06<\/span><\/a><span style=\"font-family: arial, helvetica, sans-serif; font-size: 14px;\"> ciekawa ekspozycja\u00a0 opisuj\u0105ca sukcesy polskich himalajist\u00f3w. Dzisiaj to zaplecze techniczne i du\u017cy\u00a0 parking dla entuzjast\u00f3w dw\u00f3ch k\u00f3\u0142ek w wydaniu g\u00f3rskim. W ostatnich latach powsta\u0142y liczne trasy ( ok 20 km) <\/span><span style=\"font-size: 14px;\">podjazdowe i zjazdowe, o r\u00f3\u017cnym stopniu trudno\u015bci. G\u0142ownie\u00a0 w kompleksie\u00a0 Mosornego Gronia a ich nazwy nawi\u0105zuj\u0105 do miejscowych: Dziablak, Wilcza \u0141apa, Tabakowy itp.\u00a0 Obok parkingu znajduje si\u0119 sekcja skoczni treningowych oraz \u015bcie\u017cka treningowa dla pocz\u0105tkuj\u0105cych. I co najwa\u017cniejsze ca\u0142y kompleks cieszy si\u0119 sporym zainteresowaniem.<\/span><\/p>\n<p>&nbsp;<\/p>\n<p style=\"text-align: justify;\"><span style=\"font-size: 14px;\"><strong><img loading=\"lazy\" decoding=\"async\" class=\"alignleft\" src=\"https:\/\/lh3.googleusercontent.com\/pw\/AP1GczPug0xeSk7Yc5QyxfsbIMHNNe6zqK308u_ASPMLB-kL7cJy5ML_D7dJVaUzKvuywnmvwSGuGGDP8Y0iRJyQgl-ahbUI4R0LB2OqFQt2nWA4rsbVWLZYawrOVooNjT2ch71j7PB0ne1VWbA0rZ3zt6Dqag=w632-h890-s-no-gm?authuser=0\" width=\"154\" height=\"217\" \/>Wystawa sta\u0142a BgPN<\/strong>. Odnowiona ekspozycja z\u00a0 prezentacjami multimedialnymi po\u015bwi\u0119conymi przyrodzie Babiej G\u00f3ry. Wystawa kulturowa przedstawia oryginalne eksponaty zwi\u0105zane z codziennymi zaj\u0119ciami mieszka\u0144c\u00f3w, a tak\u017ce stroje oraz wyposa\u017cenie chat G\u00f3rali Babiog\u00f3rskich.\u00a0<\/span><\/p>\n<p><img loading=\"lazy\" decoding=\"async\" class=\" alignright\" style=\"font-size: 14px;\" src=\"https:\/\/lh3.googleusercontent.com\/pw\/AP1GczOFUdgw3LR5GT4Fc4psw71S-iHk8ScrIlId55AbH4HFHFIxPwe7JYPvXeGxEAk_y1NbbQ6h1WnAu_ZDCFfQH5p3WIqlOshWERXIPevVklQAM0VSlrarnebtroE65yCpMbK-gOJtpQogHU1m_QKtqoivzg=w593-h890-s-no-gm?authuser=0\" width=\"268\" height=\"402\" \/><\/p>\n<p>&nbsp;<\/p>\n<p>&nbsp;<\/p>\n<p>&nbsp;<\/p>\n<p>&nbsp;<\/p>\n<p><span style=\"font-size: 14px;\"><strong>Ko\u015bci\u00f3\u0142 drewniany pw \u015bw. Klemensa.<\/strong>\u00a0<\/span><\/p>\n<p style=\"text-align: justify;\"><span style=\"font-size: 14px;\">W 1888 r. na\u00a0 miejscu Starego ko\u015bcio\u0142a postawiono now\u0105 \u015bwi\u0105tyni\u0119 ufundowan\u0105 przez \u00f3wczesnego w\u0142a\u015bciciela wsi\u00a0 arcyksi\u0119cia Albrechta Habsburga. <\/span><span style=\"font-size: 14px;\">Ko\u015bci\u00f3\u0142 nale\u017cy do wi\u0119kszych \u015bwi\u0105ty\u0144 drewnianych w po\u0142udniowej Polsce. Ciekawy g\u0142\u00f3wnie ze wzgl\u0119du na fakt, \u017ce stylistycznie odbiega od tradycyjnego wizerunku g\u00f3rskich, wiejskich ko\u015bci\u00f3\u0142k\u00f3w drewnianych, nawi\u0105zuj\u0105c raczej do wzorc\u00f3w obcych &#8211; niemieckich, tyrolskich i skandynawskich.<\/span><\/p>\n<p>&nbsp;<\/p>\n<p style=\"text-align: justify;\"><span style=\"font-size: 14px;\"><strong>Dworzec Babiog\u00f3rsk<\/strong>i wybudowany na pocz\u0105tku XX wieku. Dawna stacja turystyczna, pierwsza w rejonie Babiej G\u00f3ry, kt\u00f3ra wybudowana zosta\u0142a z inicjatywy cz\u0142onk\u00f3w Oddzia\u0142u Babiog\u00f3rskiego Towarzystwa Tatrza\u0144skiego.\u00a0<\/span><\/p>\n<p><img loading=\"lazy\" decoding=\"async\" class=\"alignnone size-medium\" src=\"https:\/\/lh3.googleusercontent.com\/pw\/AP1GczPJerNS4Qak9GSxz1rKc49ERRYwN81h3gAOnJSeZnxGkkkAGnpqyujj7mGF5-yDtq--ABVn1pK4jA6FmK1WvBqWs2Xb56m4qeXlRX6Ey0fH17SZ67maEsppYoZ92B6DKx30qAb-pOPs9E_ldgb0t8hugw=w1400-h824-s-no-gm?authuser=0\" width=\"1400\" height=\"824\" \/><\/p>\n<p style=\"text-align: justify;\"><strong><span style=\"font-size: 14px;\">Skansen PTTK im J. \u017baka\u00a0 \u00a0<\/span><\/strong><span style=\"font-size: 14px;\">W skansenie pod koniec 2021 roku zrekonstruowano w pierwotnej wersji z 1906 roku, dawne schronisko imienia doktora Hugona Zapa\u0142owicza z polany Markowe Szczawiny.<\/span><\/p>\n<p><img loading=\"lazy\" decoding=\"async\" class=\"alignnone size-medium\" src=\"https:\/\/lh3.googleusercontent.com\/pw\/AP1GczMaDvNqbeE50v5lQeSyP4HDW2Q3ZfrCXInjgzlb43jAjbJZoyHNnv4djFWCwt4vF9TAOb6p_zC86HSiWkY64KLY5KYZ-hbDCUABUea-2Pa8oz8G5v5KujOcq7aK6CMkO7C3rUjr-6Ig0RjQGqcvdDMU=w1000-h696-s-no-gm?authuser=1\" width=\"1000\" height=\"696\" \/><\/p>\n<p style=\"text-align: justify;\"><span style=\"font-size: 14px;\"><strong>Muzeum &#8211; Orawski Park Etnograficzny w Zubrzycy<\/strong>. W latach 30-tych XX wieku potomkowie so\u0142tysio-szlacheckiego rodu orawskiego Moniak\u00f3w przekazali na rzecz Skarbu Pa\u0144stwa maj\u0105tek rodzinny. Ale dopiero w 1951 roku niszczej\u0105cy dw\u00f3r wraz z zespo\u0142em budynk\u00f3w gospodarczych, zosta\u0142 odnowiony. Wtedy te\u017c narodzi\u0142a si\u0119 idea zorganizowania tam skansenu gromadz\u0105cego i chroni\u0105cego spu\u015bcizn\u0119 orawskiej kultury i historii. Z czasem uda\u0142o si\u0119 na miejscu odtworzy\u0107 ca\u0142\u0105 dawn\u0105 orawsk\u0105 wie\u015b, wraz z jej zabudowaniami, ma\u0142\u0105 architektur\u0105, zak\u0142adami przemys\u0142u wiejskiego, budynkami sakralnymi i u\u017cyteczno\u015bci publicznej.<\/span><\/p>\n<p><img loading=\"lazy\" decoding=\"async\" class=\"alignnone size-medium\" src=\"https:\/\/lh3.googleusercontent.com\/pw\/AP1GczOhrvkPdTd983Rdii6T3uhV1awuQz1FhSaGh-Th10kSynbldCntVgW_kCw10u6mlH6tJFocLRvDAFLVYTi692BpSFXCEJVligEEtl61aNEErEfwXGagdolkJL0yFv8nOFPMRQ9DbyZl_d65Y-M787XSFw=w1335-h890-s-no-gm?authuser=0\" width=\"1335\" height=\"890\" \/><\/p>\n<p style=\"text-align: justify;\"><img loading=\"lazy\" decoding=\"async\" class=\"alignleft\" src=\"https:\/\/lh3.googleusercontent.com\/pw\/AP1GczOtlsBOw9E68ockxMwQcbNbjdfqSMYtgXwxDefoB2qLjE_yAQi5A8ykMMpoLiSYOyNJ7ICWrTKO2iWBaiVj2H-5MZeErJ1vAyTj2Zj6p5Qac0c77qx5gXa2stCYFNjcpxV1Msxgy16qrO-K94yODaKpjw=w668-h890-s-no-gm?authuser=0\" width=\"302\" height=\"402\" \/><\/p>\n<p>&nbsp;<\/p>\n<p style=\"text-align: justify;\"><span style=\"font-size: 14px;\"><strong>W\u0142adys\u0142aw Szafer<\/strong>, botanik,\u00a0 prof UJ, pionier ochrony przyrody. Z jego inicjatywy lub przy czynnym wsparciu powsta\u0142y polskie parki narodowe min. Babiog\u00f3rski PN (1954)\u00a0<\/span><\/p>\n<p style=\"text-align: justify;\"><em><span style=\"font-size: 14px;\">\u201eNajgro\u017aniejszym wrogiem przyrody jest ludzka g\u0142upota i bezmy\u015blno\u015b\u0107. Nigdy nie z\u0142o\u017c\u0119 broni i nigdy nie od\u0142o\u017c\u0119 pi\u00f3ra by ratowa\u0107 polsk\u0105 przyrod\u0119\u201d.<\/span><\/em><\/p>\n<p style=\"text-align: justify;\"><span style=\"font-size: 14px;\"><strong>Hugo Zapa\u0142owicz<\/strong>\u00a0 prawnik, botanik,\u00a0 osiedli\u0142 si\u0119 w 1905r.\u00a0 Zawoi. Za\u0142o\u017cy\u0142 w 1905 roku Oddzia\u0142 Babiog\u00f3rski Polskiego Towarzystwa Tatrza\u0144skiego z siedzib\u0105 w Makowie Podhala\u0144skim p\u00f3\u017aniej w \u017bywcu. Doprowadzi\u0142 do wybudowania polskiego schroniska turystycznego, kt\u00f3re otwarto w 1906 r. na polanie Markowe Szczawiny. W tym te\u017c roku wyznakowa\u0142 kolorem czerwonym pierwszy polski szlak turystyczny w tej cz\u0119\u015bci Beskid\u00f3w, z Suchej Beskidzkiej przez Przys\u0142op do Zawoi (obecnie Z.Centrum), a nast\u0119pnie kilka dalszych szlak\u00f3w w rejonie Babiej G\u00f3ry.<\/span><\/p>\n<p style=\"text-align: justify;\"><span style=\"font-size: 14px;\"><strong>Wawrzyniec Szkolnik<\/strong> \u2013 przewodnik babiog\u00f3rski, nauczyciel ludowy, badacz okolic Babiej G\u00f3ry i gaw\u0119dziarz, zwany babiog\u00f3rskim Saba\u0142\u0105. Na jego cze\u015b\u0107 nazwano rozdro\u017ce na G\u00f3rnym P\u0142aju:\u00a0 Szkolnikowe Rozstaje &#8211; p<\/span><span style=\"font-size: 14px;\">ocz\u0105tek Perci Przyrodnik\u00f3w. Jego syn <\/span><span style=\"font-size: 14px;\"><b>Franciszek <\/b>by\u0142 babiog\u00f3rskim przewodnikiem i znakarzem.\u00a0<\/span><\/p>\n<p style=\"text-align: justify;\"><span style=\"font-size: 14px;\"><b>W\u0142adys\u0142aw Midowicz <\/b>polski geograf i meteorolog, dzia\u0142acz turystyczny, z zami\u0142owania turysta g\u00f3rski. W latach 1925\u20131926 wyznakowa\u0142 wszystkie polskie szlaki turystyczne w rejonie Babiej G\u00f3ry, w tym jeden z nielicznych w Beskidach odcinek o charakterze wysokog\u00f3rskim \u2013 Per\u0107 Akademik\u00f3w. W rejonie Babiej G\u00f3ry znany by\u0142 z tzw. \u201ewojny na p\u0119dzle\u201d, w ramach kt\u00f3rej walczy\u0142 ze znakami niemieckiej organizacji turystycznej Beskidenverein. W latach 1932\u20131937 by\u0142 gospodarzem schroniska na Markowych Szczawinach.<\/span><\/p>\n<hr \/>\n<p><span style=\"font-size: 14px;\"><strong>2024_01_29<\/strong><\/span><\/p>\n<p style=\"text-align: justify;\"><span style=\"font-size: 14px;\">Rok w pa\u015bmie Babiej i okolicach Zawoi rozpocz\u0105\u0142 si\u0119 od skiturowego wej\u015bcia na szczyt &#8222;star\u0105&#8221; nartostrad\u0105 z Prze\u0142. Krowiarki. Pierwszy raz po oficjalnym udost\u0119pnieniu trasy przez dyrekcj\u0119 BgPN. Spacer w przepi\u0119knych okoliczno\u015bciach przyrody. Inny \u015bwiat i dlatego Kapry\u015bnica jest nr. 1 moich beskidzkich top\u00f3w.<\/span><\/p>\n<p><span style=\"font-size: 14px;\">PS. Trasa jest ale nie wiedzie\u0107 czemu nie mo\u017cna z prze\u0142 Brona zjecha\u0107 do schroniska?\u00a0<a href=\"https:\/\/photos.app.goo.gl\/7u91HgHeGgsT4w7k9\" target=\"_blank\" rel=\"noopener\"><img loading=\"lazy\" decoding=\"async\" class=\"wp-image-70 alignright\" src=\"http:\/\/go.ianna.pl\/wp-content\/uploads\/2024\/08\/foto.jpg\" alt=\"\" width=\"50\" height=\"37\" \/><\/a><\/span><\/p>\n<p><img loading=\"lazy\" decoding=\"async\" class=\"alignnone size-medium\" src=\"https:\/\/lh3.googleusercontent.com\/pw\/AP1GczPS-GdyhChBT-GX9TN9MVS9B6dg6VL75UIH0gQTVInJ18eThN5JEd9KV-GZ3bvlwIUw6PzCrtYq01i4bjAJ1050EJXrTaMF-v9FFw9h1h4xiAh5W5KTXfGKx_biOxrYLnAsuybOuYV_ti-yzAj5gIIjoQ=w1000-h631-s-no-gm?authuser=0\" width=\"1000\" height=\"631\" \/><\/p>\n<p><img loading=\"lazy\" decoding=\"async\" class=\"alignnone size-medium\" src=\"https:\/\/lh3.googleusercontent.com\/pw\/AP1GczMOjkh3nGHWVOxoxGx8iveTS1GYeKh9ldtMJnoVurMc4oywA3fbZsvzUpLvhx3FukHp0HxKUm3jkVr_cCscnQvdBQFkVyV2hFvEzEpQdvQ9puDYx6XHSRp9FQ-u0qPsTb7btqABkSma3-dXlOC9O4L0Tw=w1000-h612-s-no-gm?authuser=0\" width=\"1000\" height=\"612\" \/><\/p>\n<p><a href=\"https:\/\/lh3.googleusercontent.com\/pw\/AP1GczM0Tuo9v9HxeSlP-MKGDg2q7Pf4w4fIDamBG_u4DhDh6D4StXoVKJqYBPSH2_lIzRBJsJLVtouHdiLqfE7faXDWW_gQJGv7736aI3MD98Pb7JAncxIlwjLEuZPA-VvpLCxBngGsGqjUKqSdnUFkuZjV4w=w1000-h530-s-no-gm?authuser=0\"><img loading=\"lazy\" decoding=\"async\" class=\"alignleft\" src=\"https:\/\/lh3.googleusercontent.com\/pw\/AP1GczM0Tuo9v9HxeSlP-MKGDg2q7Pf4w4fIDamBG_u4DhDh6D4StXoVKJqYBPSH2_lIzRBJsJLVtouHdiLqfE7faXDWW_gQJGv7736aI3MD98Pb7JAncxIlwjLEuZPA-VvpLCxBngGsGqjUKqSdnUFkuZjV4w=w1000-h530-s-no-gm?authuser=0\" width=\"424\" height=\"225\" \/><img loading=\"lazy\" decoding=\"async\" class=\" alignright\" src=\"https:\/\/lh3.googleusercontent.com\/pw\/AP1GczOaL8Jl5wQfXgsmwKTJzSkXzyR83-KZcQFf48_zDDlcRMwCdjMYCvqY6osmq_qvSqDmR6I19dMUHu-zxCQBxr7NM2pYQ8-cwiy9s__1P2Srz6Lm159XmvTweeMXRNloBx8CGH33T8jPCPi5ez0CoT7M-Q=w659-h878-s-no-gm?authuser=0\" width=\"280\" height=\"373\" \/><\/a><\/p>\n","protected":false},"excerpt":{"rendered":"<p>Grapa czyli stromy grzbiet wzg\u00f3rza. Par\u0119 takich szlak\u00f3w nad Zawoj\u0105 jest z mi\u0142ymi dla oka perspektywami na Babi\u0105. Dobry pretekst by odnowi\u0107 znajomo\u015b\u0107 z miejscami lubianymi, sprawdzi\u0107 co nowego na szlaku.\u00a0 2024_07_15\u00a0 Czato\u017ca, od Fickowych Rozstaj\u00f3w\u00a0 kawa\u0142kiem GSB na Modralov\u0105, Hala Kami\u0144skiego, Hala Barankowa, Czato\u017ca. Na Czato\u017cy piwniczki stoj\u0105 jak sta\u0142y. Nieco z boku \u017c\u00f3\u0142tego szlaku znajduje si\u0119 rekonstrukcja Grubej Jod\u0142y &#8211; rosn\u0105cej tu kiedy\u015b [&hellip;]<\/p>\n","protected":false},"author":1,"featured_media":68,"comment_status":"closed","ping_status":"closed","sticky":false,"template":"","format":"standard","meta":{"footnotes":""},"categories":[17],"tags":[14],"class_list":["post-40","post","type-post","status-publish","format-standard","has-post-thumbnail","hentry","category-kar","tag-bz"],"_links":{"self":[{"href":"https:\/\/go.ianna.pl\/index.php?rest_route=\/wp\/v2\/posts\/40","targetHints":{"allow":["GET"]}}],"collection":[{"href":"https:\/\/go.ianna.pl\/index.php?rest_route=\/wp\/v2\/posts"}],"about":[{"href":"https:\/\/go.ianna.pl\/index.php?rest_route=\/wp\/v2\/types\/post"}],"author":[{"embeddable":true,"href":"https:\/\/go.ianna.pl\/index.php?rest_route=\/wp\/v2\/users\/1"}],"replies":[{"embeddable":true,"href":"https:\/\/go.ianna.pl\/index.php?rest_route=%2Fwp%2Fv2%2Fcomments&post=40"}],"version-history":[{"count":67,"href":"https:\/\/go.ianna.pl\/index.php?rest_route=\/wp\/v2\/posts\/40\/revisions"}],"predecessor-version":[{"id":850,"href":"https:\/\/go.ianna.pl\/index.php?rest_route=\/wp\/v2\/posts\/40\/revisions\/850"}],"wp:featuredmedia":[{"embeddable":true,"href":"https:\/\/go.ianna.pl\/index.php?rest_route=\/wp\/v2\/media\/68"}],"wp:attachment":[{"href":"https:\/\/go.ianna.pl\/index.php?rest_route=%2Fwp%2Fv2%2Fmedia&parent=40"}],"wp:term":[{"taxonomy":"category","embeddable":true,"href":"https:\/\/go.ianna.pl\/index.php?rest_route=%2Fwp%2Fv2%2Fcategories&post=40"},{"taxonomy":"post_tag","embeddable":true,"href":"https:\/\/go.ianna.pl\/index.php?rest_route=%2Fwp%2Fv2%2Ftags&post=40"}],"curies":[{"name":"wp","href":"https:\/\/api.w.org\/{rel}","templated":true}]}}