{"id":470,"date":"2021-08-26T16:53:28","date_gmt":"2021-08-26T16:53:28","guid":{"rendered":"https:\/\/go.ianna.pl\/?p=470"},"modified":"2025-07-27T08:39:54","modified_gmt":"2025-07-27T08:39:54","slug":"wielka-korona-tatr","status":"publish","type":"post","link":"https:\/\/go.ianna.pl\/?p=470","title":{"rendered":"Wielka Korona Tatr"},"content":{"rendered":"<p>&nbsp;<\/p>\n<p style=\"text-align: justify;\"><em><span style=\"font-size: 14px;\">A c\u00f3\u017c mi do tego, \u017ce tam przede mn\u0105 stu ludzi ju\u017c by\u0142o, je\u017celi ja tam jeszcze nie by\u0142em? Wszak ka\u017cdy nowy dla mnie zak\u0105tek w Tatrach daje mi nowe wra\u017cenia, bez wzgl\u0119du na to, czy id\u0119 tam jako pierwszy, czy jako setny &#8211; i to mi powinno wystarczy\u0107, je\u015bli mam dusz\u0119 czuj\u0105c\u0105.<\/span><\/em><\/p>\n<p style=\"text-align: right;\"><em><strong><span style=\"font-size: 14px;\">Mariusz Zaruski<\/span><\/strong><\/em><\/p>\n<p>&nbsp;<\/p>\n<p><a href=\"https:\/\/lh3.googleusercontent.com\/pw\/AP1GczPRQ3Frr8MVIQ5ARp9xziwACNFH8th-lwm96yLtFWbsBx-2Xj9cfVQsedoSiKPtMWBwz7z_1crBxTYaoDiOdvdhldORHMchh1yBSlXYdOJAGMau2lOjK3z6E4tvOXtr-nAQy8nsSaYapdq9JcXtSpo-4g=w1200-h511-s-no-gm?authuser=0\"><img loading=\"lazy\" decoding=\"async\" class=\"alignnone size-medium\" src=\"https:\/\/lh3.googleusercontent.com\/pw\/AP1GczPRQ3Frr8MVIQ5ARp9xziwACNFH8th-lwm96yLtFWbsBx-2Xj9cfVQsedoSiKPtMWBwz7z_1crBxTYaoDiOdvdhldORHMchh1yBSlXYdOJAGMau2lOjK3z6E4tvOXtr-nAQy8nsSaYapdq9JcXtSpo-4g=w1200-h511-s-no-gm?authuser=0\" width=\"1200\" height=\"511\" \/><\/a><\/p>\n<p style=\"text-align: justify;\"><span style=\"font-size: 14px;\">Pomys\u0142 WKT jest inspirowany Koron\u0105 Himalaj\u00f3w i Karakorum, czyli grup\u0105 14 -tu\u00a0 szczyt\u00f3w\u00a0 przekraczaj\u0105cymi wysoko\u015b\u0107 8.000 metr\u00f3w. Dla g\u00f3ro\u0142az\u00f3w\u00a0 mniej ambitnych zaproponowano w 1998r. wykaz tatrza\u0144skich szczyt\u00f3w powy\u017cej 8.000 ale st\u00f3p! Aby ich liczb\u0119 ograniczy\u0107 do 14 dodano kryterium wybitno\u015bci, czyli szczyt powinien wznosi\u0107 si\u0119 na co najmniej 100 powy\u017cej s\u0105siaduj\u0105cej prze\u0142\u0119czy. I wysz\u0142o zgrabne zestawienia jak poni\u017cej:<\/span><\/p>\n<ol>\n<li><span style=\"font-size: 14px;\">Gerlach (2655 metr\u00f3w, 8743 st\u00f3p)\u00a0 \u00a0 \u00a0 \u00a0 \u00a0 \u00a0 \u00a0 \u00a0 \u00a0 \u00a0 \u00a0<a href=\"https:\/\/goo.gl\/photos\/Unf4eG9RjHL3Z2sR8\" target=\"_blank\" rel=\"noopener\">2017_07_02<\/a><\/span><\/li>\n<li><span style=\"font-size: 14px;\">\u0141omnica (2634 metr\u00f3w, 8642 st\u00f3p)\u00a0 \u00a0 \u00a0 \u00a0 \u00a0 \u00a0 \u00a0 \u00a0 \u00a0\u00a0 \u00a0<a href=\"https:\/\/photos.app.goo.gl\/YG3X1s3qZYfLxHu69\" target=\"_blank\" rel=\"noopener\">2018_09_18<\/a><\/span><\/li>\n<li><span style=\"font-size: 14px;\">Lodowy Szczyt (2627 metr\u00f3w, 8619 st\u00f3p)\u00a0 \u00a0 \u00a0 \u00a0 \u00a0\u00a0<a href=\"https:\/\/photos.app.goo.gl\/NVyTdbLBqLN3m5KE6\" target=\"_blank\" rel=\"noopener\">2021_08_26<\/a><\/span><\/li>\n<li><span style=\"font-size: 14px;\">Durny Szczyt (2623 metr\u00f3w, 8606 st\u00f3p)\u00a0 \u00a0 \u00a0 \u00a0 \u00a0 \u00a0 \u00a0<a href=\"https:\/\/photos.app.goo.gl\/YG3X1s3qZYfLxHu69\" target=\"_blank\" rel=\"noopener\">2018_09_18<\/a><\/span><\/li>\n<li><span style=\"font-size: 14px;\">Wysoka (2560 metr\u00f3w ,8399 st\u00f3p)\u00a0 \u00a0 \u00a0 \u00a0 \u00a0 \u00a0 \u00a0 \u00a0 \u00a0 \u00a0 \u00a0 <a href=\"https:\/\/photos.app.goo.gl\/yZKVtL9tsUtnMHmu9\" target=\"_blank\" rel=\"noopener\">2018_07_14<\/a><\/span><\/li>\n<li><span style=\"font-size: 14px;\">Kie\u017cmarski Szczyt (2558 metr\u00f3w, 8392 st\u00f3p)\u00a0 \u00a0 \u00a0<a href=\"https:\/\/photos.app.goo.gl\/49NAubmpTMb93yZ4A\" target=\"_blank\" rel=\"noopener\">2019_09_13<\/a>\u00a0 \u00a0 \u00a0 \u00a0\u00a0<\/span><\/li>\n<li><span style=\"font-size: 14px;\">Ko\u0144czysta (2538 metr\u00f3w, 8327 st\u00f3p)<\/span><\/li>\n<li><span style=\"font-size: 14px;\">Baranie Rogi (2526 metr\u00f3w, 8287 st\u00f3p)<\/span><\/li>\n<li><span style=\"font-size: 14px;\">Rysy (2503 metr\u00f3w, 8212 metr\u00f3w)\u00a0 \u00a0 \u00a0 \u00a0 \u00a0 \u00a0 \u00a0 \u00a0 \u00a0 \u00a0 <a href=\"https:\/\/goo.gl\/photos\/FYM5PWePrv6YXWCM6\" target=\"_blank\" rel=\"noopener\">2016_08_02<\/a><\/span><\/li>\n<li><span style=\"font-size: 14px;\">Krywa\u0144 (2494 metr\u00f3w, 8182 st\u00f3p)\u00a0 \u00a0 \u00a0 \u00a0 \u00a0 \u00a0 \u00a0 \u00a0 \u00a0 \u00a0 \u00a0<a href=\"https:\/\/goo.gl\/photos\/iQUFuQh3Pz8BVopV6\" target=\"_blank\" rel=\"noopener\">2017_07_09<\/a><\/span><\/li>\n<li><span style=\"font-size: 14px;\">Starole\u015bny Szczyt (2476 metr\u00f3w, 8123 st\u00f3p)\u00a0 \u00a0 <a href=\"https:\/\/photos.app.goo.gl\/4JHogSLepg6hZrkn8\" target=\"_blank\" rel=\"noopener\">2020_08_20<\/a><\/span><\/li>\n<li><span style=\"font-size: 14px;\">Ganek (2462 metr\u00f3w, 8077 st\u00f3p)\u00a0 \u00a0 \u00a0 \u00a0 \u00a0 \u00a0 \u00a0 \u00a0 \u00a0 \u00a0 \u00a0 <a href=\"https:\/\/photos.app.goo.gl\/jw3emiRaX9dcicYE6\" target=\"_blank\" rel=\"noopener\">2021_08_19<\/a><\/span><\/li>\n<li><span style=\"font-size: 14px;\">S\u0142awkowski Szczyt (2452 metr\u00f3w, 8045 st\u00f3p)\u00a0 \u00a0<a href=\"https:\/\/photos.app.goo.gl\/BEBcB0yAMtyQ0w1C2\" target=\"_blank\" rel=\"noopener\">2017_07_29<\/a><\/span><\/li>\n<li><span style=\"font-size: 14px;\">Po\u015brednia Gra\u0144 (2443 metr\u00f3w, 8009 st\u00f3p)\u00a0 \u00a0 \u00a0 \u00a0 <a href=\"https:\/\/photos.app.goo.gl\/wcFMYdHoGyjAsTm86\" target=\"_blank\" rel=\"noopener\">2020_08_12<\/a><\/span><\/li>\n<\/ol>\n<hr \/>\n<p><span style=\"font-size: 14px;\">&#8230; tatrza\u0144skie klasyki pozaszlakowe:<\/span><\/p>\n<p style=\"padding-left: 200px;\"><span style=\"font-size: 14px;\">Gra\u0144 Wide\u0142\u00a0 \u00a0 \u00a0 <a href=\"https:\/\/photos.app.goo.gl\/49NAubmpTMb93yZ4A\" target=\"_blank\" rel=\"noopener\">2019_09_13<\/a><\/span><\/p>\n<p style=\"padding-left: 200px;\"><span style=\"font-size: 14px;\">\u017babi Ko\u0144\u00a0 \u00a0 \u00a0 \u00a0 \u00a0<a href=\"https:\/\/photos.app.goo.gl\/vP3bXBlyC5p5FlfG2\" target=\"_blank\" rel=\"noopener\">2017_07_20<\/a><\/span><\/p>\n<p style=\"padding-left: 200px;\"><span style=\"font-size: 14px;\">Zadni Mnich\u00a0 \u00a0 <a href=\"https:\/\/goo.gl\/photos\/7UAUUF1waucGcPyn6\" target=\"_blank\" rel=\"noopener\">2017_06_04<\/a><\/span><\/p>\n<p style=\"padding-left: 200px;\"><span style=\"font-size: 14px;\">\u015awinica\u00a0 \u00a0 \u00a0 \u00a0 \u00a0 \u00a0<a href=\"https:\/\/goo.gl\/photos\/8U3DTrNEGE9SnPhf9\" target=\"_blank\" rel=\"noopener\">2016_12_11<\/a><\/span><\/p>\n<p style=\"padding-left: 200px;\"><span style=\"font-size: 14px;\">Mnich\u00a0 \u00a0 \u00a0 \u00a0 \u00a0 \u00a0 \u00a0 <a href=\"https:\/\/goo.gl\/photos\/GSDCahQxLT4F8Ga97\" target=\"_blank\" rel=\"noopener\">2016_08_13<\/a><\/span><\/p>\n<p>&nbsp;<\/p>\n<p style=\"text-align: justify;\"><span style=\"font-size: 14px;\">Aby zg\u0142\u0119bi\u0107 wertykalny \u015bwiat ludzi szpeja i liny kurs ska\u0142kowy odby\u0142em i nawet rekomendacj\u0119 na taternicki ci\u0105g dalszy posiadam. Asekuracja owszem (safety first!) ale \u017cmudne d\u0142ubanie w skale nie dla mnie. Wra\u017cenia z kursu KW Krak\u00f3w bardzo pozytywne. Pewne obycie i nawyki pozostan\u0105.\u00a0<\/span><\/p>\n<p><span style=\"font-size: 14px;\"><a href=\"https:\/\/photos.app.goo.gl\/HaAzMMzGq5XwYgfg9\" target=\"_blank\" rel=\"noopener\">2018_05_06<\/a>_ Kurs Ska\u0142kowy<\/span><\/p>\n","protected":false},"excerpt":{"rendered":"<p>&nbsp; A c\u00f3\u017c mi do tego, \u017ce tam przede mn\u0105 stu ludzi ju\u017c by\u0142o, je\u017celi ja tam jeszcze nie by\u0142em? Wszak ka\u017cdy nowy dla mnie zak\u0105tek w Tatrach daje mi nowe wra\u017cenia, bez wzgl\u0119du na to, czy id\u0119 tam jako pierwszy, czy jako setny &#8211; i to mi powinno wystarczy\u0107, je\u015bli mam dusz\u0119 czuj\u0105c\u0105. Mariusz Zaruski &nbsp; Pomys\u0142 WKT jest inspirowany Koron\u0105 Himalaj\u00f3w i Karakorum, [&hellip;]<\/p>\n","protected":false},"author":1,"featured_media":478,"comment_status":"closed","ping_status":"closed","sticky":false,"template":"","format":"standard","meta":{"footnotes":""},"categories":[23],"tags":[],"class_list":["post-470","post","type-post","status-publish","format-standard","has-post-thumbnail","hentry","category-tatra"],"_links":{"self":[{"href":"https:\/\/go.ianna.pl\/index.php?rest_route=\/wp\/v2\/posts\/470","targetHints":{"allow":["GET"]}}],"collection":[{"href":"https:\/\/go.ianna.pl\/index.php?rest_route=\/wp\/v2\/posts"}],"about":[{"href":"https:\/\/go.ianna.pl\/index.php?rest_route=\/wp\/v2\/types\/post"}],"author":[{"embeddable":true,"href":"https:\/\/go.ianna.pl\/index.php?rest_route=\/wp\/v2\/users\/1"}],"replies":[{"embeddable":true,"href":"https:\/\/go.ianna.pl\/index.php?rest_route=%2Fwp%2Fv2%2Fcomments&post=470"}],"version-history":[{"count":18,"href":"https:\/\/go.ianna.pl\/index.php?rest_route=\/wp\/v2\/posts\/470\/revisions"}],"predecessor-version":[{"id":1929,"href":"https:\/\/go.ianna.pl\/index.php?rest_route=\/wp\/v2\/posts\/470\/revisions\/1929"}],"wp:featuredmedia":[{"embeddable":true,"href":"https:\/\/go.ianna.pl\/index.php?rest_route=\/wp\/v2\/media\/478"}],"wp:attachment":[{"href":"https:\/\/go.ianna.pl\/index.php?rest_route=%2Fwp%2Fv2%2Fmedia&parent=470"}],"wp:term":[{"taxonomy":"category","embeddable":true,"href":"https:\/\/go.ianna.pl\/index.php?rest_route=%2Fwp%2Fv2%2Fcategories&post=470"},{"taxonomy":"post_tag","embeddable":true,"href":"https:\/\/go.ianna.pl\/index.php?rest_route=%2Fwp%2Fv2%2Ftags&post=470"}],"curies":[{"name":"wp","href":"https:\/\/api.w.org\/{rel}","templated":true}]}}