{"id":489,"date":"2014-12-28T21:45:03","date_gmt":"2014-12-28T21:45:03","guid":{"rendered":"https:\/\/go.ianna.pl\/?p=489"},"modified":"2025-10-31T20:50:15","modified_gmt":"2025-10-31T20:50:15","slug":"glowny-szlak-beskidzki","status":"publish","type":"post","link":"https:\/\/go.ianna.pl\/?p=489","title":{"rendered":"G\u0142\u00f3wny Szlak Beskidzki"},"content":{"rendered":"<p style=\"text-align: justify;\"><span style=\"font-size: 14px;\"><b>G\u0142\u00f3wny Szlak Beskidzki imienia\u00a0Kazimierza Sosnowskiego<\/b>\u00a0(<b>GSB<\/b>) \u2013 czerwony szlak turystyczny biegn\u0105cy od Ustronia\u00a0do\u00a0Wo\u0142osatego. Przebieg cz\u0119\u015bci zachodniej (Ustro\u0144 \u2013 Krynica) zosta\u0142 zaprojektowany przez Kazimierza Sosnowskiego\u00a0i uko\u0144czony w 1929 roku. Wschodnia cz\u0119\u015b\u0107, wed\u0142ug projektu\u00a0Mieczys\u0142awa Or\u0142owicza, zosta\u0142a uko\u0144czona w 1935 i prowadzi\u0142a z\u00a0Sianek\u00a0a\u017c do\u00a0Czarnohory.\u00a0 Po po\u0142\u0105czeniu obu fragment\u00f3w w roku 1935 szlak nazwano G\u0142\u00f3wnym Szlakiem Karpackim, a jego patronem zosta\u0142 J\u00f3zef Pi\u0142sudski\u00a0<em> \/wiki\/<\/em><\/span><\/p>\n<hr \/>\n<ul>\n<li>Bieszczady #4\u00a0 \u00a0<a href=\"https:\/\/goo.gl\/photos\/5QB2WuqWTbeDyaJc9\" target=\"_blank\" rel=\"noopener\">2014_10_26<img loading=\"lazy\" decoding=\"async\" class=\" alignright\" src=\"https:\/\/lh3.googleusercontent.com\/pw\/AP1GczPvCh1pX-svQUAtxb4tCkQRrI6RFYXLeTeJQnFw20gu438-bFqMXMna5cNVhpQLZeHXekqbWO-ID1LjV-cQiqxQXo9SuW3mCOqIRLIzAoTApnouBPGJXEbNoPKH2vXtANSiAKQZ_dAvIpdMwUYKsyIrmQ=w675-h900-s-no-gm?authuser=0\" width=\"226\" height=\"301\" \/><\/a><\/li>\n<li>Bieszczady #3\u00a0 \u00a0<a href=\"https:\/\/goo.gl\/photos\/kMFKqDKeZr6CYaTn7\" target=\"_blank\" rel=\"noopener\">2014_10_12<\/a><\/li>\n<li>Bieszczady #2\u00a0 \u00a0<a href=\"https:\/\/goo.gl\/photos\/pHnL8ha2D7GdNMgp6\" target=\"_blank\" rel=\"noopener\">2014_10_11<\/a><\/li>\n<li>Bieszczady #1\u00a0 \u00a0<a href=\"https:\/\/goo.gl\/photos\/o3k9SYNVYGJvgbTE9\" target=\"_blank\" rel=\"noopener\">2014_10_10<\/a>\n<ul>\n<li style=\"list-style-type: none;\">\n<ul>\n<li>Beskid Niski #6\u00a0 \u00a0<a href=\"https:\/\/goo.gl\/photos\/mC1feChupyvf6oa97\" target=\"_blank\" rel=\"noopener\">2014_08_23<\/a><\/li>\n<li>Beskid Niski #5\u00a0 \u00a0<a href=\"https:\/\/goo.gl\/photos\/n3eTSAnGmbV4ESJaA\" target=\"_blank\" rel=\"noopener\">2014_08_22<\/a><\/li>\n<li>Beskid Niski #4\u00a0 \u00a0<a href=\"https:\/\/goo.gl\/photos\/d5LD1iaMNDuo1Joq9\" target=\"_blank\" rel=\"noopener\">2014_06_19<\/a><\/li>\n<li>Beskid Niski #3\u00a0 \u00a0<a href=\"https:\/\/goo.gl\/photos\/7JA6bLgwHLkNZ9fdA\" target=\"_blank\" rel=\"noopener\">2014_08_18<\/a><\/li>\n<li>Beskid Niski #2\u00a0 \u00a0<a href=\"https:\/\/goo.gl\/photos\/nguHWTFa2gXhJ66UA\" target=\"_blank\" rel=\"noopener\">2014_08_17<\/a><\/li>\n<li>Beskid Niski #1\u00a0 \u00a0<a href=\"https:\/\/goo.gl\/photos\/1qi8LkqFfu4gm2M89\" target=\"_blank\" rel=\"noopener\">2014_08_16<\/a><\/li>\n<\/ul>\n<\/li>\n<\/ul>\n<\/li>\n<li>Beskid S\u0105decki #3\u00a0 \u00a0<a href=\"https:\/\/goo.gl\/photos\/inY1eMNaSVCBcwhU8\" target=\"_blank\" rel=\"noopener\"> 2014_05_03<\/a><\/li>\n<li>Beskid S\u0105decki #2\u00a0 \u00a0<a href=\"https:\/\/goo.gl\/photos\/tUHQu4yecvsD7mwK8\" target=\"_blank\" rel=\"noopener\"> 2014_05_03<\/a><\/li>\n<li>Beskid S\u0105decki #1\u00a0 \u00a0<a href=\"https:\/\/goo.gl\/photos\/A5QajjRGEHfpyvLH7\" target=\"_blank\" rel=\"noopener\"> 2014_04_18<\/a>\n<ul>\n<li style=\"list-style-type: none;\">\n<ul>\n<li>Gorce #2 \u00a0\u00a0<a href=\"https:\/\/goo.gl\/photos\/yJLBraUAUfAVQsZ5A\" target=\"_blank\" rel=\"noopener\">2014_04_05<\/a><\/li>\n<li>Gorce #1\u00a0 \u00a0<a href=\"https:\/\/goo.gl\/photos\/2G2dqCSPJ7G9hR6j9\" target=\"_blank\" rel=\"noopener\">2014_04_05<img loading=\"lazy\" decoding=\"async\" class=\" alignright\" src=\"https:\/\/lh3.googleusercontent.com\/pw\/AP1GczMzplhRVASE3-bBtRYb6349ipxe-m_daoOTCXElgJ8Vr8zdjCQb-anS89E91KZ07ifzroQSc1i6lJFWAgAoNoBsJ_BF49Zmr1UdAJUTVUFc-2E6_xRMAPdN90um4rXD_h4I4_AJzExQA51Dw3HzchPQ8Q=w675-h900-s-no-gm?authuser=0\" width=\"225\" height=\"300\" \/><\/a><\/li>\n<\/ul>\n<\/li>\n<\/ul>\n<\/li>\n<li>Beskid \u017bywiecki #3\u00a0 \u00a0<a href=\"https:\/\/goo.gl\/photos\/SbMizoHfKj1ABEXq7\" target=\"_blank\" rel=\"noopener\">2013_11_23<\/a><\/li>\n<li>Beskid \u017bywiecki #2\u00a0 \u00a0<a href=\"https:\/\/goo.gl\/photos\/SzVcMEgJpSRCPuaw8\" target=\"_blank\" rel=\"noopener\">2013_11_16<\/a><\/li>\n<li>Beskid \u017bywiecki #1\u00a0 \u00a0<a href=\"https:\/\/goo.gl\/photos\/J8vfZStNjLAvuDADA\" target=\"_blank\" rel=\"noopener\">2013_11_09<\/a>\n<ul>\n<li style=\"list-style-type: none;\">\n<ul>\n<li>Beskid \u015al\u0105ski #2\u00a0 \u00a0<a href=\"https:\/\/goo.gl\/photos\/kvSZJwTA7Ru2kyvD6\">2013_10_27<\/a><\/li>\n<li>Beskid \u015al\u0105ski #1\u00a0 \u00a0<a href=\"https:\/\/goo.gl\/photos\/D85zq9g1UDtqMUAj9\">2013_10_26<\/a><\/li>\n<\/ul>\n<\/li>\n<\/ul>\n<\/li>\n<\/ul>\n<p style=\"text-align: justify;\"><span style=\"font-size: 14px;\">Roczny sta\u017c \u0142azika beskidzkiego: 6 pasm beskidzkich, 20 dni na szlaku, ok 500km. 22 tys m podej\u015b\u0107. Odnaleziony w rodzinnych zbiorach <img loading=\"lazy\" decoding=\"async\" class=\"size-full wp-image-501 alignleft\" src=\"http:\/\/go.ianna.pl\/wp-content\/uploads\/2024\/11\/GSB_gold.jpg\" alt=\"\" width=\"89\" height=\"90\" \/>przewodnik z odr\u0119czn\u0105 dedykacj\u0105 prof. Sosnowskiego by\u0142 impulsem by zmierzy\u0107 si\u0119 z GSB od kropki do kropki.\u00a0 Beskidy ju\u017c troch\u0119 znam. <\/span><\/p>\n<p style=\"text-align: justify;\"><a href=\"https:\/\/cotg.pttk.pl\/odznaki\/gsb\/\" target=\"_blank\" rel=\"noopener\"><span style=\"font-size: 14px;\">Z\u0142ota odznaka GSB PTTK ( nr 90\/2014)<\/span><\/a><\/p>\n<p>&nbsp;<\/p>\n<div style=\"max-width: 960px; overflow: hidden; margin: 0 auto; min-width: 300px;\"><iframe style=\"width: 100%; border: 0;\" src=\"https:\/\/mapa-turystyczna.pl\/map\/widget\/trail\/h1l0p1\/tc.html\" height=\"920\"><\/iframe><a style=\"color: #999; padding: 7px 0; font-size: 13px; font-family: Roboto,Arial,sans-serif; display: inline-block;\" href=\"https:\/\/mapa-turystyczna.pl\/trail\/glowny-szlak-beskidzki-im-kazimierza-sosnowskiego-tc?utm_source=external_web&amp;utm_medium=widget&amp;utm_campaign=trail_widget\" target=\"_blank\" rel=\"noopener\">G\u0142\u00f3wny Szlak Beskidzki im. Kazimierza Sosnowskiego | mapa-turystyczna.pl<\/a><\/div>\n","protected":false},"excerpt":{"rendered":"<p>G\u0142\u00f3wny Szlak Beskidzki imienia\u00a0Kazimierza Sosnowskiego\u00a0(GSB) \u2013 czerwony szlak turystyczny biegn\u0105cy od Ustronia\u00a0do\u00a0Wo\u0142osatego. Przebieg cz\u0119\u015bci zachodniej (Ustro\u0144 \u2013 Krynica) zosta\u0142 zaprojektowany przez Kazimierza Sosnowskiego\u00a0i uko\u0144czony w 1929 roku. Wschodnia cz\u0119\u015b\u0107, wed\u0142ug projektu\u00a0Mieczys\u0142awa Or\u0142owicza, zosta\u0142a uko\u0144czona w 1935 i prowadzi\u0142a z\u00a0Sianek\u00a0a\u017c do\u00a0Czarnohory.\u00a0 Po po\u0142\u0105czeniu obu fragment\u00f3w w roku 1935 szlak nazwano G\u0142\u00f3wnym Szlakiem Karpackim, a jego patronem zosta\u0142 J\u00f3zef Pi\u0142sudski\u00a0 \/wiki\/ Bieszczady #4\u00a0 \u00a02014_10_26 Bieszczady #3\u00a0 \u00a02014_10_12 [&hellip;]<\/p>\n","protected":false},"author":1,"featured_media":521,"comment_status":"closed","ping_status":"closed","sticky":false,"template":"","format":"standard","meta":{"footnotes":""},"categories":[17],"tags":[9,10,12,14,15,16],"class_list":["post-489","post","type-post","status-publish","format-standard","has-post-thumbnail","hentry","category-kar","tag-bn","tag-bsd","tag-bsl","tag-bz","tag-bi","tag-go"],"_links":{"self":[{"href":"https:\/\/go.ianna.pl\/index.php?rest_route=\/wp\/v2\/posts\/489","targetHints":{"allow":["GET"]}}],"collection":[{"href":"https:\/\/go.ianna.pl\/index.php?rest_route=\/wp\/v2\/posts"}],"about":[{"href":"https:\/\/go.ianna.pl\/index.php?rest_route=\/wp\/v2\/types\/post"}],"author":[{"embeddable":true,"href":"https:\/\/go.ianna.pl\/index.php?rest_route=\/wp\/v2\/users\/1"}],"replies":[{"embeddable":true,"href":"https:\/\/go.ianna.pl\/index.php?rest_route=%2Fwp%2Fv2%2Fcomments&post=489"}],"version-history":[{"count":17,"href":"https:\/\/go.ianna.pl\/index.php?rest_route=\/wp\/v2\/posts\/489\/revisions"}],"predecessor-version":[{"id":2150,"href":"https:\/\/go.ianna.pl\/index.php?rest_route=\/wp\/v2\/posts\/489\/revisions\/2150"}],"wp:featuredmedia":[{"embeddable":true,"href":"https:\/\/go.ianna.pl\/index.php?rest_route=\/wp\/v2\/media\/521"}],"wp:attachment":[{"href":"https:\/\/go.ianna.pl\/index.php?rest_route=%2Fwp%2Fv2%2Fmedia&parent=489"}],"wp:term":[{"taxonomy":"category","embeddable":true,"href":"https:\/\/go.ianna.pl\/index.php?rest_route=%2Fwp%2Fv2%2Fcategories&post=489"},{"taxonomy":"post_tag","embeddable":true,"href":"https:\/\/go.ianna.pl\/index.php?rest_route=%2Fwp%2Fv2%2Ftags&post=489"}],"curies":[{"name":"wp","href":"https:\/\/api.w.org\/{rel}","templated":true}]}}