{"id":507,"date":"2013-09-01T17:02:18","date_gmt":"2013-09-01T17:02:18","guid":{"rendered":"https:\/\/go.ianna.pl\/?p=507"},"modified":"2024-11-17T17:15:39","modified_gmt":"2024-11-17T17:15:39","slug":"maly-szlak-beskidzki","status":"publish","type":"post","link":"https:\/\/go.ianna.pl\/?p=507","title":{"rendered":"Ma\u0142y Szlak Beskidzki"},"content":{"rendered":"<p>Trzy pasma beskidzkie, siedem dni na szlaku. I jak si\u0119 p\u00f3\u017aniej okaza\u0142o wst\u0119p do poznania wszystkich pasm Beskid\u00f3w.<\/p>\n<ul>\n<li>Beskid Wyspowy, Mszana &#8211; Lubo\u0144 Wlk\u00a0 \u00a0<a href=\"https:\/\/goo.gl\/photos\/uJcfmZNrar5gxjBt8\" target=\"_blank\" rel=\"noopener\">2013_09_01<\/a><img loading=\"lazy\" decoding=\"async\" class=\"size-full wp-image-240 alignright\" src=\"http:\/\/go.ianna.pl\/wp-content\/uploads\/2024\/11\/MSBesk-jpg.jpg\" alt=\"\" width=\"200\" height=\"167\" \/><\/li>\n<li>Beskid Wyspowy, Jaworzyce &#8211; Mszana\u00a0 \u00a0<a href=\"https:\/\/goo.gl\/photos\/Mj97V8hCtua8Rptn7\" target=\"_blank\" rel=\"noopener\">2013_08_17<\/a>\n<ul>\n<li>Beskid Makowski, My\u015blenice &#8211; Jaworzyce\u00a0 \u00a0 <a href=\"https:\/\/goo.gl\/photos\/RPKBqwGRYK7gzrqn9\" target=\"_blank\" rel=\"noopener\">2013_08_17<\/a><\/li>\n<li>Beskid Makowski, Zembrzyce &#8211; My\u015blenice\u00a0 \u00a0<a href=\"https:\/\/goo.gl\/photos\/Hs1BzYCayf6KtRkC7\" target=\"_blank\" rel=\"noopener\">2013_07_07<\/a><\/li>\n<\/ul>\n<\/li>\n<li>Beskid Ma\u0142y, Leskowiec &#8211; Zembrzyce\u00a0 \u00a0<a href=\"https:\/\/goo.gl\/photos\/6hTVWf3htnmynaQ99\" target=\"_blank\" rel=\"noopener\">2013_06_02<\/a><\/li>\n<li>Beskid Ma\u0142y, Leskowiec &#8211; Kocierz\u00a0 \u00a0 \u00a0 \u00a0 \u00a0<a href=\"https:\/\/goo.gl\/photos\/qrNQUPtkjedNCAX39\" target=\"_blank\" rel=\"noopener\">2013_05_26<\/a><\/li>\n<li>Beskid Ma\u0142y, Por\u0105bka &#8211; Kocierz\u00a0 \u00a0 \u00a0 \u00a0 \u00a0 \u00a0 <a href=\"https:\/\/goo.gl\/photos\/hSC1ThN1w8k5pHMbA\" target=\"_blank\" rel=\"noopener\">\u00a02013_05_18<\/a><\/li>\n<li>Beskid Ma\u0142y, Straconka &#8211; Por\u0105bka\u00a0 \u00a0 \u00a0 \u00a0 <a href=\"https:\/\/goo.gl\/photos\/CppMSGL5PNKfq3CNA\" target=\"_blank\" rel=\"noopener\">2013_06_09<\/a><\/li>\n<\/ul>\n<p>&nbsp;<\/p>\n<div style=\"max-width: 960px; overflow: hidden; margin: 0 auto; min-width: 300px;\"><iframe style=\"width: 100%; border: 0;\" src=\"https:\/\/mapa-turystyczna.pl\/map\/widget\/trail\/h1l0p1\/t8.html\" height=\"920\"><\/iframe><a style=\"color: #999; padding: 7px 0; font-size: 13px; font-family: Roboto,Arial,sans-serif; display: inline-block;\" href=\"https:\/\/mapa-turystyczna.pl\/trail\/maly-szlak-beskidzki-t8?utm_source=external_web&amp;utm_medium=widget&amp;utm_campaign=trail_widget\" target=\"_blank\" rel=\"noopener\">Ma\u0142y Szlak Beskidzki | mapa-turystyczna.pl<\/a><\/div>\n","protected":false},"excerpt":{"rendered":"<p>Trzy pasma beskidzkie, siedem dni na szlaku. I jak si\u0119 p\u00f3\u017aniej okaza\u0142o wst\u0119p do poznania wszystkich pasm Beskid\u00f3w. Beskid Wyspowy, Mszana &#8211; Lubo\u0144 Wlk\u00a0 \u00a02013_09_01 Beskid Wyspowy, Jaworzyce &#8211; Mszana\u00a0 \u00a02013_08_17 Beskid Makowski, My\u015blenice &#8211; Jaworzyce\u00a0 \u00a0 2013_08_17 Beskid Makowski, Zembrzyce &#8211; My\u015blenice\u00a0 \u00a02013_07_07 Beskid Ma\u0142y, Leskowiec &#8211; Zembrzyce\u00a0 \u00a02013_06_02 Beskid Ma\u0142y, Leskowiec &#8211; Kocierz\u00a0 \u00a0 \u00a0 \u00a0 \u00a02013_05_26 Beskid Ma\u0142y, Por\u0105bka &#8211; Kocierz\u00a0 \u00a0 [&hellip;]<\/p>\n","protected":false},"author":1,"featured_media":520,"comment_status":"closed","ping_status":"closed","sticky":false,"template":"","format":"standard","meta":{"footnotes":""},"categories":[17],"tags":[7,8,11],"class_list":["post-507","post","type-post","status-publish","format-standard","has-post-thumbnail","hentry","category-kar","tag-bmk","tag-bml","tag-bw"],"_links":{"self":[{"href":"https:\/\/go.ianna.pl\/index.php?rest_route=\/wp\/v2\/posts\/507","targetHints":{"allow":["GET"]}}],"collection":[{"href":"https:\/\/go.ianna.pl\/index.php?rest_route=\/wp\/v2\/posts"}],"about":[{"href":"https:\/\/go.ianna.pl\/index.php?rest_route=\/wp\/v2\/types\/post"}],"author":[{"embeddable":true,"href":"https:\/\/go.ianna.pl\/index.php?rest_route=\/wp\/v2\/users\/1"}],"replies":[{"embeddable":true,"href":"https:\/\/go.ianna.pl\/index.php?rest_route=%2Fwp%2Fv2%2Fcomments&post=507"}],"version-history":[{"count":10,"href":"https:\/\/go.ianna.pl\/index.php?rest_route=\/wp\/v2\/posts\/507\/revisions"}],"predecessor-version":[{"id":530,"href":"https:\/\/go.ianna.pl\/index.php?rest_route=\/wp\/v2\/posts\/507\/revisions\/530"}],"wp:featuredmedia":[{"embeddable":true,"href":"https:\/\/go.ianna.pl\/index.php?rest_route=\/wp\/v2\/media\/520"}],"wp:attachment":[{"href":"https:\/\/go.ianna.pl\/index.php?rest_route=%2Fwp%2Fv2%2Fmedia&parent=507"}],"wp:term":[{"taxonomy":"category","embeddable":true,"href":"https:\/\/go.ianna.pl\/index.php?rest_route=%2Fwp%2Fv2%2Fcategories&post=507"},{"taxonomy":"post_tag","embeddable":true,"href":"https:\/\/go.ianna.pl\/index.php?rest_route=%2Fwp%2Fv2%2Ftags&post=507"}],"curies":[{"name":"wp","href":"https:\/\/api.w.org\/{rel}","templated":true}]}}