{"id":512,"date":"2023-12-31T08:30:17","date_gmt":"2023-12-31T08:30:17","guid":{"rendered":"https:\/\/go.ianna.pl\/?p=512"},"modified":"2026-04-23T18:10:58","modified_gmt":"2026-04-23T18:10:58","slug":"the-loop","status":"publish","type":"post","link":"https:\/\/go.ianna.pl\/?p=512","title":{"rendered":"The Loop"},"content":{"rendered":"<p style=\"text-align: justify;\"><span style=\"font-size: 14px;\">\u2026<em>\u201eto nowy, kompleksowy produkt turystyczny\u201d<\/em>\u00a0jak opisuje sw\u00f3j projekt bielski magistrat. Bardzo zacna<span style=\"font-family: arial, helvetica, sans-serif;\"><a href=\"https:\/\/photos.app.goo.gl\/jktoX8VG674TCLeP6\" target=\"_blank\" rel=\"noopener\"><img loading=\"lazy\" decoding=\"async\" class=\"wp-image-70 alignright\" src=\"http:\/\/go.ianna.pl\/wp-content\/uploads\/2024\/08\/foto.jpg\" alt=\"\" width=\"50\" height=\"37\" \/><\/a><\/span> trasa wytyczona w oparciu o ju\u017c istniej\u0105ce szlaki. Blisko 250km p\u0119tla w Beskidzie \u015al\u0105skim, \u017bywieckim i Ma\u0142ym. Najciekawsze miejsca, schroniska i sporo entuzjast\u00f3w ( r\u00f3wnie\u017c w mediach spo\u0142eczno\u015bciowych) \u2013 brawo za pomys\u0142 i wdro\u017cenie.<\/span><\/p>\n<p><img loading=\"lazy\" decoding=\"async\" class=\"alignnone size-medium\" src=\"https:\/\/lh3.googleusercontent.com\/pw\/AP1GczOqZty3rT3JVq9agyMDKw-TdtJrto7yKZMpGDFC2w6DPVOaIM2CpELWaDc13lLv-pj9BOUWxLh5o4dOa6gD3Nj5WUD5yeuYBvMZEtKM6KXSVtRc4_Jf_-veOeh3fdp7wcIjsVePw9ZoTWMS-uGdnDD0=w1323-h897-s-no-gm?authuser=0\" width=\"1323\" height=\"897\" \/><\/p>\n<p style=\"text-align: justify;\"><span style=\"font-size: 14px;\">Wg portalu <a href=\"https:\/\/mapa-turystyczna.pl\/trail\/the-loop-crs\">mapa-turystyczna<\/a> wersja kanoniczna szlaku liczy 220 km, 11 tys m podej\u015b\u0107. Mnie zaj\u0119\u0142o to 8 dni w okresie pa\u017adziernik &#8211; grudzie\u0144 2023. By\u0142y pi\u0119kne jesienne krajobrazy, wicher i \u015bnieg na Babiej, \u015bnie\u017cny puch na Ja\u0142owcu, zimowy klimat chatki na Gibasach. Niby szlaki znane ale jak\u017ce r\u00f3\u017cne oblicza g\u00f3r!<\/span><\/p>\n<p><img loading=\"lazy\" decoding=\"async\" class=\"alignleft\" src=\"https:\/\/lh3.googleusercontent.com\/pw\/AP1GczMa-1EmN368PglRN-gFoiGsDSLG0LqbxAc-qLWn8cHfITfBmCZPOddwWRHGEvbaHkeT6I_-2bew2UcuJi3BzXaCzjIA11AXMi6OOutKTZdldzAqLvqzIHXWB_FKnfNQRQyS4q4VR4sqgXx0-QVL0BCI=w710-h900-s-no-gm?authuser=0\" width=\"242\" height=\"307\" \/><\/p>\n<p><img loading=\"lazy\" decoding=\"async\" class=\" alignright\" src=\"https:\/\/lh3.googleusercontent.com\/pw\/AP1GczMwkfnLcHTgDNadVsCCVib9iG2jTbL2KEvTFfNG4fcpIvMzE50wNjeBSUqiBjPuw7KIkC3xkwxbKeF--0Wb767H1be9vzF05nMADXV0nwrkSmThZsRs99n3fpAyMwMK8vLcO11vQ9TCRtNzwwns55Ju=w675-h900-s-no-gm?authuser=0\" width=\"228\" height=\"304\" \/><\/p>\n<p>&nbsp;<\/p>\n<p>&nbsp;<\/p>\n<p>&nbsp;<\/p>\n<p>&nbsp;<\/p>\n<p>&nbsp;<\/p>\n<p>&nbsp;<\/p>\n<p>&nbsp;<\/p>\n<p>&nbsp;<\/p>\n<p>&nbsp;<\/p>\n<p><img loading=\"lazy\" decoding=\"async\" class=\"alignleft\" src=\"https:\/\/lh3.googleusercontent.com\/pw\/AP1GczMd6tscGrTbZMbYZfqF8CBc0zeBMF2Z_RQMueyn6OyJJcCTd6t9detQtxxGmGUfouhgbUm66CbLP5vDdSWCJ1T_3NT2NaTjaG11e43SpA-LLzs9M9hqSaRkXUjm_D_3NJroYnbQIbxmwq9643-Hb1dJ=w1000-h598-s-no-gm?authuser=0\" width=\"316\" height=\"189\" \/><\/p>\n<p><img loading=\"lazy\" decoding=\"async\" class=\" alignright\" src=\"https:\/\/lh3.googleusercontent.com\/pw\/AP1GczMuq9t0340F1jJH7VIgzeKFG43cG50vKPjc1K-QrvjzSBmdWtyspm2lP9U-ptzaqINuBXBzK8XpYoqTxXR8LLdg4-WzFwj54euv4jNwf3jhlzhvKwV9Zo7n_IZNSPe54-PHBaX6tDNJVFP9jPrWb6Xy=w1000-h750-s-no-gm?authuser=0\" width=\"254\" height=\"191\" \/><\/p>\n<p>&nbsp;<\/p>\n<p>&nbsp;<\/p>\n<p>&nbsp;<\/p>\n<p>&nbsp;<\/p>\n<p>&nbsp;<\/p>\n<p>&nbsp;<\/p>\n<p><img loading=\"lazy\" decoding=\"async\" class=\" alignleft\" src=\"https:\/\/lh3.googleusercontent.com\/pw\/AP1GczO6EqcU3YtWVlW97We4Hs-c_R3fN0de_yAc6udfT3CkCq3_2r_Pcdpen77ZBMBD0CxSoD38yaaAbMGlOdrChw6U2xk1HYaSPwQoOLnoigK3FvAO11z3hBi_lEipvTtJyRRJvuYkLtiPTmn7Y3BjGZrB=w1000-h627-s-no-gm?authuser=0\" width=\"320\" height=\"201\" \/><\/p>\n<p><img loading=\"lazy\" decoding=\"async\" class=\" alignright\" src=\"https:\/\/lh3.googleusercontent.com\/pw\/AP1GczMVHHR3CIbHeKPfRFgvKvyz-RXYtThDejEWRE0exXZ1A6jHg0jTgmV9gjR3bgtBcmVfyZUOflWAe0hdoP_zlQjugDNk6-jOOHZ4JGYWwHWAGC4UeRUKASis7dpBf3s3hTatxkErToJqM_GFBeffJ24f=w1000-h750-s-no-gm?authuser=0\" width=\"256\" height=\"192\" \/><\/p>\n<p>&nbsp;<\/p>\n<p>&nbsp;<\/p>\n<p>&nbsp;<\/p>\n<p>&nbsp;<\/p>\n<p>&nbsp;<\/p>\n<p>&nbsp;<\/p>\n<p><img loading=\"lazy\" decoding=\"async\" class=\"alignleft\" src=\"https:\/\/lh3.googleusercontent.com\/pw\/AP1GczMfAUmWoAX_XP9lrjMgikowxDt4Cwctbq8QGQDhS5WFMvoUxg11cycufee7dz7aMooBTEcFWoxmtOY6SoZVk-L66NRje2tN7rLrUSGQmq-ENX8DM-dmkvUc7NEfd9I5NFnlIQdbe6UsFUff1oucMwXM=w1000-h750-s-no-gm?authuser=0\" width=\"257\" height=\"193\" \/><\/p>\n<p><img loading=\"lazy\" decoding=\"async\" class=\" alignright\" src=\"https:\/\/lh3.googleusercontent.com\/pw\/AP1GczO1e53CaC63p3auMMjMTv7hN6a412Wa2lY9Lu8p6J6vQX0iJ9gbLZFqGL28lqIhT43YlOPiYYV2en-CqwnqNtB1zh97NSEjQiJQLV84JtkcHGzfATQD0E4nt7GTuutTztN-PVzVetuAefTdR2bpfJ6v=w1000-h629-s-no-gm?authuser=0\" width=\"307\" height=\"193\" \/><\/p>\n<p>&nbsp;<\/p>\n<p>&nbsp;<\/p>\n<p>&nbsp;<\/p>\n<p>&nbsp;<\/p>\n<p>&nbsp;<\/p>\n<p>&nbsp;<\/p>\n<p><img loading=\"lazy\" decoding=\"async\" class=\"alignleft\" src=\"https:\/\/lh3.googleusercontent.com\/pw\/AP1GczN-Dekv4-vgFHJPEyh2528WQwIUvT4PclWoLXbUtPqH_xabyAVmOkwpUqVvY55fA_7LoSYSiOCdFy3axIBzzCoUUXu0yIGYDNcQldMldcchHEf5IKbqgr7cUYJmyxgbOBuLaMlwjyaNMJNXTM0rWV9g=w1000-h726-s-no-gm?authuser=0\" width=\"320\" height=\"232\" \/><\/p>\n<p><img loading=\"lazy\" decoding=\"async\" class=\" alignright\" src=\"https:\/\/lh3.googleusercontent.com\/pw\/AP1GczOHX98QviHWDtj3Kwy4O5vLtMkAX3S_cVSwaTTbWM_kt4e5N9TlaX1hVAi13ikF8kqwV-g_6JkWkpIV-ex-PUDpVF4WDRa6qzjWoDiZ3CHd8LGQil6A_txQgaiKva8hGc-FVgweqITsGahJ6BQvWm0x=w698-h900-s-no-gm?authuser=0\" width=\"274\" height=\"354\" \/><\/p>\n<p>&nbsp;<\/p>\n<p>&nbsp;<\/p>\n<p>&nbsp;<\/p>\n<p>&nbsp;<\/p>\n<p>&nbsp;<\/p>\n<p>&nbsp;<\/p>\n<p>&nbsp;<\/p>\n<p><img loading=\"lazy\" decoding=\"async\" class=\"alignnone \" src=\"http:\/\/go.ianna.pl\/wp-content\/uploads\/2026\/04\/www_loopv2.jpg\" width=\"503\" height=\"378\" \/><\/p>\n<p>&nbsp;<\/p>\n<p>&nbsp;<\/p>\n<p>&nbsp;<\/p>\n<p>&nbsp;<\/p>\n<p>&nbsp;<\/p>\n<p>&nbsp;<\/p>\n","protected":false},"excerpt":{"rendered":"<p>\u2026\u201eto nowy, kompleksowy produkt turystyczny\u201d\u00a0jak opisuje sw\u00f3j projekt bielski magistrat. Bardzo zacna trasa wytyczona w oparciu o ju\u017c istniej\u0105ce szlaki. Blisko 250km p\u0119tla w Beskidzie \u015al\u0105skim, \u017bywieckim i Ma\u0142ym. Najciekawsze miejsca, schroniska i sporo entuzjast\u00f3w ( r\u00f3wnie\u017c w mediach spo\u0142eczno\u015bciowych) \u2013 brawo za pomys\u0142 i wdro\u017cenie. Wg portalu mapa-turystyczna wersja kanoniczna szlaku liczy 220 km, 11 tys m podej\u015b\u0107. Mnie zaj\u0119\u0142o to 8 dni w [&hellip;]<\/p>\n","protected":false},"author":1,"featured_media":225,"comment_status":"closed","ping_status":"closed","sticky":false,"template":"","format":"standard","meta":{"footnotes":""},"categories":[17],"tags":[8,12,14],"class_list":["post-512","post","type-post","status-publish","format-standard","has-post-thumbnail","hentry","category-kar","tag-bml","tag-bsl","tag-bz"],"_links":{"self":[{"href":"https:\/\/go.ianna.pl\/index.php?rest_route=\/wp\/v2\/posts\/512","targetHints":{"allow":["GET"]}}],"collection":[{"href":"https:\/\/go.ianna.pl\/index.php?rest_route=\/wp\/v2\/posts"}],"about":[{"href":"https:\/\/go.ianna.pl\/index.php?rest_route=\/wp\/v2\/types\/post"}],"author":[{"embeddable":true,"href":"https:\/\/go.ianna.pl\/index.php?rest_route=\/wp\/v2\/users\/1"}],"replies":[{"embeddable":true,"href":"https:\/\/go.ianna.pl\/index.php?rest_route=%2Fwp%2Fv2%2Fcomments&post=512"}],"version-history":[{"count":10,"href":"https:\/\/go.ianna.pl\/index.php?rest_route=\/wp\/v2\/posts\/512\/revisions"}],"predecessor-version":[{"id":2753,"href":"https:\/\/go.ianna.pl\/index.php?rest_route=\/wp\/v2\/posts\/512\/revisions\/2753"}],"wp:featuredmedia":[{"embeddable":true,"href":"https:\/\/go.ianna.pl\/index.php?rest_route=\/wp\/v2\/media\/225"}],"wp:attachment":[{"href":"https:\/\/go.ianna.pl\/index.php?rest_route=%2Fwp%2Fv2%2Fmedia&parent=512"}],"wp:term":[{"taxonomy":"category","embeddable":true,"href":"https:\/\/go.ianna.pl\/index.php?rest_route=%2Fwp%2Fv2%2Fcategories&post=512"},{"taxonomy":"post_tag","embeddable":true,"href":"https:\/\/go.ianna.pl\/index.php?rest_route=%2Fwp%2Fv2%2Ftags&post=512"}],"curies":[{"name":"wp","href":"https:\/\/api.w.org\/{rel}","templated":true}]}}