{"id":606,"date":"2026-03-29T22:59:18","date_gmt":"2026-03-29T22:59:18","guid":{"rendered":"https:\/\/go.ianna.pl\/?p=606"},"modified":"2026-04-22T18:23:30","modified_gmt":"2026-04-22T18:23:30","slug":"narty","status":"publish","type":"post","link":"https:\/\/go.ianna.pl\/?p=606","title":{"rendered":"SKI &#038; SNB"},"content":{"rendered":"<p><a href=\"https:\/\/photos.app.goo.gl\/6fmk4PeBeWDCsfrm9\" target=\"_blank\" rel=\"noopener\"><img loading=\"lazy\" decoding=\"async\" class=\"alignright\" src=\"https:\/\/lh3.googleusercontent.com\/pw\/AP1GczNCSYiPS02KAx0qhY8JCDjFjwjNzLhrND-u9g3z6YzmH__S0dXfylWnuTYC9Sa3vcfsyD7CQGjHxe1mIcppxGn5OSXyN5Wnp9Fy8lvMv8jOoYXKrshTLXtOcelsodbPZQnZ-zp1cOi8VH3QaF0S3tS1zQ=w878-h878-s-no-gm?authuser=1\" width=\"398\" height=\"398\" \/><\/a><\/p>\r\n<p style=\"text-align: center;\"><span style=\"font-size: 14px;\"><strong>Sezon 2025\/&#8217;26<\/strong><\/span><\/p>\r\n<p style=\"text-align: justify;\"><span style=\"font-size: 14px;\">Wczesny pocz\u0105tek (23.11) z przerw\u0105 do ko\u0144ca grudnia. Okoliczne wyci\u0105gi objechane, kilometr\u00f3w turowania ca\u0142kiem sporo. Zako\u0144czenie sezonu unifikacj\u0105 SITN w Bia\u0142ce Tatrza\u0144skiej. Dobry sezon i sporo plan\u00f3w na przysz\u0142y.\u00a0<\/span><\/p>\r\n<p><img loading=\"lazy\" decoding=\"async\" class=\" alignleft\" src=\"http:\/\/go.ianna.pl\/wp-content\/uploads\/2026\/04\/www_sitn-leg.jpg\" width=\"372\" height=\"302\" \/><\/p>\r\n<p>&nbsp;<\/p>\r\n<p>&nbsp;<\/p>\r\n<p>&nbsp;<\/p>\r\n<p>&nbsp;<\/p>\r\n<p>&nbsp;<\/p>\r\n<p>&nbsp;<\/p>\r\n<p>&nbsp;<\/p>\r\n<p><span style=\"font-size: 14px;\">Co\u015b si\u0119 ko\u0144czy i co\u015b zaczyna.<\/span><\/p>\r\n<p>&nbsp;<\/p>\r\n<p><img loading=\"lazy\" decoding=\"async\" class=\" wp-image-2031 alignright\" src=\"http:\/\/go.ianna.pl\/wp-content\/uploads\/2025\/08\/SITN_200.jpg\" alt=\"\" width=\"118\" height=\"114\" \/><\/p>\r\n<p><em style=\"text-align: justify;\"><span style=\"font-size: 14px;\"><img loading=\"lazy\" decoding=\"async\" class=\" wp-image-2147 alignleft\" src=\"http:\/\/go.ianna.pl\/wp-content\/uploads\/2025\/10\/pol-ski_znak-266x300.jpg\" alt=\"\" width=\"105\" height=\"118\" srcset=\"https:\/\/go.ianna.pl\/wp-content\/uploads\/2025\/10\/pol-ski_znak-266x300.jpg 266w, https:\/\/go.ianna.pl\/wp-content\/uploads\/2025\/10\/pol-ski_znak.jpg 635w\" sizes=\"auto, (max-width: 105px) 100vw, 105px\" \/><\/span><\/em><\/p>\r\n<p><span style=\"font-size: 14px;\"><strong>Unifikacja SITN do\u00a0 \u00a02029<\/strong><\/span><\/p>\r\n<p><span style=\"font-size: 14px;\"><strong>POL-SKI Instruktor Narciarstwa Alpejskiego\u00a0 \u00a0 \u00a02026<\/strong><\/span><\/p>\r\n<p style=\"text-align: justify;\"><em><span style=\"font-size: 14px;\">Od sezonu 2023\/24 nast\u0105pi\u0142o rozdzielenie sportu wyczynowego (PZN) od sportu powszechnego (SITN). PZN ju\u017c nie afiliuje SITN&#8217;u.\u00a0 Zmieni\u0142o si\u0119 nazewnictwo stopni instruktorskich nadawanych przez SITN. POL-SKI Instruktor Narciarstwa Alpejskiego zast\u0105pi\u0142 Instruktora PZN. <\/span><span style=\"font-size: 14px;\">Jednocze\u015bnie jest to tytu\u0142 zawodowy:\u00a0 <\/span><span style=\"font-size: 14px;\">Poziom 5 Polskiej Ramy <\/span><span style=\"font-size: 14px;\">Kwalifikacji<\/span><span style=\"font-size: 14px;\">\u00a0czyli co\u015b pomi\u0119dzy matur\u0105 a licencjatem.\u00a0<\/span><\/em><\/p>\r\n<p><img loading=\"lazy\" decoding=\"async\" class=\"alignright\" src=\"https:\/\/lh3.googleusercontent.com\/pw\/AP1GczOfQIXxrW1sBudBsVyUPECIjyxJJmEeHA7CdoKEAMtnxp913cDwhjArNDTMoD_-eZF3kA6WYIwMTI6SZnKo9cQCRZ33eAMn_BKQiwcTTBvyE6T7iRFYaERzUttgj1A11fi7npxHU1C-rwTKJQnEV-xdew=w1500-h840-s-no-gm?authuser=0\" width=\"315\" height=\"177\" \/><\/p>\r\n<p><img loading=\"lazy\" decoding=\"async\" class=\"alignleft\" src=\"https:\/\/lh3.googleusercontent.com\/pw\/AP1GczPJleuvfge-aasiLFm9P9SxK1kVhI-ysLH3LmVRIIPneH-s-SJbf8_n4Ie4DKpjeD_SGV0-FKJraa5Sl0KF80xxO8qQQ8wzTl3fPoLTkOq1kirrgOCVs8ts-ibMPI_M8fWH1oIzAdBTfNJAbkLmO8vvDA=w121-h149-s-no-gm?authuser=0\" width=\"110\" height=\"135\" \/><\/p>\r\n<p><span style=\"font-size: 14px;\"><strong>Unifikacja do\u00a0 \u00a02025<\/strong><\/span><\/p>\r\n<p><span style=\"font-size: 14px;\"><strong>Instruktor PZN\u00a0 \u00a0 \u00a02009<\/strong><\/span><\/p>\r\n<p><span style=\"font-size: 14px;\"><strong>Pomocnik Instruktora\u00a0 \u00a0 \u00a02008<\/strong><\/span><\/p>\r\n<p><span style=\"font-size: 14px;\"><strong>Cz\u0142onek SITN, IVSI<\/strong><\/span><\/p>\r\n<hr \/>\r\n<p>&nbsp;<\/p>\r\n<p><span style=\"font-size: 14px;\">Sezon zaczyna si\u0119\u00a0 i ko\u0144czy sesj\u0105 serwisow\u0105 sprz\u0119tu. Zalecane u\u017cycie smar\u00f3w wszelakich \ud83d\ude42<\/span><\/p>\r\n<p><img loading=\"lazy\" decoding=\"async\" class=\" alignnone\" src=\"https:\/\/lh3.googleusercontent.com\/pw\/AP1GczPY6K3iAC5y8L9sWb7nw6qha4iMRb26mj_X-9bow-yYJvHyF-J99ilPGSIp9N3-oiFzeGhU6gTwAyoBJAMiNf24Jfuh-5J5bzq1Pl9Y-R88BtDtk2AlhwEoOeGKEXYMTDN4JizrxXJ0mXf0S20lqgsosg=w1170-h923-s-no-gm?authuser=0\" width=\"600\" height=\"473\" \/><\/p>\r\n<p><span style=\"font-size: 14px;\"><\/span><\/p>\r\n<figure class=\"wp-block-table is-style-stripes\">\r\n<table class=\"has-fixed-layout\">\r\n<tbody>\r\n<tr>\r\n<td><span style=\"font-size: 14px;\"><a href=\"https:\/\/goo.gl\/photos\/c9H4kXF4PxLM2yo17\" target=\"_blank\" rel=\"noreferrer noopener\">2005_02<\/a>\u00a0 Civetta\u00a0<\/span><\/td>\r\n<td>\u00a0<\/td>\r\n<\/tr>\r\n<tr>\r\n<td><span style=\"font-size: 14px;\"><a href=\"https:\/\/goo.gl\/photos\/qgWy9gVbWhr8sRT77\" target=\"_blank\" rel=\"noreferrer noopener\">2006_01<\/a>\u00a0 Sestriere\u00a0<\/span><\/td>\r\n<td><span style=\"font-size: 14px;\"><a href=\"https:\/\/photos.app.goo.gl\/XWd3DwezfrFkb1RA7\" target=\"_blank\" rel=\"noreferrer noopener\">2021_12<\/a>\u00a0 Unifikacja #2<\/span><\/td>\r\n<\/tr>\r\n<tr>\r\n<td><span style=\"font-size: 14px;\"><a href=\"https:\/\/goo.gl\/photos\/HYfMZdNQMEu1z4va6\" target=\"_blank\" rel=\"noreferrer noopener\">2006_11<\/a>\u00a0 Maso_Corto<\/span><\/td>\r\n<td><span style=\"font-size: 14px;\"><a href=\"https:\/\/photos.app.goo.gl\/qH9CX1agItVRKQGA2\" target=\"_blank\" rel=\"noreferrer noopener\">2018_03<\/a>\u00a0 Unifikacja #1<\/span><\/td>\r\n<\/tr>\r\n<tr>\r\n<td><span style=\"font-size: 14px;\"><a href=\"https:\/\/goo.gl\/photos\/RNEB62Wv4SzJCUMk8\" target=\"_blank\" rel=\"noreferrer noopener\">2007_12<\/a>\u00a0 Kaunertal<\/span><\/td>\r\n<td><span style=\"font-size: 14px;\"><a href=\"https:\/\/goo.gl\/photos\/Frz6tDYVpz4dFeNC8\" target=\"_blank\" rel=\"noreferrer noopener\">2009_04<\/a>\u00a0 CKI Kasprowy<\/span><\/td>\r\n<\/tr>\r\n<tr>\r\n<td><span style=\"font-size: 14px;\"><a href=\"https:\/\/goo.gl\/photos\/xo3mjYh4CMfghXtD9\" target=\"_blank\" rel=\"noreferrer noopener\">2008_04<\/a>\u00a0 Kronplatz\u00a0<\/span><\/td>\r\n<td>\u00a0<\/td>\r\n<\/tr>\r\n<tr>\r\n<td><span style=\"font-size: 14px;\"><a href=\"https:\/\/goo.gl\/photos\/wqqoXoSuKfJgdwpE9\" target=\"_blank\" rel=\"noreferrer noopener\">2008_11<\/a>\u00a0 Soelden<\/span><\/td>\r\n<td>\u00a0<\/td>\r\n<\/tr>\r\n<tr>\r\n<td><span style=\"font-size: 14px;\"><a href=\"https:\/\/goo.gl\/photos\/Q9pc4XmnzqTHzgeW6\" target=\"_blank\" rel=\"noreferrer noopener\">2009_04<\/a>\u00a0 Kronplatz<\/span><\/td>\r\n<td><span style=\"font-size: 14px;\"><a href=\"https:\/\/photos.app.goo.gl\/XK4vnpsaL59yTG3i8\" target=\"_blank\" rel=\"noreferrer noopener\">2020_02<\/a>\u00a0 Val di Fiemme<\/span><\/td>\r\n<\/tr>\r\n<tr>\r\n<td><span style=\"font-size: 14px;\"><a href=\"https:\/\/goo.gl\/photos\/zxwFe45LiMemNADs9\" target=\"_blank\" rel=\"noreferrer noopener\">2010_12<\/a>\u00a0 SanCandido<\/span><\/td>\r\n<td><span style=\"font-size: 14px;\"><a href=\"https:\/\/goo.gl\/photos\/1EJ7a4W8oSmEr3Sv9\" target=\"_blank\" rel=\"noreferrer noopener\">2017_01<\/a>\u00a0 Schladming<\/span><\/td>\r\n<\/tr>\r\n<tr>\r\n<td><span style=\"font-size: 14px;\"><a href=\"https:\/\/goo.gl\/photos\/5U15DEnTMEBL25wGA\" target=\"_blank\" rel=\"noreferrer noopener\">2011_12<\/a>\u00a0 San_Candido<\/span><\/td>\r\n<td><span style=\"font-size: 14px;\"><a href=\"https:\/\/goo.gl\/photos\/waSFE5EXF4G4BDno7\" target=\"_blank\" rel=\"noreferrer noopener\">2013_12<\/a>\u00a0 Schladming #3<\/span><\/td>\r\n<\/tr>\r\n<tr>\r\n<td><span style=\"font-size: 14px;\"><a href=\"https:\/\/goo.gl\/photos\/H8jkKcqSt5ojDJMa6\" target=\"_blank\" rel=\"noreferrer noopener\">2012_12<\/a>\u00a0 Folgarida<\/span><\/td>\r\n<td><span style=\"font-size: 14px;\"><a href=\"https:\/\/goo.gl\/photos\/jT17W8ToTvFS1jjdA\" target=\"_blank\" rel=\"noreferrer noopener\">2013_12<\/a>\u00a0 Schladming #2<\/span><\/td>\r\n<\/tr>\r\n<tr>\r\n<td><span style=\"font-size: 14px;\"><a href=\"https:\/\/goo.gl\/photos\/DCjYL2oUSCkUN5UXA\" target=\"_blank\" rel=\"noreferrer noopener\">2012_12<\/a>\u00a0 Bia\u0142ka_Tatrz<\/span><\/td>\r\n<td><span style=\"font-size: 14px;\"><a href=\"https:\/\/goo.gl\/photos\/B3HCqwHY5ELnhpW57\" target=\"_blank\" rel=\"noreferrer noopener\">2013_12<\/a>\u00a0 Schladming #1<\/span><\/td>\r\n<\/tr>\r\n<\/tbody>\r\n<\/table>\r\n<\/figure>\r\n<p>&nbsp;<\/p>\r\n<p><span style=\"font-size: 14px;\">Soelden 2008 &#8211; tam gdzie alpejczycy rozpoczynaj\u0105 sezon.<\/span><\/p>\r\n<p><img loading=\"lazy\" decoding=\"async\" class=\"aligncenter\" src=\"https:\/\/lh3.googleusercontent.com\/pw\/AP1GczMEpyefgDxQBtSnK2W91E-8gDr7iJOCZqrrJ-_cN7n9xIQR3dhenWPcde6B7RuDoIrIiD5zCef0YTVqugq656tefvMxh4OW1Oh7SO8iDOs78jRvF2oXZJqlQikc_gqg6qJmwnQxSNRr_HEG1JCAN4Rd=w1311-h878-s-no-gm?authuser=0\" width=\"601\" height=\"402\" \/><\/p>\r\n<p><span style=\"font-size: 14px;\">No, da si\u0119! San Candido 2011<\/span><\/p>\r\n<p><img loading=\"lazy\" decoding=\"async\" class=\"aligncenter\" src=\"https:\/\/lh3.googleusercontent.com\/pw\/AP1GczOcEdB_E7PYeRwmSXqj9pD7FvGKORbJiIXQDSi_AHzqXmBKXoatIs2L4jbDpdr7yE_1DSZgyU0gowuHLSSLiokburlbIMa2BXMsVGo7Bx3YGHhcIUe0CEvjTYC8uljq3NqbRRhbiuhgNwv2ZlztoVfH=w1334-h890-s-no-gm?authuser=0\" width=\"604\" height=\"403\" \/><\/p>\r\n<p style=\"text-align: justify;\"><span style=\"font-size: 14px;\">Trzeba by\u0142o sprawdzi\u0107 jak to na fina\u0142ach MPA jest. Zawody to g\u0142\u00f3wnie wyczekiwanie na start. Zbieranie punkt\u00f3w w eliminacjach na r\u00f3\u017cnych stokach ma pewne walory poznawcze i towarzyskie. W mistrzostwach dwa zjazdy dojechane. To jednak nie moja bajka wi\u0119c ci\u0105gu dalszego nie by\u0142o.<\/span><\/p>\r\n<p><img loading=\"lazy\" decoding=\"async\" class=\"size-medium aligncenter\" src=\"https:\/\/lh3.googleusercontent.com\/pw\/AP1GczM6G1QRn6VX5Mqq2eRyNiFMzsuF8d68b2z4uaNpX1fNH35hVZrhRD0s3B59sW-XZseXEgKkHUsDpw4JWihDazYiiNMs-mXH4q-MEZ76g3PIz0jj0NrrGho81fCSMIhvSvU21lNPMg984EdYY0CGOyYL=w628-h522-s-no-gm?authuser=1\" width=\"628\" height=\"522\" \/><\/p>\r\n<p style=\"text-align: justify;\"><span style=\"font-size: 14px;\">Szkole\u0144 SITN cd &#8211; wst\u0119p do instruktorskiego zawodowstwa. Troch\u0119 za p\u00f3\u017ano! Dla mnie praktyczne uporz\u0105dkowanie wiedzy skiturowej w gronie profesjonalist\u00f3w.\u00a0<\/span><\/p>\r\n<p><img loading=\"lazy\" decoding=\"async\" class=\"alignleft\" src=\"https:\/\/lh3.googleusercontent.com\/pw\/AP1GczNpJxl8NLsJ2zeQo7lFxXSU90hQK9lG1cgDtuRhKe7PShVzWXdNO5Kfq4LueA-qd5yogkI8Gn3kNiJqNZf22sEuT7JhpzQbmpQvF-Ism1-4-nx2QQhJFTl5zLRh7oiK0Bfi2ebrkAPFMqKFzPLdtETcYw=w1346-h923-s-no-gm?authuser=0\" width=\"369\" height=\"253\" \/><\/p>\r\n<p><img loading=\"lazy\" decoding=\"async\" class=\"alignright\" src=\"https:\/\/lh3.googleusercontent.com\/pw\/AP1GczNUVv5AFuzYh0fF7k6xY01zZUCIxvZpW_IPDj_HFRl3UJDGQyLrQk97Bh6Cc3uApAiRg7ZiNyfcVUMcTzEmt0gDjaP0vmMahypDswmt8GE1xpdF6yXsFyXbhB2-LrZ1bAcugJqkHXMu0o0aTNHXnRIihA=w1374-h923-s-no-gm?authuser=0\" width=\"370\" height=\"248\" \/><\/p>\r\n<p>&nbsp;<\/p>\r\n<p>&nbsp;<\/p>\r\n<p>&nbsp;<\/p>\r\n<p>&nbsp;<\/p>\r\n<p>&nbsp;<\/p>\r\n<p>&nbsp;<\/p>\r\n<p>&nbsp;<\/p>\r\n<hr \/>\r\n<p>&nbsp;<\/p>\r\n<p><\/p>\r\n<p style=\"text-align: justify; padding-left: 80px;\"><span style=\"font-size: 14px;\">Zawody supergiganta<\/span><span style=\"font-size: 14px;\">\u00a0m\u0119\u017cczyzn\u00a0na\u00a0<\/span><span style=\"font-size: 14px;\">Mistrzostwach \u015awiata, 6 luty 2013<\/span><span style=\"font-size: 14px;\">. Wygra\u0142 <\/span><span style=\"font-size: 14px;\">Ted Ligety<\/span><span style=\"font-size: 14px;\">.\u00a0 Na stoku Planai co roku rozgrywane s\u0105 zawody FIS WC &#8211;<em> Nightrace Schladming<\/em>.\u00a0 No to jad\u0119 !\u00a0 \u00a0 <span style=\"font-size: 12px;\"><em>grudzie\u0144 2013<\/em><\/span><\/span><\/p>\r\n<p><img loading=\"lazy\" decoding=\"async\" class=\"alignnone \" src=\"https:\/\/lh3.googleusercontent.com\/pw\/AP1GczPwyEorfht56ri5STVFSGFs-5T6mg2Jq0_EmE0ZMYfzipvLlK4SDnp1BjMqIUqQS90uLME_9aYJpMDEaAxwrkFHQ7MYmzsUcP4TOwwaj6qCz4ZJX1krzloT23FDu4TIhqJyLOB5sf7Zp9qcj_XKqh6V3A=w1170-h878-s-no-gm?authuser=0\" width=\"448\" height=\"336\" \/><\/p>\r\n<p style=\"text-align: justify; padding-left: 80px;\"><span style=\"font-size: 14px;\">Ale pocz\u0105tek sezonu zazwyczaj w niezawodnym: Bia\u0142y Krzy\u017c Gletcher. Miejsc\u00f3wka na Prze\u0142\u0119czy Salmopolskiej z racji mikroklimatu i niewielkich rozmiar\u00f3w \u0142atwa do na\u015bnie\u017cenia. Jak\u017ce\u017c te pierwsze \u015bmigi smakuj\u0105!<\/span><\/p>\r\n<p style=\"padding-left: 120px;\"><img loading=\"lazy\" decoding=\"async\" class=\"alignnone \" src=\"https:\/\/lh3.googleusercontent.com\/pw\/AP1GczM3UOCIBVLzzOdJs0LpbDc9h9v3mEkFfTYLAmVY8JH1iqKHdQs476j2xDA7UXpIojpeh-od--q8YNxo4pI5w7ar7ok7M9NKVDB-S-mO10mCZUfGchUrl3MKss2EE_pQeR1eiwMI3BJMWi6a1RJZEb3rBA=w1000-h750-s-no-gm?authuser=0\" width=\"601\" height=\"451\" \/><\/p>\r\n<p><img loading=\"lazy\" decoding=\"async\" class=\"alignleft\" src=\"https:\/\/lh3.googleusercontent.com\/pw\/AP1GczNeh8YaqVQaY3wwViFUlxj3sC-3kQw3F6kEbI9Deo6VS0bnKHzCU1poEwqryHV2vjtgkEcw_btWnq24KCoHIGKD9tbvQn4mCxLgAAvq1CDDRHxVHgfxVqpukaix4O_Cqp48nzM-OZwhel5zZSZzMkYxnQ=w656-h876-s-no-gm?authuser=0\" width=\"305\" height=\"407\" \/><\/p>\r\n<p style=\"text-align: right;\"><span style=\"font-size: 14px;\">Gdy tylko dowiadujesz si\u0119, \u017ce ju\u017c \u015bnie\u017c\u0105<\/span><\/p>\r\n<p><img loading=\"lazy\" decoding=\"async\" class=\" alignright\" src=\"https:\/\/lh3.googleusercontent.com\/pw\/AP1GczPez91LlxFTwf07z6djVa4IROXmwiFxUKFEx4N7S2Lpb47iFlFy7pU5lZ-_80x3GuxlqlrPPEPtaK8RhUjWPcVfyHUILRQG4MtMrViAEhicsTvMQLjnfEJMsCrpF3oP3a_hwARXQzRwWFH1O9u4zRxTZw=w611-h876-s-no-gm?authuser=0\" width=\"256\" height=\"367\" \/><\/p>\r\n<p>&nbsp;<\/p>\r\n<p>&nbsp;<\/p>\r\n<p>&nbsp;<\/p>\r\n<p>&nbsp;<\/p>\r\n<p>&nbsp;<\/p>\r\n<p>&nbsp;<\/p>\r\n<p>&nbsp;<\/p>\r\n<p>&nbsp;<\/p>\r\n<p>&nbsp;<\/p>\r\n<p>&nbsp;<\/p>\r\n<p style=\"text-align: justify;\">\u00a0<\/p>\r\n<p><img loading=\"lazy\" decoding=\"async\" class=\"alignleft\" src=\"https:\/\/lh3.googleusercontent.com\/pw\/AP1GczMUrpjp-0zBDPMtzwE9uam01tTw-JjO9C09qKi6mcr8c7g578B8zRQ-MCypV0-9eMXHkqLObq4i6PBUKgtB6eacvFqFkOYD5RlNT0a0ZrQ_JRwEj64vGv4qfAfpxoxAZrXarx6pVh1GF72RhH39vlHypA=w611-h875-s-no-gm?authuser=0\" width=\"400\" height=\"573\" \/><\/p>\r\n<p>&nbsp;<\/p>\r\n<p>&nbsp;<\/p>\r\n<p>&nbsp;<\/p>\r\n<p style=\"text-align: justify;\"><span style=\"font-size: 14px;\">Ciekawostka:\u00a0 \u00a0 \u00a0jak uprawia\u0142o si\u0119 na legalu narciarstwo zjazdowe w czasach covidu? Na licencji PZN i wszyscy zadowoleni: zwi\u0105zek bo pobra\u0142 op\u0142at\u0119, o\u015brodki i szko\u0142y narciarskie bo maj\u0105 klient\u00f3w, zainteresowany bo mo\u017ce je\u017adzi\u0107 i nikt si\u0119 nie czepia. Tylko jedna pani minister zapomnia\u0142a.<\/span><\/p>\r\n<p>&nbsp;<\/p>\r\n<p>&nbsp;<\/p>\r\n<p>&nbsp;<\/p>\r\n<p>&nbsp;<\/p>\r\n<p><img loading=\"lazy\" decoding=\"async\" class=\"alignright\" src=\"https:\/\/lh3.googleusercontent.com\/pw\/AP1GczMuiVZmQa3ag__PVhYsfY5VvDPZsxxcA9KD9yteOnVzA4K4c4hj814UbWQL44vLDstPSoYB-cZcppzCkcPAw5t-SbYKBfCVxgzQNd74D4ktoSKd2EU4NUNFJWYN9rWoIjKSJ89cZSs-uh_NqOhWeGOQoQ=w951-h639-s-no-gm?authuser=0\" width=\"320\" height=\"215\" \/><\/p>\r\n<p>&nbsp;<\/p>\r\n<p>&nbsp;<\/p>\r\n<p>&nbsp;<\/p>\r\n<p>&nbsp;<\/p>\r\n<p>&nbsp;<\/p>\r\n<p>&nbsp;<\/p>\r\n<p>&nbsp;<\/p>\r\n<p><span style=\"font-size: 14px;\">Rob\u00f3tki instruktorskie<\/span><\/p>\r\n<p><span style=\"font-size: 14px;\">SNW\u00a0 <a href=\"https:\/\/photos.app.goo.gl\/Dcjp6uhLdD8zkVVK6\" target=\"_blank\" rel=\"noopener\">\u00a0#1\u00a0<\/a> \u00a0<a href=\"https:\/\/photos.app.goo.gl\/wiKF6TBdP5RwPEUK8\" target=\"_blank\" rel=\"noopener\">#2<\/a>\u00a0 \u00a0 \u00a0<a href=\"https:\/\/photos.app.goo.gl\/XK4vnpsaL59yTG3i8\" target=\"_blank\" rel=\"noopener\">Val Di Fiemme<\/a>\u00a0 \u00a0 \u00a0 Czarna G\u00f3ra-<a href=\"https:\/\/photos.fife.usercontent.google.com\/pw\/AP1GczMnatXMesKmfJ9tDeWo9QS9DZ9gRTm8c81BprRr-oZxf_yngRFK-iV5bA=w1216-h913-s-no-gm?authuser=0\">Koziniec<\/a>\u00a0\u00a0<\/span> \u00a0<\/p>\r\n<p>&nbsp;<\/p>\r\n<hr \/>\r\n<div class=\"WaaZC\">\r\n<p style=\"text-align: justify;\"><span style=\"font-size: 14px;\"><strong>Snowboard<\/strong><\/span><\/p>\r\n<p style=\"text-align: justify;\"><span style=\"font-size: 14px;\">czyli jazda na parapecie. Rozw\u00f3j tej dyscypliny datuje si\u0119 od 1965 kiedy to w USA zaprojektowano pierwsz\u0105 oficjaln\u0105 desk\u0119 snowboardow\u0105. W ko\u0144c\u00f3wce lat 90-tych prze\u017cywa\u0142 sw\u00f3j najwi\u0119kszy rozkwit i jako dyscyplina sportowa zosta\u0142 w\u0142\u0105czony do programu zimowych igrzysk. W Polsce szkolenie zawodnicze odbywa si\u0119 w strukturach PZN. Instruktorzy SNB maj\u0105 w\u0142asne stowarzyszenie &#8211; SITS, ustanawiaj\u0105ce standardy szkolenia amatorskiego.\u00a0<\/span><\/p>\r\n<p style=\"text-align: justify; padding-left: 40px;\"><span style=\"font-size: 14px;\">Podr\u00f3bka SNB. Gdy dochodzisz do wniosku, \u017ce narty to za ma\u0142o i my\u015blisz, \u017ce dasz rad\u0119!<\/span><\/p>\r\n<p><img loading=\"lazy\" decoding=\"async\" class=\"alignleft\" src=\"https:\/\/lh3.googleusercontent.com\/pw\/AP1GczMhT1amHnle0L_e3vF-GhO_mcbZXKITFrCDFMER1jRxUo0seQBkUfYPcK-UH39BQxU6aLy0rRWq8HEps0_QTkfCJImGxffiTbJy4AnbU76ZzbGksz8ft4Kh0FFgCzqZ5fRfkDNZ5qSKvGV7yVZ4YDX4vw=w1135-h845-s-no-gm?authuser=0\" width=\"403\" height=\"300\" \/><\/p>\r\n<p><img loading=\"lazy\" decoding=\"async\" class=\"alignright\" src=\"https:\/\/lh3.googleusercontent.com\/pw\/AP1GczPuqvJasIjUmcTadUe_k-OSmNGC6OFkkkeaynF3PMrfCMstpRIlW0RVsA7J4a8LgHIkEpMXYw_spdCMkK4BWjNTBDWFUyguPrsYjVefXjAI2gTqdlk2BdljQNvP0BZYiuqL0Ad3A9JGBdflR3m_BEGEvQ=w741-h923-s-no-gm?authuser=0\" width=\"241\" height=\"300\" \/><\/p>\r\n<p>&nbsp;<\/p>\r\n<p>&nbsp;<\/p>\r\n<p>&nbsp;<\/p>\r\n<p>&nbsp;<\/p>\r\n<p>&nbsp;<\/p>\r\n<p>&nbsp;<\/p>\r\n<p>&nbsp;<\/p>\r\n<\/div>\r\n<p>&nbsp;<\/p>\r\n<p><img loading=\"lazy\" decoding=\"async\" class=\"alignleft\" src=\"https:\/\/lh3.googleusercontent.com\/pw\/AP1GczMks29nlVjohBi74-J46P8TFOYrD-FheoS_ttVp4YfB8gIydr9XLvD7HcrU3qf-6FxDwraDPcyhQR6Q3KRgDEfcrvEkiDp1QX4YUtUa2IrQfbGGTyHfom1spQEg3cBsNjcqNDHxh0-fa96xh7nyXbPHDA=w800-h515-s-no-gm?authuser=0\" width=\"324\" height=\"209\" \/><\/p>\r\n<p>&nbsp;<\/p>\r\n<p>&nbsp;<\/p>\r\n<p>&nbsp;<\/p>\r\n<p>&nbsp;<\/p>\r\n<p><em><span style=\"font-size: 12px;\">Pitztal, maj 2000<\/span><\/em><\/p>\r\n<p>&nbsp;<\/p>\r\n<div class=\"WaaZC\"><hr \/>\r\n<p data-hveid=\"CCYQAQ\" data-ved=\"2ahUKEwiXvpborbGMAxWcBNsEHQuXHGAQo_EKegQIJhAB\">\u00a0<\/p>\r\n<p class=\"rPeykc uP58nb\" style=\"text-align: justify;\" data-hveid=\"CCYQAQ\" data-ved=\"2ahUKEwiXvpborbGMAxWcBNsEHQuXHGAQo_EKegQIJhAB\"><span style=\"font-size: 14px;\"><strong><span role=\"heading\" aria-level=\"2\">Narciarstwo telemarkowe<\/span><\/strong><\/span><\/p>\r\n<\/div>\r\n<p style=\"text-align: justify;\"><span style=\"font-size: 14px;\">Telemark \u2013 technika wywodz\u0105ca si\u0119 z Norwegii. Kiedy\u015b dominuj\u0105ca w narciarstwie alpejskim obecnie, nawet po udoskonaleniach technologicznych sprz\u0119tu raczej niszowa. Telemark to korzenie narciarstwa i jego kwintesencja. Z tej techniki bierze pocz\u0105tek wsp\u00f3\u0142czesne narciarstwo:\u00a0 zjazdowe, biegowe i skoki. Jest grupka entuzjast\u00f3w skupiona w SITN\u2019ie a spr\u00f3bowa\u0107\u00a0 mo\u017cna cho\u0107by ze S\u0142awkiem Lassakiem w o\u015brodku Potoczki \u2013 Z\u0105b. Telemarkowcy mawiaj\u0105:\u00a0<em>U<\/em><em>wolnij sw\u0105 pi\u0119t\u0119, uwolnij sw\u00f3j umys\u0142\u201d (Free Your Heel, Free Your Mind).<\/em>\u00a0Co te\u017c zrobi\u0142em: fun jest a umys\u0142 na szcz\u0119\u015bcie pozosta\u0142 na swoim miejscu.<\/span><\/p>\r\n<p>&nbsp;<\/p>\r\n<p>&nbsp;<\/p>\r\n<p>&nbsp;<\/p>\r\n<p>&nbsp;<\/p>","protected":false},"excerpt":{"rendered":"<p>Sezon 2025\/&#8217;26 Wczesny pocz\u0105tek (23.11) z przerw\u0105 do ko\u0144ca grudnia. Okoliczne wyci\u0105gi objechane, kilometr\u00f3w turowania ca\u0142kiem sporo. Zako\u0144czenie sezonu unifikacj\u0105 SITN w Bia\u0142ce Tatrza\u0144skiej. Dobry sezon i sporo plan\u00f3w na przysz\u0142y.\u00a0 &nbsp; &nbsp; &nbsp; &nbsp; &nbsp; &nbsp; &nbsp; Co\u015b si\u0119 ko\u0144czy i co\u015b zaczyna. &nbsp; Unifikacja SITN do\u00a0 \u00a02029 POL-SKI Instruktor Narciarstwa Alpejskiego\u00a0 \u00a0 \u00a02026 Od sezonu 2023\/24 nast\u0105pi\u0142o rozdzielenie sportu wyczynowego (PZN) od sportu [&hellip;]<\/p>\n","protected":false},"author":1,"featured_media":633,"comment_status":"closed","ping_status":"closed","sticky":false,"template":"","format":"standard","meta":{"footnotes":""},"categories":[18],"tags":[],"class_list":["post-606","post","type-post","status-publish","format-standard","has-post-thumbnail","hentry","category-narty"],"_links":{"self":[{"href":"https:\/\/go.ianna.pl\/index.php?rest_route=\/wp\/v2\/posts\/606","targetHints":{"allow":["GET"]}}],"collection":[{"href":"https:\/\/go.ianna.pl\/index.php?rest_route=\/wp\/v2\/posts"}],"about":[{"href":"https:\/\/go.ianna.pl\/index.php?rest_route=\/wp\/v2\/types\/post"}],"author":[{"embeddable":true,"href":"https:\/\/go.ianna.pl\/index.php?rest_route=\/wp\/v2\/users\/1"}],"replies":[{"embeddable":true,"href":"https:\/\/go.ianna.pl\/index.php?rest_route=%2Fwp%2Fv2%2Fcomments&post=606"}],"version-history":[{"count":128,"href":"https:\/\/go.ianna.pl\/index.php?rest_route=\/wp\/v2\/posts\/606\/revisions"}],"predecessor-version":[{"id":2748,"href":"https:\/\/go.ianna.pl\/index.php?rest_route=\/wp\/v2\/posts\/606\/revisions\/2748"}],"wp:featuredmedia":[{"embeddable":true,"href":"https:\/\/go.ianna.pl\/index.php?rest_route=\/wp\/v2\/media\/633"}],"wp:attachment":[{"href":"https:\/\/go.ianna.pl\/index.php?rest_route=%2Fwp%2Fv2%2Fmedia&parent=606"}],"wp:term":[{"taxonomy":"category","embeddable":true,"href":"https:\/\/go.ianna.pl\/index.php?rest_route=%2Fwp%2Fv2%2Fcategories&post=606"},{"taxonomy":"post_tag","embeddable":true,"href":"https:\/\/go.ianna.pl\/index.php?rest_route=%2Fwp%2Fv2%2Ftags&post=606"}],"curies":[{"name":"wp","href":"https:\/\/api.w.org\/{rel}","templated":true}]}}