{"id":654,"date":"2019-10-22T21:18:29","date_gmt":"2019-10-22T21:18:29","guid":{"rendered":"https:\/\/go.ianna.pl\/?p=654"},"modified":"2025-01-28T12:10:38","modified_gmt":"2025-01-28T12:10:38","slug":"w-tatrach-2013-2019","status":"publish","type":"post","link":"https:\/\/go.ianna.pl\/?p=654","title":{"rendered":"W Tatrach 2013-2019"},"content":{"rendered":"<p><img loading=\"lazy\" decoding=\"async\" class=\"size-full wp-image-253 alignright\" src=\"http:\/\/go.ianna.pl\/wp-content\/uploads\/2024\/11\/turystyczna_korona_tatr.png\" alt=\"\" width=\"150\" height=\"150\" \/><\/p>\r\n<p><span style=\"font-size: 14px;\"><em>B\u0142ogos\u0142awione niech b\u0119d\u0105 morza, g\u00f3ry wysokie i wielkie pustynie, albowiem one s\u0105 \u017ar\u00f3d\u0142em si\u0142y!<\/em><\/span><\/p>\r\n<p><em><span style=\"font-size: 14px;\">&#8230;powiod\u0142em Polak\u00f3w w g\u00f3ry i nad morze, aby stali si\u0119 twardzi jak granit, a dusze mieli czyste i g\u0142\u0119bokie jak morze.<\/span><\/em><\/p>\r\n<p style=\"text-align: left; padding-left: 480px;\"><em><span style=\"font-size: 14px;\"><strong>Mariusz Zaruski<\/strong>\u00a0 \u00a0cz\u0142owiek g\u00f3r i morza<\/span><\/em><\/p>\r\n<hr \/>\r\n<p style=\"text-align: justify;\"><span style=\"font-size: 14px;\">Mo\u017ce nie za spraw\u0105 M. Zaruskiego ale dane mi by\u0142o posmakowa\u0107 i g\u00f3r wysokich i morza bezkresnego. Oczywi\u015bcie w wydaniu kompaktowym ale opinie genera\u0142a s\u0105 mi bliskie a fascynacja postaci\u0105 pozostanie na zawsze. Czemu takie \u017cyciorysy pozostaj\u0105\u00a0 nieznane?\u00a0 \u00a0 \u00a0 \u00a0 \u00a0 \u00a0 \u00a0 \u00a0 \u00a0<\/span><span style=\"font-size: 14px;\">Okres 2013 &#8211; 2019 to czas tatrza\u0144skiego wzmo\u017cenia. Systematyczne poznawanie Tatr wg wykazu TKT i pierwsze skiturowe &#8222;wyrypy&#8221; do GON. Pokonanie lekkiego strachu na Mnichu pozwoli\u0142o na snucie plan\u00f3w o WKT a w ko\u0144cu do zdobycia <\/span><span style=\"font-size: 14px;\">8 of 14 szczyt\u00f3w. <img loading=\"lazy\" decoding=\"async\" class=\" wp-image-478 alignright\" src=\"http:\/\/go.ianna.pl\/wp-content\/uploads\/2024\/11\/WKT_3-kopia-300x250.jpg\" alt=\"\" width=\"138\" height=\"115\" srcset=\"https:\/\/go.ianna.pl\/wp-content\/uploads\/2024\/11\/WKT_3-kopia-300x250.jpg 300w, https:\/\/go.ianna.pl\/wp-content\/uploads\/2024\/11\/WKT_3-kopia-1024x853.jpg 1024w, https:\/\/go.ianna.pl\/wp-content\/uploads\/2024\/11\/WKT_3-kopia-768x640.jpg 768w, https:\/\/go.ianna.pl\/wp-content\/uploads\/2024\/11\/WKT_3-kopia-1536x1279.jpg 1536w, https:\/\/go.ianna.pl\/wp-content\/uploads\/2024\/11\/WKT_3-kopia-2048x1706.jpg 2048w\" sizes=\"auto, (max-width: 138px) 100vw, 138px\" \/>Zatem na koniec 2019 mog\u0119 powiedzie\u0107, \u017ce najwy\u017csze pasmo Karpat poznane w stopniu zadowalaj\u0105cym (mnie!). Top top\u00f3w to Gra\u0144 Wide\u0142 &#8211; pasmo ska\u0142 od \u0141omnicy do Kie\u017cmarskiego Szczytu. Potwierdzam, \u017ce Orla Per\u0107 zas\u0142uguje na miano najtrudniejszego znakowanego <\/span><span style=\"font-size: 14px;\">szlaku. Odkryciem by\u0142o pasmo Otarga\u0144c\u00f3w cho\u0107 mo\u017ce to te\u017c zas\u0142uga wyj\u0105tkowej pogody i dobrego nastawienia.\u00a0 Z zimowych wypraw w pami\u0119ci pozostanie &#8222;szarlotka tour&#8221;\u00a0 grani\u0105 Tatr Zachodnich i wyprawa na Granaty w pi\u0119knej marcowej aurze.\u00a0<\/span><\/p>\r\n<p>&nbsp;<\/p>\r\n\r\n<figure class=\"wp-block-table is-style-stripes\">\r\n<table class=\"has-fixed-layout\">\r\n<tbody>\r\n<tr>\r\n<td><a style=\"font-size: 14px;\" href=\"https:\/\/goo.gl\/photos\/yaj3LC5MNUcm3mCLA\" target=\"_blank\" rel=\"noopener\">2013_09_14<\/a><span style=\"font-size: 14px;\">\u00a0 Tatry_d#1<\/span><\/td>\r\n<td><a style=\"font-size: 14px;\" href=\"https:\/\/goo.gl\/photos\/MXdYtYwK8MsgdcUu6\" target=\"_blank\" rel=\"noopener\">2013_09_15<\/a><span style=\"font-size: 14px;\">\u00a0 Tatry_d#2<\/span><\/td>\r\n<td><a style=\"font-size: 14px;\" href=\"https:\/\/goo.gl\/photos\/CJbUocY7TzoooqYF7\" target=\"_blank\" rel=\"noopener\">2013_10_11<\/a><span style=\"font-size: 14px;\">\u00a0 Krzy\u017cne<\/span><\/td>\r\n<\/tr>\r\n<tr>\r\n<td><a style=\"font-size: 14px;\" href=\"https:\/\/goo.gl\/photos\/Kc3JRJpZb61hqXLMA\" target=\"_blank\" rel=\"noopener\">2014_01_10<\/a><span style=\"font-size: 14px;\">\u00a0 Lawiny<\/span><\/td>\r\n<td><a style=\"font-size: 14px;\" href=\"https:\/\/goo.gl\/photos\/5UdTVRZVdgU2afar6\" target=\"_blank\" rel=\"noopener\">2015_04_19<\/a><span style=\"font-size: 14px;\">\u00a0 Liliowe<\/span><\/td>\r\n<td><a style=\"font-size: 14px;\" href=\"https:\/\/goo.gl\/photos\/rq5hefMGLBvJwaWd9\" target=\"_blank\" rel=\"noopener\">2015_06_06<\/a><span style=\"font-size: 14px;\">_\u00a0 Rusinowa<\/span><\/td>\r\n<\/tr>\r\n<tr>\r\n<td><a style=\"font-size: 14px;\" href=\"https:\/\/goo.gl\/photos\/WZfgXXfK7KzHsgFu7\" target=\"_blank\" rel=\"noopener\">2015_07_12<\/a><span style=\"font-size: 14px;\">\u00a0 Tatry Bielskie<\/span><\/td>\r\n<td><a style=\"font-size: 14px;\" href=\"https:\/\/goo.gl\/photos\/ALmMvHwYbVPzMiVE6\" target=\"_blank\" rel=\"noopener\">2015_08_14<\/a><span style=\"font-size: 14px;\">\u00a0 Rakuska Czuba<\/span><\/td>\r\n<td><a style=\"font-size: 14px;\" href=\"https:\/\/goo.gl\/photos\/HwM4FyQQ1GqHURuY9\" target=\"_blank\" rel=\"noopener\">2015_08_27<\/a><span style=\"font-size: 14px;\">\u00a0 Wo\u0142owiec<\/span><\/td>\r\n<\/tr>\r\n<tr>\r\n<td><a style=\"font-size: 14px;\" href=\"https:\/\/goo.gl\/photos\/HypeWA1bgi9KE6v49\" target=\"_blank\" rel=\"noopener\">2015_09_06<\/a><span style=\"font-size: 14px;\">\u00a0 Ko\u015bcielec<\/span><\/td>\r\n<td><a style=\"font-size: 14px;\" href=\"https:\/\/goo.gl\/photos\/aNZpkmd35KtWVLC59\" target=\"_blank\" rel=\"noopener\">2016_02_27<\/a><span style=\"font-size: 14px;\">-28\u00a0 Kondratowa<\/span><\/td>\r\n<td><a style=\"font-size: 14px;\" href=\"https:\/\/goo.gl\/photos\/trAaRpeopHeTGYHR7\" target=\"_blank\" rel=\"noopener\">2016_03_25<\/a><span style=\"font-size: 14px;\">\u00a0 Czerwone\u00a0 Wierchy<\/span><\/td>\r\n<\/tr>\r\n<tr>\r\n<td><a style=\"font-size: 14px;\" href=\"https:\/\/goo.gl\/photos\/9hEpCc7scrAxPCrF9\" target=\"_blank\" rel=\"noopener\">2016_04_17<\/a><span style=\"font-size: 14px;\">\u00a0 Beskid<\/span><\/td>\r\n<td><a style=\"font-size: 14px;\" href=\"https:\/\/goo.gl\/photos\/FYM5PWePrv6YXWCM6\" target=\"_blank\" rel=\"noopener\">2016_08_02<\/a><span style=\"font-size: 14px;\">\u00a0 Rysy<\/span><\/td>\r\n<td><a style=\"font-size: 14px;\" href=\"https:\/\/goo.gl\/photos\/TTUUrpt7Z5KPg3ea9\" target=\"_blank\" rel=\"noopener\">2016_08_12<\/a><span style=\"font-size: 14px;\">\u00a0 \u015awinica<\/span><\/td>\r\n<\/tr>\r\n<tr>\r\n<td><a style=\"font-size: 14px;\" href=\"https:\/\/goo.gl\/photos\/GSDCahQxLT4F8Ga97\" target=\"_blank\" rel=\"noopener\">2016_08_13<\/a><span style=\"font-size: 14px;\">\u00a0 Mnich<\/span><\/td>\r\n<td><a style=\"font-size: 14px;\" href=\"https:\/\/goo.gl\/photos\/Mx9Pv3cSt7ZqLhYb9\" target=\"_blank\" rel=\"noopener\">2016_12_11<\/a><span style=\"font-size: 14px;\">\u00a0 \u015awinica<\/span><\/td>\r\n<td><a style=\"font-size: 14px;\" href=\"https:\/\/goo.gl\/photos\/naqBLMwaERdktrPb8\" target=\"_blank\" rel=\"noopener\">2017_02_19<\/a><span style=\"font-size: 14px;\">\u00a0 Kasprowy<\/span><\/td>\r\n<\/tr>\r\n<tr>\r\n<td><a style=\"font-size: 14px;\" href=\"https:\/\/goo.gl\/photos\/LwNK6utSH1Q5U9qk9\" target=\"_blank\" rel=\"noopener\">2017_03_11<\/a><span style=\"font-size: 14px;\">\u00a0 Kondratowa<\/span><\/td>\r\n<td><a style=\"font-size: 14px;\" href=\"https:\/\/goo.gl\/photos\/5YJJQrzAAPTVBLEFA\" target=\"_blank\" rel=\"noopener\">2017_03_19<\/a><span style=\"font-size: 14px;\">\u00a0 \u0141opata<\/span><\/td>\r\n<td><a style=\"font-size: 14px;\" href=\"https:\/\/goo.gl\/photos\/wCoPj3smaJC95hJr6\" target=\"_blank\" rel=\"noopener\">2017_03_21<\/a><span style=\"font-size: 14px;\">\u00a0 Kopa_K<\/span><\/td>\r\n<\/tr>\r\n<tr>\r\n<td><a style=\"font-size: 14px;\" href=\"https:\/\/goo.gl\/photos\/rQ1kosZebC45s57L6\" target=\"_blank\" rel=\"noopener\">2017_03_23<\/a><span style=\"font-size: 14px;\">\u00a0 Zawrat<\/span><\/td>\r\n<td><a style=\"font-size: 14px;\" href=\"https:\/\/goo.gl\/photos\/HPUBQHTbJPGB5FRv6\" target=\"_blank\" rel=\"noopener\">2017_03_24<\/a><span style=\"font-size: 14px;\">\u00a0 Szpiglasowa<\/span><\/td>\r\n<td><a style=\"font-size: 14px;\" href=\"https:\/\/goo.gl\/photos\/h96gF4KDcC9x558f9\" target=\"_blank\" rel=\"noopener\">2017_05_20<\/a><span style=\"font-size: 14px;\">\u00a0 Nosal<\/span><\/td>\r\n<\/tr>\r\n<tr>\r\n<td><a style=\"font-size: 14px;\" href=\"https:\/\/goo.gl\/photos\/7UAUUF1waucGcPyn6\" target=\"_blank\" rel=\"noopener\">2017_06_04<\/a><span style=\"font-size: 14px;\">\u00a0 Zadni_M<\/span><\/td>\r\n<td><a style=\"font-size: 14px;\" href=\"https:\/\/goo.gl\/photos\/YK7gBympvZ67NXt9A\" target=\"_blank\" rel=\"noopener\">2017_06_15<\/a><span style=\"font-size: 14px;\">\u00a0 Szpiglas<\/span><\/td>\r\n<td><a style=\"font-size: 14px;\" href=\"https:\/\/goo.gl\/photos\/Unf4eG9RjHL3Z2sR8\" target=\"_blank\" rel=\"noopener\">2017_07_02<\/a><span style=\"font-size: 14px;\">\u00a0 Gerlach<\/span><\/td>\r\n<\/tr>\r\n<tr>\r\n<td><a style=\"font-size: 14px;\" href=\"https:\/\/goo.gl\/photos\/iQUFuQh3Pz8BVopV6\" target=\"_blank\" rel=\"noopener\">2017_07_09<\/a><span style=\"font-size: 14px;\">\u00a0 Krywa\u0144<\/span><\/td>\r\n<td><span style=\"font-size: 14px;\"><a href=\"https:\/\/photos.app.goo.gl\/BI35uVdiC5oalwZh1\" target=\"_blank\" rel=\"noopener\">2017_07_20<\/a>\u00a0 \u00a0\u017babi Ko\u0144<\/span><\/td>\r\n<td><span style=\"font-size: 14px;\"><a href=\"https:\/\/photos.app.goo.gl\/BEBcB0yAMtyQ0w1C2\" target=\"_blank\" rel=\"noopener\">2017_07_29<\/a>\u00a0 S\u0142awkowski<\/span><\/td>\r\n<\/tr>\r\n<tr>\r\n<td><span style=\"font-size: 14px;\"><a href=\"https:\/\/goo.gl\/photos\/PHscgcZSC7FiKusx8\" target=\"_blank\" rel=\"noopener\">2017_06_02<\/a>\u00a0 Bystra<\/span><\/td>\r\n<td><span style=\"font-size: 14px;\"><a href=\"https:\/\/photos.app.goo.gl\/z6JvzQCLIWk2j8ty2\" target=\"_blank\" rel=\"noopener\">2017_11_18<\/a>\u00a0 ski Kasprowy<\/span><\/td>\r\n<td><span style=\"font-size: 14px;\"><a href=\"https:\/\/photos.app.goo.gl\/j5gCt33OLrDOKzyI2\">2018_01_17<\/a>-21 Kurs NW<\/span><\/td>\r\n<\/tr>\r\n<tr>\r\n<td><span style=\"font-size: 14px;\"><a href=\"https:\/\/photos.app.goo.gl\/DSuqqOP8x643pK7S2\" target=\"_blank\" rel=\"noopener\">2018_03_11<\/a>\u00a0 Kopa_K.<\/span><\/td>\r\n<td><span style=\"font-size: 14px;\"><a href=\"https:\/\/photos.app.goo.gl\/YkZQfik2pMIHBC1B3\" target=\"_blank\" rel=\"noopener\">2018_04_15<\/a>\u00a0 Salatyn<\/span><\/td>\r\n<td><span style=\"font-size: 14px;\"><a href=\"https:\/\/photos.app.goo.gl\/V627AorUoayzym412\" target=\"_blank\" rel=\"noreferrer noopener\">2018_04_18<\/a>\u00a0 Pi\u0119cistaw<\/span><\/td>\r\n<\/tr>\r\n<tr>\r\n<td><span style=\"font-size: 14px;\"><a href=\"https:\/\/photos.app.goo.gl\/76TZg5ZrhyyrKmtG8\" target=\"_blank\" rel=\"noopener\">2019_07_18<\/a>\u00a0 Pachola<\/span><\/td>\r\n<td><span style=\"font-size: 14px;\"><a href=\"https:\/\/photos.app.goo.gl\/RgrNMUYsfFfFd6qBA\" target=\"_blank\" rel=\"noopener\">2018_07_04<\/a>\u00a0 Rohacze<\/span><\/td>\r\n<td><span style=\"font-size: 14px;\"><a href=\"https:\/\/photos.app.goo.gl\/yZKVtL9tsUtnMHmu9\" target=\"_blank\" rel=\"noopener\">2018_07_14<\/a>\u00a0 Wysoka<\/span><\/td>\r\n<\/tr>\r\n<tr>\r\n<td><span style=\"font-size: 14px;\"><a href=\"https:\/\/photos.app.goo.gl\/GaRm4grCW2tjjweS7\" target=\"_blank\" rel=\"noopener\">2018_07_25<\/a>\u00a0 Orla_Per\u0107<\/span><\/td>\r\n<td><span style=\"font-size: 14px;\"><a href=\"https:\/\/photos.app.goo.gl\/mYxJkKNFCDzwmJ168\" target=\"_blank\" rel=\"noopener\">2018_08_19<\/a>\u00a0 Jagni\u0119cy<\/span><\/td>\r\n<td><span style=\"font-size: 14px;\"><a href=\"https:\/\/photos.app.goo.gl\/ezTU2yxYvun9q5WV7\" target=\"_blank\" rel=\"noopener\">2018_09_10<\/a>\u00a0 Czerwona \u0141awka<\/span><\/td>\r\n<\/tr>\r\n<tr>\r\n<td><span style=\"font-size: 14px;\"><a href=\"https:\/\/photos.app.goo.gl\/YG3X1s3qZYfLxHu69\" target=\"_blank\" rel=\"noopener\">2018_09_18<\/a>\u00a0 Durny-\u0141omnica<\/span><\/td>\r\n<td><span style=\"font-size: 14px;\"><a href=\"https:\/\/photos.app.goo.gl\/toorKn138CYX2H398\" target=\"_blank\" rel=\"noopener\">2018_10_16<\/a>\u00a0 Solisko<\/span><\/td>\r\n<td><span style=\"font-size: 14px;\"><a href=\"https:\/\/photos.app.goo.gl\/DzBdJuvtNJjc6urG8\" target=\"_blank\" rel=\"noopener\">2019_08_16<\/a>\u00a0 \u00a0Siwy Wierch<\/span><\/td>\r\n<\/tr>\r\n<tr>\r\n<td><span style=\"font-size: 14px;\"><a href=\"https:\/\/photos.app.goo.gl\/MgnkXr6r9vibBAit9\" target=\"_blank\" rel=\"noopener\">2019_09_01<\/a>\u00a0 Osterwa<\/span><\/td>\r\n<td><span style=\"font-size: 14px;\"><a href=\"https:\/\/photos.app.goo.gl\/sW6th5c1LCec1t8v8\" target=\"_blank\" rel=\"noopener\">2019_09_05<\/a>\u00a0 Ch\u0142opek<\/span><\/td>\r\n<td><span style=\"font-size: 14px;\"><a href=\"https:\/\/photos.app.goo.gl\/49NAubmpTMb93yZ4A\" target=\"_blank\" rel=\"noopener\">2019_09_13<\/a>\u00a0 Gra\u0144 Wide\u0142<\/span><\/td>\r\n<\/tr>\r\n<tr>\r\n<td><span style=\"font-size: 14px;\"><a href=\"https:\/\/photos.app.goo.gl\/errbUGHmzxDdYT1BA\" target=\"_blank\" rel=\"noopener\">2019_09_22<\/a>\u00a0 Koprowy<\/span><\/td>\r\n<td><span style=\"font-size: 14px;\"><a href=\"https:\/\/photos.app.goo.gl\/7gvsK3DUeE8k12Hv9\" target=\"_blank\" rel=\"noopener\">2019_09_29<\/a>\u00a0 Lodowa_P<\/span><\/td>\r\n<td><span style=\"font-size: 14px;\"><a href=\"https:\/\/photos.app.goo.gl\/ogFGrAVQqpXNStFAA\" target=\"_blank\" rel=\"noopener\">2019_10_14<\/a>\u00a0 Otarga\u0144ce<\/span><\/td>\r\n<\/tr>\r\n<tr>\r\n<td><span style=\"font-size: 14px;\"><a href=\"https:\/\/photos.app.goo.gl\/waS8qkqhzp5WHR1B8\" target=\"_blank\" rel=\"noreferrer noopener\">2019_10_22<\/a> Ma\u0142a Wysoka<\/span><\/td>\r\n<td><span style=\"font-size: 14px;\"><a href=\"https:\/\/photos.app.goo.gl\/ThzN5T6vzPPxg58LA\">2019_04_07<\/a>\u00a0 Granaty<\/span><\/td>\r\n<td><span style=\"font-size: 14px;\"><a href=\"https:\/\/photos.app.goo.gl\/ypCnH6eDbxzQx2Z38\">2019_03_22<\/a>\u00a0 Pi\u0119cistaw<\/span><\/td>\r\n<\/tr>\r\n<tr>\r\n<td><span style=\"font-size: 14px;\"><a href=\"https:\/\/photos.app.goo.gl\/nHa2hp82d5rVd1V77\">2019_04_15<\/a>\u00a0 D_Starole\u015bna<\/span><\/td>\r\n<td><span style=\"font-size: 14px;\"><a href=\"https:\/\/photos.app.goo.gl\/e1VjsXXfRawUxG2U9\">2019_02_06<\/a>\u00a0 Kopa_K<\/span><\/td>\r\n<td><span style=\"font-size: 14px;\">\u00a0<a href=\"https:\/\/photos.app.goo.gl\/tnXRsUyyi5Jscddu9\">2019_03_31<\/a>\u00a0 Zawrat<\/span><\/td>\r\n<\/tr>\r\n<tr>\r\n<td><span style=\"font-size: 14px;\">\u00a0<a href=\"https:\/\/photos.app.goo.gl\/argjD4WbSW3bB32UA\">2019_04_26<\/a>\u00a0 Wrota_Ch<\/span><\/td>\r\n<td><span style=\"font-size: 14px;\"><a href=\"https:\/\/photos.app.goo.gl\/Gc2b2J5U5K6dw8CE9\" target=\"_blank\" rel=\"noopener\">2019_07_25<\/a>\u00a0 Baraniec<\/span><\/td>\r\n<td>\u00a0<\/td>\r\n<\/tr>\r\n<tr>\r\n<td>\u00a0<\/td>\r\n<td>\u00a0<\/td>\r\n<td>\u00a0<\/td>\r\n<\/tr>\r\n<\/tbody>\r\n<\/table>\r\n<\/figure>\r\n\r\n\r\n\r\n<p><span style=\"font-size: 14px;\">M\u00f3j top of the tops : Gra\u0144 Wide\u0142 z \u0141omnicy<\/span><\/p>\r\n<p><img loading=\"lazy\" decoding=\"async\" class=\"alignnone size-medium\" src=\"https:\/\/lh3.googleusercontent.com\/pw\/AP1GczNaaaUQ2aVoC0MmgwVHdHr5Di0XhXoUhBGVRN6cimqpnCBu75FGFbMQPHvdHtZKS18_agJSpiKBjWS1UUapBHIA7g3aclEPvvJocT06hTJdD7EK5yy_PWyqDGrL3wPhwvOSyvD4DYGrDxpQXkZm3vxTIg=w1170-h878-s-no-gm?authuser=0\" width=\"1170\" height=\"878\" \/><\/p>\r\n","protected":false},"excerpt":{"rendered":"<p>B\u0142ogos\u0142awione niech b\u0119d\u0105 morza, g\u00f3ry wysokie i wielkie pustynie, albowiem one s\u0105 \u017ar\u00f3d\u0142em si\u0142y! &#8230;powiod\u0142em Polak\u00f3w w g\u00f3ry i nad morze, aby stali si\u0119 twardzi jak granit, a dusze mieli czyste i g\u0142\u0119bokie jak morze. Mariusz Zaruski\u00a0 \u00a0cz\u0142owiek g\u00f3r i morza Mo\u017ce nie za spraw\u0105 M. Zaruskiego ale dane mi by\u0142o posmakowa\u0107 i g\u00f3r wysokich i morza bezkresnego. Oczywi\u015bcie w wydaniu kompaktowym ale opinie genera\u0142a [&hellip;]<\/p>\n","protected":false},"author":1,"featured_media":714,"comment_status":"closed","ping_status":"closed","sticky":false,"template":"","format":"standard","meta":{"footnotes":""},"categories":[23],"tags":[],"class_list":["post-654","post","type-post","status-publish","format-standard","has-post-thumbnail","hentry","category-tatra"],"_links":{"self":[{"href":"https:\/\/go.ianna.pl\/index.php?rest_route=\/wp\/v2\/posts\/654","targetHints":{"allow":["GET"]}}],"collection":[{"href":"https:\/\/go.ianna.pl\/index.php?rest_route=\/wp\/v2\/posts"}],"about":[{"href":"https:\/\/go.ianna.pl\/index.php?rest_route=\/wp\/v2\/types\/post"}],"author":[{"embeddable":true,"href":"https:\/\/go.ianna.pl\/index.php?rest_route=\/wp\/v2\/users\/1"}],"replies":[{"embeddable":true,"href":"https:\/\/go.ianna.pl\/index.php?rest_route=%2Fwp%2Fv2%2Fcomments&post=654"}],"version-history":[{"count":34,"href":"https:\/\/go.ianna.pl\/index.php?rest_route=\/wp\/v2\/posts\/654\/revisions"}],"predecessor-version":[{"id":942,"href":"https:\/\/go.ianna.pl\/index.php?rest_route=\/wp\/v2\/posts\/654\/revisions\/942"}],"wp:featuredmedia":[{"embeddable":true,"href":"https:\/\/go.ianna.pl\/index.php?rest_route=\/wp\/v2\/media\/714"}],"wp:attachment":[{"href":"https:\/\/go.ianna.pl\/index.php?rest_route=%2Fwp%2Fv2%2Fmedia&parent=654"}],"wp:term":[{"taxonomy":"category","embeddable":true,"href":"https:\/\/go.ianna.pl\/index.php?rest_route=%2Fwp%2Fv2%2Fcategories&post=654"},{"taxonomy":"post_tag","embeddable":true,"href":"https:\/\/go.ianna.pl\/index.php?rest_route=%2Fwp%2Fv2%2Ftags&post=654"}],"curies":[{"name":"wp","href":"https:\/\/api.w.org\/{rel}","templated":true}]}}