{"id":696,"date":"2018-10-01T23:13:10","date_gmt":"2018-10-01T23:13:10","guid":{"rendered":"https:\/\/go.ianna.pl\/?p=696"},"modified":"2025-04-19T06:26:20","modified_gmt":"2025-04-19T06:26:20","slug":"sudety","status":"publish","type":"post","link":"https:\/\/go.ianna.pl\/?p=696","title":{"rendered":"Sudety 2016, 2018"},"content":{"rendered":"<p style=\"text-align: justify;\"><span style=\"font-size: 14px;\">Sudety &#8211; najwi\u0119kszy po Karpatach \u0142a\u0144cuch g\u00f3rski w po\u0142udniowej Polsce. Obejmuje r\u00f3wnie\u017c Czechy a niewielki fragment le\u017cy na terenie Niemiec. Dla Czech\u00f3w graniczna \u015anie\u017cka (1.603m) jest najwy\u017cszym szczytem w ich kraju. W wykazie top\u00f3w w Koronie G\u00f3r Polski 16 szczyt\u00f3w nale\u017cy w\u0142a\u015bnie do Sudet\u00f3w. Poniewa\u017c wcze\u015bniejsza wiedza o regionie ogranicza\u0142a si\u0119 do jakiej\u015b wizyty w Karpaczu, Szklarskiej\u00a0 i na \u015anie\u017cce to w 2016 to zestawienie przyj\u0105\u0142em do sudeckich eksploracji. I co? Oceniam wizyty jako ciekawe jak zawsze gdy zmagam si\u0119 z czym\u015b nowym. Ch\u0119tnie wr\u00f3c\u0119 w Karkonosze, Masyw \u015anie\u017cnika i kilku miejsc poza g\u00f3rami. A gdybym mieszka\u0142 bli\u017cej by\u0142bym nawet fanem &#8211; kto wie? Tak na marginesie w wykazie KGP (przyj\u0119ty w 1997r) s\u0105 co najmniej 4 nie\u015bcis\u0142o\u015bci. Wg najnowszych pomiar\u00f3w geodezyjnych gdzie indziej le\u017c\u0105\u00a0 najwy\u017csze szczyty paru pasm. Jakie by te ustalenia nie by\u0142y pi\u0119kno g\u00f3r jest niezmienne!<\/span><\/p>\r\n<p>&nbsp;<\/p>\r\n\r\n<figure class=\"wp-block-table is-style-stripes\">\r\n<table class=\"has-fixed-layout\" style=\"height: 331px;\" width=\"565\">\r\n<tbody>\r\n<tr>\r\n<td><span style=\"font-size: 14px;\"><a href=\"https:\/\/goo.gl\/photos\/jqcK8bNCJrPjghJf8\" target=\"_blank\" rel=\"noreferrer noopener\">2016_04_30<\/a>\u00a0 Skopiec<\/span><\/td>\r\n<td><span style=\"font-size: 14px;\"><a href=\"https:\/\/goo.gl\/photos\/BYktnzmkB1oeFPuUA\" target=\"_blank\" rel=\"noreferrer noopener\">2016_04_30<\/a>\u00a0 \u015al\u0119\u017ca<\/span><\/td>\r\n<td><span style=\"font-size: 14px;\"><a href=\"https:\/\/goo.gl\/photos\/A6cUwZaUoaRL6grK9\" target=\"_blank\" rel=\"noreferrer noopener\">2016_05_01<\/a>\u00a0 Izery<\/span><\/td>\r\n<\/tr>\r\n<tr>\r\n<td><span style=\"font-size: 14px;\"><a href=\"https:\/\/goo.gl\/photos\/ikdsoH8UBmfEXCji9\" target=\"_blank\" rel=\"noopener\">2016_04_30<\/a>\u00a0 \u015awierad\u00f3w<\/span><\/td>\r\n<td><span style=\"font-size: 14px;\"><a href=\"https:\/\/photos.app.goo.gl\/nXdBusCkMvgwaozr8\" target=\"_blank\" rel=\"noopener\">2016_05_03<\/a>\u00a0 Walig\u00f3ra<\/span><\/td>\r\n<td><span style=\"font-size: 14px;\"><a href=\"https:\/\/photos.app.goo.gl\/nXdBusCkMvgwaozr8\" target=\"_blank\" rel=\"noopener\">2016_05_03<\/a>\u00a0 Walig\u00f3ra<\/span><\/td>\r\n<\/tr>\r\n<tr>\r\n<td><span style=\"font-size: 14px;\"><a href=\"https:\/\/goo.gl\/photos\/dKumCLpKp7zbEKUb7\" target=\"_blank\" rel=\"noopener\">2016_06_26<\/a>\u00a0 Prudnik<\/span><\/td>\r\n<td><span style=\"font-size: 14px;\"><a href=\"https:\/\/goo.gl\/photos\/aVd3tMeVPBK5t2VT9\" target=\"_blank\" rel=\"noopener\">2016_06_26<\/a>\u00a0 Biskupia_K<\/span><\/td>\r\n<td><span style=\"font-size: 14px;\"><a href=\"https:\/\/goo.gl\/photos\/Js39C2rJMGPb2BNJ7\" target=\"_blank\" rel=\"noopener\">2016_06_26<\/a>\u00a0 Miedzyg\u00f3rze<\/span><\/td>\r\n<\/tr>\r\n<tr>\r\n<td><span style=\"font-size: 14px;\"><a href=\"https:\/\/goo.gl\/photos\/KGm3mXzHMBZVN61W9\" target=\"_blank\" rel=\"noopener\">2016_06_27<\/a>\u00a0 \u015anie\u017cnik<\/span><\/td>\r\n<td><span style=\"font-size: 14px;\"><a href=\"https:\/\/goo.gl\/photos\/BuNfxRCBV86CHE5P8\" target=\"_blank\" rel=\"noopener\">2016_06_27<\/a>\u00a0 Jagodna<\/span><\/td>\r\n<td><span style=\"font-size: 14px;\"><a href=\"https:\/\/goo.gl\/photos\/4ZnNXRvVW35J8LYN9\" target=\"_blank\" rel=\"noopener\">2016_06_27<\/a> Orlica<\/span><\/td>\r\n<\/tr>\r\n<tr>\r\n<td><span style=\"font-size: 14px;\"><a href=\"https:\/\/goo.gl\/photos\/v2igWAEjcBHqiBRp7\" target=\"_blank\" rel=\"noopener\">2016_06_26<\/a>\u00a0 Rudawiec Kowad\u0142o<\/span><\/td>\r\n<td><span style=\"font-size: 14px;\"><a href=\"https:\/\/goo.gl\/photos\/4muibV1J4CPxzPCz6\" target=\"_blank\" rel=\"noopener\">2016_06_28<\/a>\u00a0 Szczeliniec<\/span><\/td>\r\n<td><span style=\"font-size: 14px;\"><a href=\"https:\/\/goo.gl\/photos\/8T4GLvcCW3F6QkHz7\" target=\"_blank\" rel=\"noopener\">2016_06_28<\/a>\u00a0 W_Sowa<\/span><\/td>\r\n<\/tr>\r\n<tr>\r\n<td><span style=\"font-size: 14px;\"><a href=\"https:\/\/goo.gl\/photos\/LXfp2nAU1Fr9iEhP9\" target=\"_blank\" rel=\"noopener\">2016_06_28<\/a> K\u0142odzka_G<\/span><\/td>\r\n<td><span style=\"font-size: 14px;\"><a href=\"https:\/\/goo.gl\/photos\/k6VhkqkxNuFTf7q6A\" target=\"_blank\" rel=\"noopener\">2016_09_24<\/a>\u00a0 Szrenica<\/span><\/td>\r\n<td><span style=\"font-size: 14px;\"><a href=\"https:\/\/goo.gl\/photos\/c3aidKEBTgqvsemY6\" target=\"_blank\" rel=\"noopener\">2016_09_23<\/a>\u00a0 Che\u0142miec_S_S\u00a0<\/span><\/td>\r\n<\/tr>\r\n<tr>\r\n<td><span style=\"font-size: 14px;\"><a href=\"https:\/\/goo.gl\/photos\/2GjZNL3YHRkkf3Fi9\" target=\"_blank\" rel=\"noopener\">2016_09_25<\/a>\u00a0 \u015anie\u017cka<\/span><\/td>\r\n<td>\u00a0<\/td>\r\n<td><span style=\"font-size: 14px;\"><a href=\"https:\/\/photos.app.goo.gl\/GHVBbPJniiZtw5DB9\" target=\"_blank\" rel=\"noopener\">2018_09_27<\/a>\u00a0 \u015anie\u017cka<\/span><\/td>\r\n<\/tr>\r\n<tr>\r\n<td><span style=\"font-size: 14px;\"><a href=\"https:\/\/photos.app.goo.gl\/Q4PxWVnCGKeW7Yjh7\" target=\"_blank\" rel=\"noopener\">2018_09_28<\/a> Karkonosze<\/span><\/td>\r\n<td><span style=\"font-size: 14px;\"><a href=\"https:\/\/photos.app.goo.gl\/osgSSfhhhQDd76BM6\" target=\"_blank\" rel=\"noopener\">2018_09_30<\/a>\u00a0 Jelenia_G<\/span><\/td>\r\n<td><span style=\"font-size: 14px;\"><a href=\"https:\/\/photos.app.goo.gl\/ZfAd91LiXiM276Vb6\" target=\"_blank\" rel=\"noopener\">2018_09_30<\/a>\u00a0 Kolorowe_J<\/span><\/td>\r\n<\/tr>\r\n<\/tbody>\r\n<\/table>\r\n<\/figure>\r\n<p><img loading=\"lazy\" decoding=\"async\" class=\"alignnone size-medium\" src=\"https:\/\/lh3.googleusercontent.com\/pw\/AP1GczO0bMY3NhU788s3jRa1_lqMhhkceGDptoqCnNB1AAOQk0QqHeecdK0dloy2rDkXR0GIZVe_E8CY_omh6PpvYu5x3fD79fFk7_vkvNAZdhUxeJrMLGmq9grlkIF_rB43AKCEXTODAFDWDYKhi883iTGuhA=w1369-h913-s-no-gm?authuser=0\" width=\"1369\" height=\"913\" \/><\/p>\r\n<p>&nbsp;<\/p>\r\n<p><img loading=\"lazy\" decoding=\"async\" class=\"alignnone size-medium\" src=\"https:\/\/lh3.googleusercontent.com\/pw\/AP1GczNQw_Fhe-WxPR2vrRiFhjoOHQxbowPUJNMnSk1J8lVh1Qdpv0PtPpig_sZi-3ntIqZJWOB-GAvH7wg1K6GdHc3qt_xp9B6WLArjh1y-g2-nhIR5jMhz93FQRSnjmUWaQ6Z-wVaKc5Q24TVV9AmwvPfhog=w1369-h913-s-no-gm?authuser=0\" width=\"1369\" height=\"913\" \/><\/p>\r\n<p><img loading=\"lazy\" decoding=\"async\" class=\"alignnone size-medium\" src=\"https:\/\/lh3.googleusercontent.com\/pw\/AP1GczMX1CUoVUzti4CUDfdmxWgueThlO4bn-9JhP2oCetqtagt2E3kId-83XuUrkPH_Gc8hOT05VmiNNP70ZL6z7l0X83NVhxrFuFS90oX6STXC9xDio0bCcBRDF3VhIhkQkpxsDU9tRccbERnVUjucwRfc8Q=w1231-h923-s-no-gm?authuser=0\" width=\"1231\" height=\"923\" \/><\/p>\r\n<p><img loading=\"lazy\" decoding=\"async\" class=\"alignnone size-medium\" src=\"https:\/\/lh3.googleusercontent.com\/pw\/AP1GczPJQPQGsufZRTqTnXKkiXrhs2iNscyTRITm2UFp_QZA1wnH57fuxMHbL4Hk8RrepJdUNgXSBuACsQWjwNGCKH7XXFFddWE73Bny-0TSTghSC8071FIN2tIrqnDW51i5kMhOQ6Q3Bz25wbvXs1IwW7mjqw=w1383-h923-s-no-gm?authuser=0\" width=\"1383\" height=\"923\" \/><\/p>\r\n<p><img loading=\"lazy\" decoding=\"async\" class=\"alignnone size-medium\" src=\"https:\/\/lh3.googleusercontent.com\/pw\/AP1GczOxUdAXREcYUQbxpycVXfXIiE7dZy39tLJS1kIbMB4ouIz09zdqNqqmnXZRDA5WeY0u53BilO15Q2ksqt2RJ7uYVAv_6W01mHZDWUHiNHqahOpsuJu_5eNUYPxhXJgKypr9Q8oUcl7RRihkTv-f3wHYeQ=w1216-h913-s-no-gm?authuser=0\" width=\"1216\" height=\"913\" \/><\/p>\r\n","protected":false},"excerpt":{"rendered":"<p>Sudety &#8211; najwi\u0119kszy po Karpatach \u0142a\u0144cuch g\u00f3rski w po\u0142udniowej Polsce. Obejmuje r\u00f3wnie\u017c Czechy a niewielki fragment le\u017cy na terenie Niemiec. Dla Czech\u00f3w graniczna \u015anie\u017cka (1.603m) jest najwy\u017cszym szczytem w ich kraju. W wykazie top\u00f3w w Koronie G\u00f3r Polski 16 szczyt\u00f3w nale\u017cy w\u0142a\u015bnie do Sudet\u00f3w. Poniewa\u017c wcze\u015bniejsza wiedza o regionie ogranicza\u0142a si\u0119 do jakiej\u015b wizyty w Karpaczu, Szklarskiej\u00a0 i na \u015anie\u017cce to w 2016 to zestawienie [&hellip;]<\/p>\n","protected":false},"author":1,"featured_media":710,"comment_status":"closed","ping_status":"closed","sticky":false,"template":"","format":"standard","meta":{"footnotes":""},"categories":[24],"tags":[],"class_list":["post-696","post","type-post","status-publish","format-standard","has-post-thumbnail","hentry","category-sud"],"_links":{"self":[{"href":"https:\/\/go.ianna.pl\/index.php?rest_route=\/wp\/v2\/posts\/696","targetHints":{"allow":["GET"]}}],"collection":[{"href":"https:\/\/go.ianna.pl\/index.php?rest_route=\/wp\/v2\/posts"}],"about":[{"href":"https:\/\/go.ianna.pl\/index.php?rest_route=\/wp\/v2\/types\/post"}],"author":[{"embeddable":true,"href":"https:\/\/go.ianna.pl\/index.php?rest_route=\/wp\/v2\/users\/1"}],"replies":[{"embeddable":true,"href":"https:\/\/go.ianna.pl\/index.php?rest_route=%2Fwp%2Fv2%2Fcomments&post=696"}],"version-history":[{"count":20,"href":"https:\/\/go.ianna.pl\/index.php?rest_route=\/wp\/v2\/posts\/696\/revisions"}],"predecessor-version":[{"id":1282,"href":"https:\/\/go.ianna.pl\/index.php?rest_route=\/wp\/v2\/posts\/696\/revisions\/1282"}],"wp:featuredmedia":[{"embeddable":true,"href":"https:\/\/go.ianna.pl\/index.php?rest_route=\/wp\/v2\/media\/710"}],"wp:attachment":[{"href":"https:\/\/go.ianna.pl\/index.php?rest_route=%2Fwp%2Fv2%2Fmedia&parent=696"}],"wp:term":[{"taxonomy":"category","embeddable":true,"href":"https:\/\/go.ianna.pl\/index.php?rest_route=%2Fwp%2Fv2%2Fcategories&post=696"},{"taxonomy":"post_tag","embeddable":true,"href":"https:\/\/go.ianna.pl\/index.php?rest_route=%2Fwp%2Fv2%2Ftags&post=696"}],"curies":[{"name":"wp","href":"https:\/\/api.w.org\/{rel}","templated":true}]}}