{"id":716,"date":"2017-08-27T18:43:06","date_gmt":"2017-08-27T18:43:06","guid":{"rendered":"https:\/\/go.ianna.pl\/?p=716"},"modified":"2025-10-07T18:55:06","modified_gmt":"2025-10-07T18:55:06","slug":"morze","status":"publish","type":"post","link":"https:\/\/go.ianna.pl\/?p=716","title":{"rendered":"Morza zew"},"content":{"rendered":"<p style=\"text-align: justify;\"><span style=\"font-size: 14px;\"><em>&#8222;Kto nie widzia\u0142 takiej nocy, nie ogl\u0105da\u0142 z bliska \u2013 ale to tak zupe\u0142nie z bliska, jak tylko mo\u017cna z pok\u0142adu\u00a0 ma\u0142ego jachtu ogl\u0105da\u0107 \u2013 rozp\u0119dzonych g\u00f3r wodnych, nie s\u0142ysza\u0142 w huku spadaj\u0105cych grzebieni g\u0142osu \u017cywio\u0142owej mocy, wobec kt\u00f3rej cz\u0142owiek czuje si\u0119 tym, czym jest w istocie \u2013 male\u0144k\u0105 kruszyn\u0105 piasku, rzucan\u0105 z jednej fali bytu na drug\u0105; kto nie s\u0142ysza\u0142 szelestu zamykaj\u0105cych si\u0119 za ruf\u0105 strug wodnych, \u015bpiewaj\u0105cych swoj\u0105 pie\u015b\u0144 o wieczno\u015bci, ten zaiste w harfie swego \u017cycia jedn\u0105 strun\u0119 mia\u0142 niem\u0105, a akord jego niepe\u0142ny.&#8221;<\/em><\/span><\/p>\r\n<p style=\"text-align: right;\"><strong><span style=\"font-size: 14px;\">Mariusz Zaruski\u00a0<\/span><\/strong><\/p>\r\n<hr \/>\r\n<p><em><span style=\"font-size: 14px;\">Zawisza Czarny\u00a0<\/span><\/em><span style=\"font-size: 14px;\"> 2013, przywitanie wiosny \ud83d\ude42\u00a0<\/span><\/p>\r\n<p><img loading=\"lazy\" decoding=\"async\" class=\"alignnone \" src=\"https:\/\/lh3.googleusercontent.com\/pw\/AP1GczNb_hWVIEe_TjJuM92UAozbBcwD3uWqxEBabCWSPM4YIlhoXkkIcMUo3enVXSFGX0rgmuyx6rAT8YLOXLqfRdMLcg7BZC70NaezzgHwN_JyfK3Bx52ba_UeBK0a_UFF2oGigfNoiYnGBS2heC7kHZQ6pg=w1383-h923-s-no-gm?authuser=0\" width=\"996\" height=\"665\" \/><\/p>\r\n<p style=\"text-align: justify;\"><span style=\"font-size: 14px;\">Cho\u0107 w wi\u0119kszo\u015bci by\u0142y to rejsy lekkie i przyjemne to jednak kilka razy zdarzy\u0142o si\u0119 ogl\u0105da\u0107 gro\u017ane oblicze morza i poczu\u0107 swoj\u0105 nik\u0142o\u015b\u0107 w obliczu \u017cywio\u0142u. Wi\u0119c mo\u017ce moja harfa \u017cycia pe\u0142niejsza? Morze i g\u00f3ry wysokie maj\u0105 wsp\u00f3ln\u0105 warto\u015b\u0107 &#8211; przestrze\u0144. Ta przestrze\u0144 daje poczucie wolno\u015bci i dystansu do codzienno\u015bci. Pozwala poczu\u0107, \u017ce jako ta kruszynka piasku we wszech\u015bwiecie\u00a0 mamy w nim swoje miejsce.<\/span><span style=\"font-size: 14px;\">\u00a0<\/span><em style=\"font-size: 14px;\">Navigare\u00a0necesse\u00a0est<\/em><span style=\"font-size: 14px;\">\u00a0a mnie zawsze ciekawi\u0142o co jest za horyzontem.<\/span><\/p>\r\n<p style=\"text-align: justify;\"><span style=\"font-size: 14px;\">Ledwo 7 sezon\u00f3w morskich woja\u017cy, smak\u00f3w odwiedzanych port\u00f3w i miast. Niewiele bo zew od morza przyszed\u0142 do\u015b\u0107\u00a0 p\u00f3\u017ano ale pod ka\u017cdym wzgl\u0119dem do\u015bwiadczenie pozytywne. Podr\u00f3\u017ce kszta\u0142c\u0105: rozbudzona ciekawo\u015b\u0107 poszerza horyzonty.\u00a0 Mo\u017ce jeszcze kiedy\u015b?\u00a0<\/span><\/p>\r\n<p><span style=\"font-size: 14px;\"><strong>Jachtowy Sternik Morski PZ\u017b<\/strong>\u00a0 \u00a0 \u00a0 \u00a0 \u00a0 \u00a0 \u00a0 \u00a0 \u00a0 1.400h pod \u017caglami i na silniku, 6.400 mil, 88 dni na pok\u0142adzie\u00a0<\/span><\/p>\r\n\r\n<figure class=\"wp-block-table is-style-stripes\">\r\n<table class=\"has-fixed-layout\" style=\"height: 286px;\" width=\"811\">\r\n<tbody>\r\n<tr>\r\n<td><span style=\"font-size: 14px;\"><a href=\"https:\/\/goo.gl\/photos\/mcAFQnT9JgK9FHqSA\" target=\"_blank\" rel=\"noreferrer noopener\">1981 09<\/a>\u00a0 \u00a0Trzebie\u017c &#8211; Trzebie\u017c<\/span><\/td>\r\n<td>\u00a0<\/td>\r\n<\/tr>\r\n<tr>\r\n<td><span style=\"font-size: 14px;\"><a href=\"https:\/\/goo.gl\/photos\/HJb7oR42uVyB3mTr9\" target=\"_blank\" rel=\"noreferrer noopener\">2009_07<\/a>\u00a0 Zatoka Gda\u0144ska<\/span><\/td>\r\n<td><span style=\"font-size: 14px;\"><a href=\"https:\/\/goo.gl\/photos\/2bhN7JDTeDB3D41L9\" target=\"_blank\" rel=\"noreferrer noopener\">2010_05<\/a>\u00a0 Turku &#8211; Nyneshamn<\/span><\/td>\r\n<\/tr>\r\n<tr>\r\n<td><span style=\"font-size: 14px;\"><a href=\"https:\/\/goo.gl\/photos\/Dw82jpmhACL6jwNK6\" target=\"_blank\" rel=\"noopener\">2010_05<\/a>\u00a0 Nyneshamn Gdynia<\/span><\/td>\r\n<td><span style=\"font-size: 14px;\"><a href=\"https:\/\/goo.gl\/photos\/JUxRFcSCUz6yhZLa9\" target=\"_blank\" rel=\"noopener\">2011_04<\/a>\u00a0 \u00a0Las Palmas &#8211; Agadir<\/span><\/td>\r\n<\/tr>\r\n<tr>\r\n<td><span style=\"font-size: 14px;\"><a href=\"https:\/\/goo.gl\/photos\/8MpQC8boXzTHKqsY7\" target=\"_blank\" rel=\"noopener\">2011_08<\/a>\u00a0 Amsterdam &#8211; Londyn<\/span><\/td>\r\n<td><span style=\"font-size: 14px;\"><a href=\"https:\/\/goo.gl\/photos\/aysyfJoZK5bChuVv6\" target=\"_blank\" rel=\"noopener\">2011_09<\/a>\u00a0 \u00a0\u015awinouj\u015bcie &#8211; Kopenhaga &#8211; \u015awinouj\u015bcie<\/span><\/td>\r\n<\/tr>\r\n<tr>\r\n<td><span style=\"font-size: 14px;\"><a href=\"https:\/\/goo.gl\/photos\/RhGxnxFff2RKEBtP7\" target=\"_blank\" rel=\"noopener\">2012_05<\/a>\u00a0 Chorwacja<\/span><\/td>\r\n<td><span style=\"font-size: 14px;\"><a href=\"https:\/\/goo.gl\/photos\/u1g9fcoeXEcqZMNY7\" target=\"_blank\" rel=\"noopener\">2012_10<\/a>\u00a0 \u00a0Gibraltar &#8211; Malta<\/span><\/td>\r\n<\/tr>\r\n<tr>\r\n<td><span style=\"font-size: 14px;\"><a href=\"https:\/\/goo.gl\/photos\/6y2MSxFvufSzFTMd6\" target=\"_blank\" rel=\"noopener\">2013_03<\/a>\u00a0 Gdynia &#8211; Karlskrona &#8211; Gdynia<\/span><\/td>\r\n<td><span style=\"font-size: 14px;\"><a href=\"https:\/\/goo.gl\/photos\/ePS1B9Kjxts69der8\" target=\"_blank\" rel=\"noopener\">2013_07<\/a>\u00a0 Faro &#8211; Lizbona<\/span><\/td>\r\n<\/tr>\r\n<tr>\r\n<td><span style=\"font-size: 14px;\"><a href=\"https:\/\/goo.gl\/photos\/PMxMmSUaDPyiPeQW9\" target=\"_blank\" rel=\"noopener\">2014_07<\/a>\u00a0 Lysefjord #1\u00a0 \u00a0\u00a0<a href=\"https:\/\/goo.gl\/photos\/84WHL5jHWYP2iU3D6\" target=\"_blank\" rel=\"noopener\">2014_07<\/a>\u00a0 Lysefjord #2<\/span><\/td>\r\n<td><span style=\"font-size: 14px;\"><a href=\"https:\/\/goo.gl\/photos\/UFsq1eZUkJKM4QDp9\" target=\"_blank\" rel=\"noopener\">2017_08<\/a>\u00a0 Edynburg &#8211; Dublin\u00a0<\/span><\/td>\r\n<\/tr>\r\n<\/tbody>\r\n<\/table>\r\n<\/figure>\r\n<p><img loading=\"lazy\" decoding=\"async\" class=\"alignnone size-medium\" src=\"https:\/\/lh3.googleusercontent.com\/pw\/AP1GczPhWr8ShmJRDQPd7V3Ds4VroxDzFcY5-5ImKS7DQaSK3owZkzUj8cm6u8URCk7WZdF9nXz9IBWiR_zgKLQfUdco9MGUIMFdjU5x_-b_FtkMeoT-RReLmwnlwFlnw69brH0C48Qz8KqKi91SXbQPeIMr=w1334-h890-s-no-gm?authuser=0\" width=\"1334\" height=\"890\" \/><\/p>\r\n<p><img loading=\"lazy\" decoding=\"async\" class=\" alignright\" src=\"https:\/\/lh3.googleusercontent.com\/pw\/AP1GczNRIqM8RjQwkbfni2kss8Fz_DOs211VH8sEbR4Dh223KmTTyM5Qq0YUqqmWG3kz8ajfhXYe9zlr4g0tTPb5M08Cdl_-wZOiTiWhfP4F2Bg95Av6XjdcdAsJwgXnLdqGVlMOw6UDi9ndcU4q2F7KsV5s=w593-h890-s-no-gm?authuser=0\" width=\"300\" height=\"451\" \/><\/p>\r\n<p><a href=\"https:\/\/docs.google.com\/spreadsheets\/d\/1TJWm8UnYLM6DuqGXLaF1PNbUfpoj8ZgEZmxT4JpNxa4\/edit?usp=sharing\"><span style=\"font-size: 14px;\">More<\/span><\/a><\/p>\r\n<p style=\"text-align: right;\"><span style=\"font-size: 14px;\"><em>Jam Session<\/em> 2010<\/span><\/p>\r\n<p>&nbsp;<\/p>\r\n<p>&nbsp;<\/p>\r\n<p><em><span style=\"font-size: 14px;\">Zew Morza<\/span><\/em>\u00a0 <span style=\"font-size: 14px;\">1981<\/span><\/p>\r\n<p><img loading=\"lazy\" decoding=\"async\" class=\" alignleft\" src=\"https:\/\/lh3.googleusercontent.com\/pw\/AP1GczOYMucP7UpAekAXKVkh-toF8CnS8hRi7_SxjsV5A6HwN6Aaj-5vciudfgJJ2LLZqaiuUyezyzhJjgECa9bqhKAxxD47wi6vq5sXfRWMhoNrFzogOIDY3qs4TTt1MCeCrpQ5fQjU2WwPsMp4nWCy5zYb=w600-h400-s-no-gm?authuser=0\" width=\"349\" height=\"232\" \/><\/p>\r\n<p>&nbsp;<\/p>\r\n<p>&nbsp;<\/p>","protected":false},"excerpt":{"rendered":"<p>&#8222;Kto nie widzia\u0142 takiej nocy, nie ogl\u0105da\u0142 z bliska \u2013 ale to tak zupe\u0142nie z bliska, jak tylko mo\u017cna z pok\u0142adu\u00a0 ma\u0142ego jachtu ogl\u0105da\u0107 \u2013 rozp\u0119dzonych g\u00f3r wodnych, nie s\u0142ysza\u0142 w huku spadaj\u0105cych grzebieni g\u0142osu \u017cywio\u0142owej mocy, wobec kt\u00f3rej cz\u0142owiek czuje si\u0119 tym, czym jest w istocie \u2013 male\u0144k\u0105 kruszyn\u0105 piasku, rzucan\u0105 z jednej fali bytu na drug\u0105; kto nie s\u0142ysza\u0142 szelestu zamykaj\u0105cych si\u0119 za [&hellip;]<\/p>\n","protected":false},"author":1,"featured_media":734,"comment_status":"closed","ping_status":"closed","sticky":false,"template":"","format":"standard","meta":{"footnotes":""},"categories":[25],"tags":[],"class_list":["post-716","post","type-post","status-publish","format-standard","has-post-thumbnail","hentry","category-mare"],"_links":{"self":[{"href":"https:\/\/go.ianna.pl\/index.php?rest_route=\/wp\/v2\/posts\/716","targetHints":{"allow":["GET"]}}],"collection":[{"href":"https:\/\/go.ianna.pl\/index.php?rest_route=\/wp\/v2\/posts"}],"about":[{"href":"https:\/\/go.ianna.pl\/index.php?rest_route=\/wp\/v2\/types\/post"}],"author":[{"embeddable":true,"href":"https:\/\/go.ianna.pl\/index.php?rest_route=\/wp\/v2\/users\/1"}],"replies":[{"embeddable":true,"href":"https:\/\/go.ianna.pl\/index.php?rest_route=%2Fwp%2Fv2%2Fcomments&post=716"}],"version-history":[{"count":25,"href":"https:\/\/go.ianna.pl\/index.php?rest_route=\/wp\/v2\/posts\/716\/revisions"}],"predecessor-version":[{"id":2139,"href":"https:\/\/go.ianna.pl\/index.php?rest_route=\/wp\/v2\/posts\/716\/revisions\/2139"}],"wp:featuredmedia":[{"embeddable":true,"href":"https:\/\/go.ianna.pl\/index.php?rest_route=\/wp\/v2\/media\/734"}],"wp:attachment":[{"href":"https:\/\/go.ianna.pl\/index.php?rest_route=%2Fwp%2Fv2%2Fmedia&parent=716"}],"wp:term":[{"taxonomy":"category","embeddable":true,"href":"https:\/\/go.ianna.pl\/index.php?rest_route=%2Fwp%2Fv2%2Fcategories&post=716"},{"taxonomy":"post_tag","embeddable":true,"href":"https:\/\/go.ianna.pl\/index.php?rest_route=%2Fwp%2Fv2%2Ftags&post=716"}],"curies":[{"name":"wp","href":"https:\/\/api.w.org\/{rel}","templated":true}]}}