{"id":772,"date":"2024-12-01T12:58:46","date_gmt":"2024-12-01T12:58:46","guid":{"rendered":"https:\/\/go.ianna.pl\/?p=772"},"modified":"2025-03-18T07:07:29","modified_gmt":"2025-03-18T07:07:29","slug":"maciejowa-rabka","status":"publish","type":"post","link":"https:\/\/go.ianna.pl\/?p=772","title":{"rendered":"Maciejowa, Rabka"},"content":{"rendered":"<p><span style=\"font-size: 14px;\">Rabka &#8211; Jasion\u00f3w &#8211; Maciejowa &#8211; Rabka,\u00a0 \u00a0 hike: 6,5km \/ +350m \/ 2h30<span style=\"font-family: arial, helvetica, sans-serif;\"><a href=\"https:\/\/photos.app.goo.gl\/d6d7SFjjvprVexWS7\" target=\"_blank\" rel=\"noopener\"><img loading=\"lazy\" decoding=\"async\" class=\"wp-image-70 alignright\" src=\"http:\/\/go.ianna.pl\/wp-content\/uploads\/2024\/08\/foto.jpg\" alt=\"\" width=\"50\" height=\"37\" \/><\/a><\/span><\/span><\/p>\n<p><span style=\"font-size: 14px;\">Prze\u0142\u0105czenie si\u0119 w tryb zimowy. Widoki z bac\u00f3wki na Maciejowej bezcenne. Dobre miejsce!<\/span><\/p>\n<p><img loading=\"lazy\" decoding=\"async\" class=\"alignnone size-medium\" src=\"https:\/\/lh3.googleusercontent.com\/pw\/AP1GczNuoes5jsrjsjMfNI7z8qGxV5UnkBxijd3OGBSQxd0NBpxl1eAf-4P0vX81ppocjsIh0lx7TWe1f4Fl_0sdkrg1iYQSB9sVSMKdRXEEkXcSaSvDDtf7bRGwhpuLDPyyOdJlUHBYPrNmMNzMPZKU9iF_=w1000-h657-s-no-gm?authuser=1\" width=\"1000\" height=\"657\" \/><\/p>\n<p><img loading=\"lazy\" decoding=\"async\" class=\"alignnone size-medium\" src=\"https:\/\/lh3.googleusercontent.com\/pw\/AP1GczMWd6JRqoFkTOJLwe6Qk4SlmowcPARpmGhndYhFJqOktU8mMgTsKo1mnGtbdC_1OxY_oKo2lTRPHuZHa-_vVtW4JJ3eaBaKFBfZ23DDKX90zUraB8LCGmi7YpgcPh5n_zlA0zeSeFVSg_4AWFlmIPWT=w1000-h750-s-no-gm?authuser=1\" width=\"1000\" height=\"750\" \/><\/p>\n<p><img loading=\"lazy\" decoding=\"async\" class=\"alignnone size-medium\" src=\"https:\/\/lh3.googleusercontent.com\/pw\/AP1GczOB-VJkyz8F7RsjHn0wFnvrVDTXLj7chhKVQLbTdfB_UWIvYOn4WQ5MbSn3aGB_YETbgKYxyhhxBlmfb9KdXpQkxe6YIktcmOoZEmyyybCSKLnK7aMNZIGr3KqHKJnn7B0ott0SS4UdYmyqgPxBdkMu=w1000-h750-s-no-gm?authuser=1\" width=\"1000\" height=\"750\" \/><\/p>\n<p><a href=\"https:\/\/lh3.googleusercontent.com\/pw\/AP1GczM7sOcMOUMw-EpeXbB7Z10C3CwMbPERqNvbrKaop4S0C7c80fWO-BIwPiqL-sOVSHzD1ZnpPP8_xxWLvJ4a48GMwlUbtYQP1ksRtwEpuf_1PFQa3jrvkmAv07glqxC3NW1xsL40ABKWdQ0U6P20BRgX=w1000-h750-s-no-gm?authuser=0\"><img loading=\"lazy\" decoding=\"async\" class=\"alignnone\" src=\"https:\/\/lh3.googleusercontent.com\/pw\/AP1GczM7sOcMOUMw-EpeXbB7Z10C3CwMbPERqNvbrKaop4S0C7c80fWO-BIwPiqL-sOVSHzD1ZnpPP8_xxWLvJ4a48GMwlUbtYQP1ksRtwEpuf_1PFQa3jrvkmAv07glqxC3NW1xsL40ABKWdQ0U6P20BRgX=w1000-h750-s-no-gm?authuser=0\" width=\"382\" height=\"287\" \/><\/a><a href=\"https:\/\/lh3.googleusercontent.com\/pw\/AP1GczPTNQk9C_GYuWdRSWmqtBLM1rjwALupMQR7SkKchypyfwZ_XkAGt7YLMeW_aNx5UiF8ar_h8RDpBTIPMIgxthkozkVZzV65f2tMREzTzutK7SuRFXkWhb9tYtBMyZwtrxdwnTHIE8aokown-Y970H6o=w1161-h849-s-no-gm?authuser=0\"><img loading=\"lazy\" decoding=\"async\" class=\"alignnone\" src=\"https:\/\/lh3.googleusercontent.com\/pw\/AP1GczPTNQk9C_GYuWdRSWmqtBLM1rjwALupMQR7SkKchypyfwZ_XkAGt7YLMeW_aNx5UiF8ar_h8RDpBTIPMIgxthkozkVZzV65f2tMREzTzutK7SuRFXkWhb9tYtBMyZwtrxdwnTHIE8aokown-Y970H6o=w1161-h849-s-no-gm?authuser=0\" width=\"393\" height=\"287\" \/><\/a><\/p>\n<p>&nbsp;<\/p>\n<hr \/>\n<p><strong><span style=\"font-size: 14px;\">Rabka &#8211; Zdr\u00f3j<\/span><\/strong><\/p>\n<p style=\"text-align: justify;\"><span style=\"font-size: 14px;\">W dniu 1 czerwca 1996 roku,\u00a0 podczas I \u015awiatowego Zlotu Kawaler\u00f3w Orderu U\u015bmiechu, Rabka-Zdr\u00f3j otrzyma\u0142a tytu\u0142 \u201eMiasto Dzieci \u015awiata\u201d. W 2004 roku powsta\u0142 pomnik \u015bw. Miko\u0142aja. Na co dzie\u0144 mieszka w fi\u0144skim Rovaniemi ale z ca\u0142\u0105 pewno\u015bci\u0105\u00a0 w okresie bo\u017conarodzeniowym bywa w Rabce. No i pewnie st\u0105d pomnik \ud83d\ude42<\/span><\/p>\n<p><img loading=\"lazy\" decoding=\"async\" class=\"alignnone size-medium\" src=\"https:\/\/lh3.googleusercontent.com\/pw\/AP1GczNZHPLguDx3TzsuCWm84aKhXoVjP3N3n9T4Dz_Dx7ggaRrLcAyOFGC9UW24kq4nfS9LH7MVzltdfrQgAodj08UOtIDj0_5C4WotAX34CbpPcRzMMmdz452VgCIEbxTkD_5YHBd3UYCacD82G8wru0zy=w1000-h750-s-no-gm?authuser=1\" width=\"1000\" height=\"750\" \/><\/p>\n<p><span style=\"font-size: 14px;\">Teatr Lalek Rabcio. Pierwsze przedstawienie odby\u0142o si\u0119 w 1949 roku. Od stycznia 2020 r. teatr mie\u015bci si\u0119 w nowej siedzibie.<\/span><\/p>\n<p><img loading=\"lazy\" decoding=\"async\" class=\"alignleft\" src=\"https:\/\/lh3.googleusercontent.com\/pw\/AP1GczMvmvljP75aiF_7WpyvGIUZxsg_qxcGRyZTGj6HvehRjTMY7UMfRU4mj4kusgzZIm27JEn518-WkeC76YfP2YCoI0YaXCUh4G3YbWore_3Qhs8Yrs49Vry2iAhH3UFv2qgRxOnstmTBOdAoEEuycOlu=w1000-h750-s-no-gm?authuser=1\" width=\"357\" height=\"268\" \/><\/p>\n<p><img loading=\"lazy\" decoding=\"async\" class=\" alignright\" src=\"https:\/\/lh3.googleusercontent.com\/pw\/AP1GczNuF-gGqUYL1W23LmnSf20OF_MgEeetlGFbptxwWTJoc-S8m0-rrO4ZuoMxgJtHf3kfXnKxVgDTJJ6YgXwdQWQhTRVwwoG0hOj_tYArLlEmM53JRQ5z9YNFO2Zmu4OQHjabH2mCCkNjJMCB14HUyAgI=w1000-h659-s-no-gm?authuser=1\" width=\"407\" height=\"268\" \/><\/p>\n<p>&nbsp;<\/p>\n<p>&nbsp;<\/p>\n<p>&nbsp;<\/p>\n<p>&nbsp;<\/p>\n<p>&nbsp;<\/p>\n<p>&nbsp;<\/p>\n<p>&nbsp;<\/p>\n<p>&nbsp;<\/p>\n<p style=\"text-align: justify;\"><span style=\"font-size: 14px;\">Muzeum Regionalne im W\u0142adys\u0142awa Orkana w najwa\u017cniejszym zabytku Rabki. To modrzewiowy by\u0142y ko\u015bci\u00f3\u0142 p.w. Marii Magdaleny wybudowany w 1606 r. Muzeum z ciekaw\u0105 ekspozycja funkcjonuje od 1936 r.<\/span><\/p>\n<p><img loading=\"lazy\" decoding=\"async\" class=\"alignleft\" src=\"https:\/\/lh3.googleusercontent.com\/pw\/AP1GczPMdNkwpKxBOJKkn7Q2fVFDficuoVwJSe-g5DcsWJy-5n2Hi1io7CnCi47W0wF4NdDYY8o2T-ZVLV25aCITB3mQySXh3zGQKXdvNBWGpPrQj5C7hUtalvanaYvel2uPSI76MY1E15a07cAxFfGZyhDY=w1000-h750-s-no-gm?authuser=1\" width=\"544\" height=\"408\" \/><\/p>\n<p>&nbsp;<\/p>\n<p>&nbsp;<\/p>\n<p>&nbsp;<\/p>\n<p style=\"text-align: right;\"><span style=\"font-size: 14px; text-align: right;\">Rabka 2022_01_02<\/span><\/p>\n<p><a href=\"https:\/\/photos.app.goo.gl\/fnRTjj2XBJwhyn1D9\" target=\"_blank\" rel=\"noopener\"><img loading=\"lazy\" decoding=\"async\" class=\"wp-image-70 alignright\" src=\"http:\/\/go.ianna.pl\/wp-content\/uploads\/2024\/08\/foto.jpg\" alt=\"\" width=\"50\" height=\"37\" \/><\/a><\/p>\n<p>&nbsp;<\/p>\n<p>&nbsp;<\/p>\n<p>&nbsp;<\/p>\n<p>&nbsp;<\/p>\n<p>&nbsp;<\/p>\n<p>&nbsp;<\/p>\n<p>&nbsp;<\/p>\n<p>&nbsp;<\/p>\n<p>&nbsp;<\/p>\n<p>&nbsp;<\/p>\n<p>&nbsp;<\/p>\n","protected":false},"excerpt":{"rendered":"<p>Rabka &#8211; Jasion\u00f3w &#8211; Maciejowa &#8211; Rabka,\u00a0 \u00a0 hike: 6,5km \/ +350m \/ 2h30 Prze\u0142\u0105czenie si\u0119 w tryb zimowy. Widoki z bac\u00f3wki na Maciejowej bezcenne. Dobre miejsce! &nbsp; Rabka &#8211; Zdr\u00f3j W dniu 1 czerwca 1996 roku,\u00a0 podczas I \u015awiatowego Zlotu Kawaler\u00f3w Orderu U\u015bmiechu, Rabka-Zdr\u00f3j otrzyma\u0142a tytu\u0142 \u201eMiasto Dzieci \u015awiata\u201d. W 2004 roku powsta\u0142 pomnik \u015bw. Miko\u0142aja. Na co dzie\u0144 mieszka w fi\u0144skim Rovaniemi ale [&hellip;]<\/p>\n","protected":false},"author":1,"featured_media":82,"comment_status":"closed","ping_status":"closed","sticky":false,"template":"","format":"standard","meta":{"footnotes":""},"categories":[17],"tags":[16],"class_list":["post-772","post","type-post","status-publish","format-standard","has-post-thumbnail","hentry","category-kar","tag-go"],"_links":{"self":[{"href":"https:\/\/go.ianna.pl\/index.php?rest_route=\/wp\/v2\/posts\/772","targetHints":{"allow":["GET"]}}],"collection":[{"href":"https:\/\/go.ianna.pl\/index.php?rest_route=\/wp\/v2\/posts"}],"about":[{"href":"https:\/\/go.ianna.pl\/index.php?rest_route=\/wp\/v2\/types\/post"}],"author":[{"embeddable":true,"href":"https:\/\/go.ianna.pl\/index.php?rest_route=\/wp\/v2\/users\/1"}],"replies":[{"embeddable":true,"href":"https:\/\/go.ianna.pl\/index.php?rest_route=%2Fwp%2Fv2%2Fcomments&post=772"}],"version-history":[{"count":17,"href":"https:\/\/go.ianna.pl\/index.php?rest_route=\/wp\/v2\/posts\/772\/revisions"}],"predecessor-version":[{"id":1081,"href":"https:\/\/go.ianna.pl\/index.php?rest_route=\/wp\/v2\/posts\/772\/revisions\/1081"}],"wp:featuredmedia":[{"embeddable":true,"href":"https:\/\/go.ianna.pl\/index.php?rest_route=\/wp\/v2\/media\/82"}],"wp:attachment":[{"href":"https:\/\/go.ianna.pl\/index.php?rest_route=%2Fwp%2Fv2%2Fmedia&parent=772"}],"wp:term":[{"taxonomy":"category","embeddable":true,"href":"https:\/\/go.ianna.pl\/index.php?rest_route=%2Fwp%2Fv2%2Fcategories&post=772"},{"taxonomy":"post_tag","embeddable":true,"href":"https:\/\/go.ianna.pl\/index.php?rest_route=%2Fwp%2Fv2%2Ftags&post=772"}],"curies":[{"name":"wp","href":"https:\/\/api.w.org\/{rel}","templated":true}]}}