{"id":81,"date":"2024-09-23T16:24:29","date_gmt":"2024-09-23T16:24:29","guid":{"rendered":"https:\/\/go.ianna.pl\/?p=81"},"modified":"2025-03-18T07:18:27","modified_gmt":"2025-03-18T07:18:27","slug":"kudlon","status":"publish","type":"post","link":"https:\/\/go.ianna.pl\/?p=81","title":{"rendered":"Kud\u0142o\u0144"},"content":{"rendered":"<p><span style=\"font-size: 14px;\">Polana Trusi\u00f3wka, Prze\u0142. Borek, Pustak, Kud\u0142o\u0144, Gorc Troszacki, Polana Adam\u00f3wka.\u00a0 \u00a0 Hike: 17km \/ +700m \/ 4h50<span style=\"font-family: arial, helvetica, sans-serif; font-size: 16px;\"><a href=\"https:\/\/photos.app.goo.gl\/Zra2avzEnbFBkhNE7\" target=\"_blank\" rel=\"noopener\"><img loading=\"lazy\" decoding=\"async\" class=\"wp-image-70 alignright\" src=\"http:\/\/go.ianna.pl\/wp-content\/uploads\/2024\/08\/foto.jpg\" alt=\"\" width=\"50\" height=\"37\" \/><\/a><\/span><\/span><\/p>\n<p>&nbsp;<\/p>\n<p><span style=\"font-size: 14px;\">Pierwszy dzie\u0144 jesieni &#8217;24 w Gorcach\u00a0<\/span><\/p>\n<p><img loading=\"lazy\" decoding=\"async\" class=\"alignnone size-medium\" src=\"https:\/\/lh3.googleusercontent.com\/pw\/AP1GczOq2bLxArvKEAMgsWEhMlykzfUkHB2PpuyNC4R_K9Vs1rV_gxVVmOuLrdd-xGnDJslt0Bm-iWjF8P89aF9Qg3s_Kat7TnjqVqJaN3bHCfkcQbUY7IA2RIrmv2O4vQYkJiZ17iYRytqFCP-pgahhBvOk=w1000-h743-s-no-gm?authuser=1\" width=\"1000\" height=\"743\" \/><\/p>\n<p><img loading=\"lazy\" decoding=\"async\" class=\"alignnone size-medium\" src=\"https:\/\/lh3.googleusercontent.com\/pw\/AP1GczNJbw87E8ScopQO_D1vDyh3Kmp9dTry5dpE7goN-X0roTUe9Etw2r-Ulpbn1KZuvl8NuEpJp1y65OfsipCkM-ntwoUh3yOUseUDzhRcXXAbsZJiJjVU2nAJqsdVUGQjhMEWlaoplD8yl1khMBE3-hg4=w1000-h750-s-no-gm?authuser=1\" width=\"1000\" height=\"750\" \/><\/p>\n<p><img loading=\"lazy\" decoding=\"async\" class=\"alignnone size-medium\" src=\"https:\/\/lh3.googleusercontent.com\/pw\/AP1GczOnmLq_ybhHBipCGCpoo8ALmjgCJzGNzMzGaQfZtBo2M0gXWSintIQSV2-i3BEiratD6tgKUxZRBhX1HHt5Zrg_Xi79facYXjvWsOqYqj4YFTHP7KaiCsdKMiOsNXpk3394V_v8ZBBHia9Xdk7NzmuE=w1000-h750-s-no-gm?authuser=1\" width=\"1000\" height=\"750\" \/><\/p>\n<p><span style=\"font-size: 14px;\">Po lewej Polana Jaworzyna Kamienicka, na prawo Polana Wzorcowa i wy\u017cej Schronisko Turbacz. Zupe\u0142nie po prawej Mostownica i Czo\u0142o Turbacza.<\/span><\/p>\n<p><img loading=\"lazy\" decoding=\"async\" class=\"alignnone size-medium\" src=\"https:\/\/lh3.googleusercontent.com\/pw\/AP1GczMUIR-1-VIJqFtV5fysDwQOij8q33OfwpT6GOfnaLm6MzZnDqyv-n-Tk-OOfUCoMhUjEfV91sgLtOutOFhYkU8I4p290-VuX7Muc6_7nJbQuTNYfWwrPV518uQzFA_KwlKqzwjcZsdf8J0pQ5bIfL3P=w1000-h635-s-no-gm?authuser=1\" width=\"1000\" height=\"635\" \/><\/p>\n<p><span style=\"font-size: 14px;\">Polana Adam\u00f3wka<\/span><\/p>\n<p><img loading=\"lazy\" decoding=\"async\" class=\"alignnone size-medium\" src=\"https:\/\/lh3.googleusercontent.com\/pw\/AP1GczPPH_AuCy-i7ZAT62Z2OO6AlTg_wcmm7926XuaDWo1728SseRnmmTbuZhWhLO34LypF-Fgvuj99E5m2GC6o3F6Tq3-pHzaA_aFkdxPy8osSZijYHzMzDKGFydEX9fG-vX0yAAIctai9g7FHuMaMJHU4=w1000-h616-s-no-gm?authuser=1\" width=\"1000\" height=\"616\" \/><\/p>\n<p><img loading=\"lazy\" decoding=\"async\" class=\"alignnone size-medium\" src=\"https:\/\/lh3.googleusercontent.com\/pw\/AP1GczMjYUBo8G7hzPldDD96m6cnqnuGRpcek7b8YlAQ4NvkiOQRdUd_9eFNrtv-66FtF-SCC4pmaSby9i_1iGHi-_Mxjhp88Hcya_A2xkBQpiSJ_GrkBObakd7yTY96B3ooPkyIPCLTyexr3fx9gtZOuLuT=w1000-h529-s-no-gm?authuser=1\" width=\"1000\" height=\"529\" \/><\/p>\n<p style=\"text-align: justify;\"><span style=\"font-size: 14px;\">PS:\u00a0 stacja narciarska Ski-Lubomierz na sprzeda\u017c! Ju\u017c w sezonie\u00a0 2023-&#8217;24 by\u0142a zamkni\u0119ta. Przy obecnych zimach to pewnie na zawsze. Pozostanie w studenckich wspomnieniach.<\/span><\/p>\n<p>&nbsp;<\/p>\n<p>&nbsp;<\/p>\n","protected":false},"excerpt":{"rendered":"<p>Polana Trusi\u00f3wka, Prze\u0142. Borek, Pustak, Kud\u0142o\u0144, Gorc Troszacki, Polana Adam\u00f3wka.\u00a0 \u00a0 Hike: 17km \/ +700m \/ 4h50 &nbsp; Pierwszy dzie\u0144 jesieni &#8217;24 w Gorcach\u00a0 Po lewej Polana Jaworzyna Kamienicka, na prawo Polana Wzorcowa i wy\u017cej Schronisko Turbacz. Zupe\u0142nie po prawej Mostownica i Czo\u0142o Turbacza. Polana Adam\u00f3wka PS:\u00a0 stacja narciarska Ski-Lubomierz na sprzeda\u017c! Ju\u017c w sezonie\u00a0 2023-&#8217;24 by\u0142a zamkni\u0119ta. Przy obecnych zimach to pewnie na zawsze. [&hellip;]<\/p>\n","protected":false},"author":1,"featured_media":82,"comment_status":"closed","ping_status":"closed","sticky":false,"template":"","format":"standard","meta":{"footnotes":""},"categories":[17],"tags":[16],"class_list":["post-81","post","type-post","status-publish","format-standard","has-post-thumbnail","hentry","category-kar","tag-go"],"_links":{"self":[{"href":"https:\/\/go.ianna.pl\/index.php?rest_route=\/wp\/v2\/posts\/81","targetHints":{"allow":["GET"]}}],"collection":[{"href":"https:\/\/go.ianna.pl\/index.php?rest_route=\/wp\/v2\/posts"}],"about":[{"href":"https:\/\/go.ianna.pl\/index.php?rest_route=\/wp\/v2\/types\/post"}],"author":[{"embeddable":true,"href":"https:\/\/go.ianna.pl\/index.php?rest_route=\/wp\/v2\/users\/1"}],"replies":[{"embeddable":true,"href":"https:\/\/go.ianna.pl\/index.php?rest_route=%2Fwp%2Fv2%2Fcomments&post=81"}],"version-history":[{"count":9,"href":"https:\/\/go.ianna.pl\/index.php?rest_route=\/wp\/v2\/posts\/81\/revisions"}],"predecessor-version":[{"id":1082,"href":"https:\/\/go.ianna.pl\/index.php?rest_route=\/wp\/v2\/posts\/81\/revisions\/1082"}],"wp:featuredmedia":[{"embeddable":true,"href":"https:\/\/go.ianna.pl\/index.php?rest_route=\/wp\/v2\/media\/82"}],"wp:attachment":[{"href":"https:\/\/go.ianna.pl\/index.php?rest_route=%2Fwp%2Fv2%2Fmedia&parent=81"}],"wp:term":[{"taxonomy":"category","embeddable":true,"href":"https:\/\/go.ianna.pl\/index.php?rest_route=%2Fwp%2Fv2%2Fcategories&post=81"},{"taxonomy":"post_tag","embeddable":true,"href":"https:\/\/go.ianna.pl\/index.php?rest_route=%2Fwp%2Fv2%2Ftags&post=81"}],"curies":[{"name":"wp","href":"https:\/\/api.w.org\/{rel}","templated":true}]}}