{"id":811,"date":"2024-12-15T22:10:45","date_gmt":"2024-12-15T22:10:45","guid":{"rendered":"https:\/\/go.ianna.pl\/?p=811"},"modified":"2025-06-10T11:46:44","modified_gmt":"2025-06-10T11:46:44","slug":"beskidzki-szlak-mocy","status":"publish","type":"post","link":"https:\/\/go.ianna.pl\/?p=811","title":{"rendered":"Beskidzki Szlak Mocy"},"content":{"rendered":"<p><span style=\"font-size: 14px;\"><span style=\"font-family: arial, helvetica, sans-serif;\"><a href=\"https:\/\/photos.app.goo.gl\/oxfBJFiAEKxBucUw7\" target=\"_blank\" rel=\"noopener\"><img loading=\"lazy\" decoding=\"async\" class=\"wp-image-70 alignright\" src=\"http:\/\/go.ianna.pl\/wp-content\/uploads\/2024\/08\/foto.jpg\" alt=\"\" width=\"50\" height=\"37\" \/><\/a><\/span><\/span><\/p>\n<p style=\"text-align: justify;\"><span style=\"font-size: 14px;\"><strong>2024_12_12-15<\/strong>\u00a0 Rycerka G\u00f3rna Kolonia, <strong>Wielka Racza<\/strong>, Przegibek, Wielka <strong>Rycerzowa<\/strong>, Svitkova, Panski Kopec, \u00da\u0161ust, Javorina, Glinka, Krawc\u00f3w Wierch, Prze\u0142. Glinka.\u00a0 \u00a0Trek: 50km \/ +2.500m \/ 20h.\u00a0<em> \u00a0<\/em><em>Adwentowe Beskidy\u00a0<\/em> z\u00a0 <a href=\"https:\/\/www.apter.pl\/\" target=\"_blank\" rel=\"noopener\">APTER<\/a>\u00a0<\/span><\/p>\n<p style=\"text-align: justify;\"><em><span style=\"font-size: 14px;\">Karpackie Strefy Mocy, to lokalizacje charakteryzuj\u0105ce si\u0119 specyficznymi w\u0142a\u015bciwo\u015bciami energetycznymi, generowanymi w miejscach stykania si\u0119 pasm g\u00f3rskich, kt\u00f3rych potencja\u0142 zwi\u0105zany jest prawdopodobnie z geomagnetyzmem ziemi. W tego typu miejscach odnotowano przypadki utraty orientacji i d\u0142ugotrwa\u0142ego kluczenia w terenie. W gwarze zjawisko to okre\u015blano mianem wodzynio (b\u0142\u0105dzenia), kt\u00f3re w skrajnych przypadkach ko\u0144czy\u0142o si\u0119 \u015bmierci\u0105 spowodowan\u0105 na og\u00f3\u0142 wyzi\u0119bieniem lub wycie\u0144czeniem organizmu. Z czasem w niebezpiecznym terenie fundowano kapliczki oraz krzy\u017ce, co mia\u0142o wyp\u0142yn\u0105\u0107 na neutralizacj\u0119 niebezpiecze\u0144stw a jednocze\u015bnie ho\u0142dowa\u0142o tragicznie zmar\u0142ym. Miejsca te postrzegane by\u0142y r\u00f3wnie\u017c przez miejscow\u0105 ludno\u015b\u0107\u00a0 jako obszary pe\u0142ne tajemnic, magicznych konotacji, gdzie cz\u0142owiek mo\u017ce do\u015bwiadczy\u0107 niezbadanej energii. Budzi\u0142y groz\u0119 i postrzegane by\u0142y przez pryzmat niebezpiecze\u0144stw i tajemniczo\u015bci.<\/span>\u00a0 \u00a0 \u00a0<\/em><span style=\"font-size: 12px;\"> \u00a0\/ z netu<\/span><\/p>\n<p style=\"text-align: justify;\"><span style=\"font-size: 14px;\">Za takie miejsce dla mieszka\u0144c\u00f3w Ujso\u0142 od zawsze uchodzi\u0142 szczyt Oszus (lub Oszast, s\u0142ow. \u00da\u0161ust = oszust). G\u00f3ra opisywana by\u0142o jako miejsce zwodnicze o mrocznym charakterze. Dobry pomys\u0142 na wycieczk\u0119? Znakomity, tym bardziej, \u017ce ju\u017c w scenerii zimowej. A moc? Musisz j\u0105 mie\u0107 w sobie by pokona\u0107 strome zbocza Svitkova, Oszasta czy Jaworzyny Ujsolskiej \ud83d\ude42<\/span><\/p>\n<p><span style=\"font-size: 14px;\">Wielka Racza<\/span><\/p>\n<p><img loading=\"lazy\" decoding=\"async\" class=\"alignnone size-medium\" src=\"https:\/\/lh3.googleusercontent.com\/pw\/AP1GczM5bTuHtBfCjHrk7qjd4JcGSfMs1MeAXbCp-5FlE0i7GgO1GPj8WGIRfkx6PabfHgUPFiRUTMcD6VEeMhnLdeJsqWqdGzXSaMxhqXmZ-hsz2xLnUYk32IxeA_0FK1BPA3EGvcrWy0615Oh_luzGz_a0=w1000-h750-s-no-gm?authuser=0\" width=\"1000\" height=\"750\" \/> <span style=\"font-size: 14px;\">Przed Przegibkiem<img loading=\"lazy\" decoding=\"async\" class=\" alignright\" src=\"https:\/\/lh3.googleusercontent.com\/pw\/AP1GczPCp6JSyOIEh7VTwrz8Z-C9zSvQis3rz7FXy1EY-e3yzr84f7JBqoq36T72rBYKT2TEalUKV64me6HHhKFRBdr-qh8oBcxA1vry_LTNMoqzOJ6Vk72FHSIloHOevod2Kyv_rzuuDVFwAYmVG9Z_VcVB=w692-h923-s-no-gm?authuser=0\" width=\"331\" height=\"442\" \/><\/span><\/p>\n<p><img loading=\"lazy\" decoding=\"async\" class=\"alignleft\" src=\"https:\/\/lh3.googleusercontent.com\/pw\/AP1GczPpS8sk2oUYsoCVE_5l46TgXXCTfk2z_axIBbEdapWulT3H_5C_sUxtWibl5eBFNeagTWZQSULVtNMcP3qAlOB5Pq6YeoLIdOWXjkH4U8_1DXMPOW2da2TLnvAcKQDlQJyPjicoSUatPgcwFb8-Fuo4=w1000-h627-s-no-gm?authuser=0\" width=\"401\" height=\"251\" \/><\/p>\n<p>&nbsp;<\/p>\n<p>&nbsp;<\/p>\n<p>&nbsp;<\/p>\n<p>&nbsp;<\/p>\n<p>&nbsp;<\/p>\n<p>&nbsp;<\/p>\n<p>&nbsp;<\/p>\n<p>&nbsp;<\/p>\n<p style=\"text-align: right;\"><span style=\"font-size: 14px;\">Wielka Rycerzowa<\/span><\/p>\n<p>&nbsp;<\/p>\n<p><img loading=\"lazy\" decoding=\"async\" class=\"alignleft\" src=\"https:\/\/lh3.googleusercontent.com\/pw\/AP1GczMXM7knW9rYrZl8o4q2d4smZ6_UHI3E-fnNkaUjinhUEQUHamCzfRp7GzUguidkLYpr4GpFdDtEjSVtKyA3d_T9ugImDd8XLaCd2T93EAxL3MN8nKeVojxGX8OI8eTmQ-8ZlMOMcZDnWQG0CdJwg2w5=w1000-h750-s-no-gm?authuser=0\" width=\"400\" height=\"300\" \/><\/p>\n<p>&nbsp;<\/p>\n<p>&nbsp;<\/p>\n<p><img loading=\"lazy\" decoding=\"async\" class=\" alignright\" src=\"https:\/\/lh3.googleusercontent.com\/pw\/AP1GczPQkyj0JWJ0fZ3gADQu1MtrhI4BjB4TlP6ruJGX43oa-uL6jQ1XAmFrsxlNBHRVbdt6P7d5XtI1Cvlg3R5pGKzqbJpGadbJz-Q7UVEJiHE3m1jj9QOteh7QNCYsMuKBuBFVAlptReRAU0TK99uKRzyD=w1000-h750-s-no-gm?authuser=0\" width=\"327\" height=\"245\" \/><\/p>\n<p>&nbsp;<\/p>\n<p>&nbsp;<\/p>\n<p>&nbsp;<\/p>\n<p>&nbsp;<\/p>\n<p>&nbsp;<\/p>\n<p>&nbsp;<\/p>\n<p>&nbsp;<\/p>\n<p><span style=\"font-size: 14px;\">Wzmo\u017cenie mocy w ekipie.<\/span><\/p>\n<p><img loading=\"lazy\" decoding=\"async\" class=\"alignnone size-medium\" src=\"https:\/\/lh3.googleusercontent.com\/pw\/AP1GczPVXdIR9KSJolFQvIxdlY8wm1h8-KVj3qJ3-cU89urYW1KM-NJBg9gC3_mcF7aTAnfg-lFfJTepBs6K0AIXhOFvhDlL7kXvzYzi6rYwhDJA6P2gUaOBlUO4P_8KrZP9EZRyZ4RYWsKqq2Q-xkEBAdAR=w1000-h654-s-no-gm?authuser=0\" width=\"1000\" height=\"654\" \/><\/p>\n<p>&nbsp;<\/p>\n<p><img loading=\"lazy\" decoding=\"async\" class=\"alignnone size-medium\" src=\"https:\/\/lh3.googleusercontent.com\/pw\/AP1GczOnNVDZ1uVNnVQM1g2z6Mbs1AQSv-Ba9UeVxu1xaD-AvYDHVP7Eqbp6gD-kRyE2zY01EaSd9bbkqIMm72i4-1MSCmUmGALsezqw0bdHtrn84x8IzzkkA-BRxrzD1rMxzfmZDB-q42UfTEy3ZcKbSL1_=w1054-h622-s-no-gm?authuser=1\" width=\"1054\" height=\"622\" \/><\/p>\n<p>&nbsp;<\/p>\n<p>&nbsp;<\/p>\n<p>&nbsp;<\/p>\n<p>&nbsp;<\/p>\n<p>&nbsp;<\/p>\n<p>&nbsp;<\/p>\n","protected":false},"excerpt":{"rendered":"<p>2024_12_12-15\u00a0 Rycerka G\u00f3rna Kolonia, Wielka Racza, Przegibek, Wielka Rycerzowa, Svitkova, Panski Kopec, \u00da\u0161ust, Javorina, Glinka, Krawc\u00f3w Wierch, Prze\u0142. Glinka.\u00a0 \u00a0Trek: 50km \/ +2.500m \/ 20h.\u00a0 \u00a0Adwentowe Beskidy\u00a0 z\u00a0 APTER\u00a0 Karpackie Strefy Mocy, to lokalizacje charakteryzuj\u0105ce si\u0119 specyficznymi w\u0142a\u015bciwo\u015bciami energetycznymi, generowanymi w miejscach stykania si\u0119 pasm g\u00f3rskich, kt\u00f3rych potencja\u0142 zwi\u0105zany jest prawdopodobnie z geomagnetyzmem ziemi. W tego typu miejscach odnotowano przypadki utraty orientacji i d\u0142ugotrwa\u0142ego kluczenia [&hellip;]<\/p>\n","protected":false},"author":1,"featured_media":68,"comment_status":"closed","ping_status":"closed","sticky":false,"template":"","format":"standard","meta":{"footnotes":""},"categories":[17],"tags":[14],"class_list":["post-811","post","type-post","status-publish","format-standard","has-post-thumbnail","hentry","category-kar","tag-bz"],"_links":{"self":[{"href":"https:\/\/go.ianna.pl\/index.php?rest_route=\/wp\/v2\/posts\/811","targetHints":{"allow":["GET"]}}],"collection":[{"href":"https:\/\/go.ianna.pl\/index.php?rest_route=\/wp\/v2\/posts"}],"about":[{"href":"https:\/\/go.ianna.pl\/index.php?rest_route=\/wp\/v2\/types\/post"}],"author":[{"embeddable":true,"href":"https:\/\/go.ianna.pl\/index.php?rest_route=\/wp\/v2\/users\/1"}],"replies":[{"embeddable":true,"href":"https:\/\/go.ianna.pl\/index.php?rest_route=%2Fwp%2Fv2%2Fcomments&post=811"}],"version-history":[{"count":22,"href":"https:\/\/go.ianna.pl\/index.php?rest_route=\/wp\/v2\/posts\/811\/revisions"}],"predecessor-version":[{"id":1597,"href":"https:\/\/go.ianna.pl\/index.php?rest_route=\/wp\/v2\/posts\/811\/revisions\/1597"}],"wp:featuredmedia":[{"embeddable":true,"href":"https:\/\/go.ianna.pl\/index.php?rest_route=\/wp\/v2\/media\/68"}],"wp:attachment":[{"href":"https:\/\/go.ianna.pl\/index.php?rest_route=%2Fwp%2Fv2%2Fmedia&parent=811"}],"wp:term":[{"taxonomy":"category","embeddable":true,"href":"https:\/\/go.ianna.pl\/index.php?rest_route=%2Fwp%2Fv2%2Fcategories&post=811"},{"taxonomy":"post_tag","embeddable":true,"href":"https:\/\/go.ianna.pl\/index.php?rest_route=%2Fwp%2Fv2%2Ftags&post=811"}],"curies":[{"name":"wp","href":"https:\/\/api.w.org\/{rel}","templated":true}]}}